{"id":2493,"date":"2014-09-06T01:28:00","date_gmt":"2014-09-06T01:28:00","guid":{"rendered":"http:\/\/formalprision.info\/2014\/09\/06\/auditorio-del-tsjy-lleva-el-nombre\/"},"modified":"2015-06-03T08:35:32","modified_gmt":"2015-06-03T08:35:32","slug":"auditorio-del-tsjy-lleva-el-nombre","status":"publish","type":"post","link":"https:\/\/formalprision.com\/?p=2493","title":{"rendered":"Auditorio del TSJY lleva el nombre \u201cV\u00edctor Manuel Cervera Pacheco\u201d"},"content":{"rendered":"<div style=\"font-family: Noteworthy; font-size: 20px; font-weight: bold; line-height: 26px; -webkit-tap-highlight-color: rgba(26, 26, 26, 0.296875); -webkit-composition-fill-color: rgba(130, 98, 83, 0.0976563); -webkit-composition-frame-color: rgba(191, 107, 82, 0.496094); \">\n<div>M\u00e9rida, Yucat\u00e1n, 5 de septiembre de 2014.- El auditorio del Tribunal Superior de Justicia del Estado (TSJY) a partir del d\u00eda de hoy lleva el nombre del ex mandatario V\u00edctor Manuel Cervera Pacheco, con motivo del respeto y apoyo que demostr\u00f3 al Poder Judicial cuando estuvo al frente del Gobierno yucateco.<\/div>\n<div>El titular del Poder Ejecutivo, Rolando Zapata Bello, acompa\u00f1ado de la ministra de la Suprema Corte de Justicia de la Naci\u00f3n, Olga S\u00e1nchez Cordero de Garc\u00eda Villegas, devel\u00f3 la placa conmemorativa al nombramiento y declar\u00f3 inaugurada la IX Semana Jur\u00eddica y Cultural del Poder Judicial del Estado.<\/div>\n<div>Al dirigir un mensaje, el Gobernador reconoci\u00f3 la decisi\u00f3n de dar dicho nombre al recinto, ya que \u00e9ste se encuentra en un inmueble cuya construcci\u00f3n se realiz\u00f3 durante la administraci\u00f3n de Cervera Pacheco, a fin de impulsar la paz social y el Estado de Derecho con un estricto respeto y autonom\u00eda de los Poderes.<\/div>\n<div>\u201cTenemos un legado que seguir enriqueciendo y fortaleciendo en la entidad. Contamos con las bases que hombres como V\u00edctor Cervera construyeron para un desarrollo incluyente y duradero. Tenemos un Poder Judicial que todos los d\u00edas refrenda su compromiso con Yucat\u00e1n y los yucatecos\u201d, afirm\u00f3 Zapata Bello, ante la viuda del ex mandatario, Amira Hern\u00e1ndez Guerra, y sus hijos V\u00edctor, Pilar y Amira.<\/div>\n<div>Asimismo, destac\u00f3 que la jornada reci\u00e9n inaugurada es una iniciativa importante que acerca la labor judicial a la sociedad y fortalece las capacidades y herramientas del capital humano que garantiza la seguridad jur\u00eddica y los derechos en la entidad.<\/div>\n<div>En su intervenci\u00f3n, el presidente del TSJY, Marcos Celis Quintal, destac\u00f3 que el nombramiento del auditorio es para rendir homenaje a quien en vida sirvi\u00f3 a Yucat\u00e1n con honor y dedicaci\u00f3n como Gobernador, ya que su visi\u00f3n deton\u00f3 la concepci\u00f3n del magno edificio hace 13 a\u00f1os, donde la sociedad pueda dirimir sus diferencias en un ambiente de paz y legalidad.<\/div>\n<div>El magistrado tambi\u00e9n se\u00f1al\u00f3 que la realizaci\u00f3n de la IX Semana Jur\u00eddica y Cultural propone actividades de actualizaci\u00f3n, desarrollo humano y difusi\u00f3n cultural, con el objetivo de promover, difundir y fortalecer la cultura jur\u00eddica y los lazos entre el Poder Judicial, personal, comunidad jur\u00eddica y sociedad en general.<\/div>\n<div>Los eventos de la semana arrancaron con la develaci\u00f3n de la placa y la conferencia magistral \u201cFlorence Cassez: \u00bfun reto jurisdiccional o un parteaguas en la historia de los derechos humanos?\u201d, la cual fue impartida al t\u00e9rmino de la ceremonia de apertura por la ministra S\u00e1nchez Cordero.<\/div>\n<div>Otras de las actividades ser\u00e1n la presentaci\u00f3n del C\u00f3digo de Procedimientos Familiares del Estado de Yucat\u00e1n por servidores judiciales de Segunda Instancia, bajo la coordinaci\u00f3n del presidente de la Sala Colegiada Civil y Familiar, magistrado Jorge Rivero Evia.<\/div>\n<div>Asimismo, torneos deportivos y la premiaci\u00f3n de la 4\u00b0 Competencia Estatal Universitaria de Litigaci\u00f3n Oral en el Sistema Penal Acusatorio y Oral. Tambi\u00e9n incluye propuestas art\u00edsticas como una serenata con la actuaci\u00f3n de Maricarmen P\u00e9rez y el tr\u00edo Trovanova, adem\u00e1s de un concierto de la Banda Sinf\u00f3nica Juvenil de Yucat\u00e1n.<\/div>\n<div>Por su parte, la magistrada de la Sala Civil del TSJY, Mygdalia Rodr\u00edguez Arcovedo, explic\u00f3 que el Pleno del Tribunal determin\u00f3 el 18 de agosto pasado la develaci\u00f3n de la placa con el nombre de V\u00edctor Manuel Cervera Pacheco, ya que us\u00f3 sus facultades de gesti\u00f3n para construir la sede del Poder Judicial y dar mejores espacios a la impartici\u00f3n de justicia.<\/div>\n<div>La funcionaria tambi\u00e9n record\u00f3 la manera en que se fue planeando la construcci\u00f3n de dicho recinto como una obra monumental, que a trav\u00e9s de su proyecto arquitect\u00f3nico refleje la transparencia.<\/div>\n<div>Al evento asistieron el presidente de la Junta de Gobierno y Coordinaci\u00f3n Pol\u00edtica del Congreso local, Luis Hevia Jim\u00e9nez, y los magistrados del TSJY Jorge Rivero Evia, Ricardo \u00c1vila Heredia, Leticia Cob\u00e1 Maga\u00f1a y Santiago Altamirano Escalante.<\/p>\n<div class=\"separator\" style=\"clear: both;\"><a href=\"https:\/\/lh3.googleusercontent.com\/-pIoQqhVmhxY\/VApjMApMjlI\/AAAAAAAAjxw\/wHfYKxYf0Qw\/s640\/blogger-image-1019168963.jpg\" imageanchor=\"1\" style=\"margin-left: 1em; margin-right: 1em;\"><img decoding=\"async\" border=\"0\" src=\"https:\/\/lh3.googleusercontent.com\/-pIoQqhVmhxY\/VApjMApMjlI\/AAAAAAAAjxw\/wHfYKxYf0Qw\/s640\/blogger-image-1019168963.jpg\"><\/a><\/div>\n<\/div>\n<div><\/div>\n<\/div>\n<div style=\"font-family: Noteworthy; font-size: 20px; font-weight: bold; line-height: 26px; -webkit-tap-highlight-color: rgba(26, 26, 26, 0.296875); -webkit-composition-fill-color: rgba(130, 98, 83, 0.0976563); -webkit-composition-frame-color: rgba(191, 107, 82, 0.496094); \"><\/div>\n<div style=\"font-family: Noteworthy; font-size: 20px; font-weight: bold; line-height: 26px; -webkit-tap-highlight-color: rgba(26, 26, 26, 0.296875); -webkit-composition-fill-color: rgba(130, 98, 83, 0.0976563); -webkit-composition-frame-color: rgba(191, 107, 82, 0.496094); \">&nbsp;<\/div>\n","protected":false},"excerpt":{"rendered":"<p>M\u00e9rida, Yucat\u00e1n, 5 de septiembre de 2014.- El auditorio del Tribunal Superior de Justicia del Estado (TSJY) a partir del d\u00eda de hoy lleva el nombre del ex mandatario V\u00edctor<\/p>\n","protected":false},"author":1,"featured_media":15098,"comment_status":"open","ping_status":"open","sticky":false,"template":"","format":"standard","meta":{"jetpack_post_was_ever_published":false,"_jetpack_newsletter_access":"","_jetpack_dont_email_post_to_subs":false,"_jetpack_newsletter_tier_id":0,"_jetpack_memberships_contains_paywalled_content":false,"_jetpack_memberships_contains_paid_content":false,"footnotes":"","jetpack_publicize_message":"","jetpack_publicize_feature_enabled":true,"jetpack_social_post_already_shared":false,"jetpack_social_options":{"image_generator_settings":{"template":"highway","default_image_id":0,"font":"","enabled":false},"version":2}},"categories":[17,1],"tags":[],"class_list":["post-2493","post","type-post","status-publish","format-standard","has-post-thumbnail","hentry","category-politica-y-gobierno","category-sin-categoria"],"jetpack_publicize_connections":[],"jetpack_featured_media_url":"https:\/\/formalprision.com\/wp-content\/uploads\/2014\/09\/blogger-image-1019168963.jpg","jetpack_sharing_enabled":true,"jetpack_shortlink":"https:\/\/wp.me\/p6id8p-Ed","_links":{"self":[{"href":"https:\/\/formalprision.com\/index.php?rest_route=\/wp\/v2\/posts\/2493","targetHints":{"allow":["GET"]}}],"collection":[{"href":"https:\/\/formalprision.com\/index.php?rest_route=\/wp\/v2\/posts"}],"about":[{"href":"https:\/\/formalprision.com\/index.php?rest_route=\/wp\/v2\/types\/post"}],"author":[{"embeddable":true,"href":"https:\/\/formalprision.com\/index.php?rest_route=\/wp\/v2\/users\/1"}],"replies":[{"embeddable":true,"href":"https:\/\/formalprision.com\/index.php?rest_route=%2Fwp%2Fv2%2Fcomments&post=2493"}],"version-history":[{"count":0,"href":"https:\/\/formalprision.com\/index.php?rest_route=\/wp\/v2\/posts\/2493\/revisions"}],"wp:featuredmedia":[{"embeddable":true,"href":"https:\/\/formalprision.com\/index.php?rest_route=\/wp\/v2\/media\/15098"}],"wp:attachment":[{"href":"https:\/\/formalprision.com\/index.php?rest_route=%2Fwp%2Fv2%2Fmedia&parent=2493"}],"wp:term":[{"taxonomy":"category","embeddable":true,"href":"https:\/\/formalprision.com\/index.php?rest_route=%2Fwp%2Fv2%2Fcategories&post=2493"},{"taxonomy":"post_tag","embeddable":true,"href":"https:\/\/formalprision.com\/index.php?rest_route=%2Fwp%2Fv2%2Ftags&post=2493"}],"curies":[{"name":"wp","href":"https:\/\/api.w.org\/{rel}","templated":true}]}}