{"id":2494,"date":"2014-09-06T01:25:00","date_gmt":"2014-09-06T01:25:00","guid":{"rendered":"http:\/\/formalprision.info\/2014\/09\/06\/rolando-zapata-entrega-apoyos\/"},"modified":"2015-06-03T08:35:32","modified_gmt":"2015-06-03T08:35:32","slug":"rolando-zapata-entrega-apoyos","status":"publish","type":"post","link":"https:\/\/formalprision.com\/?p=2494","title":{"rendered":"Rolando Zapata entrega apoyos a productores por m\u00e1s de 20 millones de\npesos"},"content":{"rendered":"<div style=\"font-family: Noteworthy; font-size: 20px; font-weight: bold; line-height: 26px; -webkit-tap-highlight-color: rgba(26, 26, 26, 0.296875); -webkit-composition-fill-color: rgba(130, 98, 83, 0.0976563); -webkit-composition-frame-color: rgba(191, 107, 82, 0.496094); \">Tekax, Yucat\u00e1n, 5 de septiembre de 2014.- Como parte del compromiso que se tiene con la producci\u00f3n del campo, el Gobierno del Estado inform\u00f3 que de octubre de 2012 a la fecha se ha invertido m\u00e1s de 125.2 millones de pesos en el sector y se ha tecnificado m\u00e1s de 13 mil hect\u00e1reas de tierras del Cono Sur de la entidad.<\/div>\n<div style=\"font-family: Noteworthy; font-size: 20px; font-weight: bold; line-height: 26px; -webkit-tap-highlight-color: rgba(26, 26, 26, 0.296875); -webkit-composition-fill-color: rgba(130, 98, 83, 0.0976563); -webkit-composition-frame-color: rgba(191, 107, 82, 0.496094); \">De visita en el ejido San Felipe II de Tekax, el mandatario Rolando Zapata Bello otorg\u00f3 20 toneladas de semillas de sorgo a 322 trabajadores de 25 localidades del municipio mencionado y de Oxkutzcab.<\/div>\n<div style=\"font-family: Noteworthy; font-size: 20px; font-weight: bold; line-height: 26px; -webkit-tap-highlight-color: rgba(26, 26, 26, 0.296875); -webkit-composition-fill-color: rgba(130, 98, 83, 0.0976563); -webkit-composition-frame-color: rgba(191, 107, 82, 0.496094); \">En el evento subray\u00f3 la importancia de inyectar y hacer crecer la producci\u00f3n granelera del territorio, y asever\u00f3 que la venta est\u00e1 garantizada debido al alto consumo de ma\u00edz y sorgo en el estado.<\/div>\n<div style=\"font-family: Noteworthy; font-size: 20px; font-weight: bold; line-height: 26px; -webkit-tap-highlight-color: rgba(26, 26, 26, 0.296875); -webkit-composition-fill-color: rgba(130, 98, 83, 0.0976563); -webkit-composition-frame-color: rgba(191, 107, 82, 0.496094); \">\u00abCon el trabajo coordinado de los tres niveles de Gobierno son posibles mejores resultados y se concreta la llegada de los apoyos cuando la tierra y el ciclo de producci\u00f3n lo exigen. La parte m\u00e1s importante la ponen ustedes, el esfuerzo, el trabajo y la determinaci\u00f3n complementan el hecho de que nosotros les entreguemos los elementos para esa labor\u201d, asever\u00f3.<\/div>\n<div style=\"font-family: Noteworthy; font-size: 20px; font-weight: bold; line-height: 26px; -webkit-tap-highlight-color: rgba(26, 26, 26, 0.296875); -webkit-composition-fill-color: rgba(130, 98, 83, 0.0976563); -webkit-composition-frame-color: rgba(191, 107, 82, 0.496094); \">Zapata Bello indic\u00f3 que el otorgamiento de semillas de sorgo para el establecimiento de dos mil hect\u00e1reas de trabajo y el financiamiento para la tecnificaci\u00f3n de 90 son garant\u00eda de un inicio prometedor, respaldado por el Presidente Enrique Pe\u00f1a Nieto.<\/div>\n<div style=\"font-family: Noteworthy; font-size: 20px; font-weight: bold; line-height: 26px; -webkit-tap-highlight-color: rgba(26, 26, 26, 0.296875); -webkit-composition-fill-color: rgba(130, 98, 83, 0.0976563); -webkit-composition-frame-color: rgba(191, 107, 82, 0.496094); \">A dichas acciones se suman 11 notificaciones de autorizaci\u00f3n de proyectos para la adquisici\u00f3n de implementos agr\u00edcolas y tres del Programa de Rehabilitaci\u00f3n, Modernizaci\u00f3n, Tecnificaci\u00f3n y Equipamiento de Unidades de Riego, que junto con lo antes mencionado significan una inversi\u00f3n cercana a los 16 millones de pesos.<\/div>\n<div style=\"font-family: Noteworthy; font-size: 20px; font-weight: bold; line-height: 26px; -webkit-tap-highlight-color: rgba(26, 26, 26, 0.296875); -webkit-composition-fill-color: rgba(130, 98, 83, 0.0976563); -webkit-composition-frame-color: rgba(191, 107, 82, 0.496094); \">En su intervenci\u00f3n, el titular de la Secretar\u00eda de Desarrollo Rural (Seder), Felipe Cervera Hern\u00e1ndez, detall\u00f3 que con la dotaci\u00f3n de riego a 90 hect\u00e1reas de esa zona se apuntala una mejor producci\u00f3n de ma\u00edz &nbsp;y c\u00edtricos, lo que conlleva en espec\u00edfico una inyecci\u00f3n de m\u00e1s tres millones.<\/div>\n<div style=\"font-family: Noteworthy; font-size: 20px; font-weight: bold; line-height: 26px; -webkit-tap-highlight-color: rgba(26, 26, 26, 0.296875); -webkit-composition-fill-color: rgba(130, 98, 83, 0.0976563); -webkit-composition-frame-color: rgba(191, 107, 82, 0.496094); \">En cuanto a las notificaciones puntualiz\u00f3 que al otorgarlas se autorizan proyectos para la adquisici\u00f3n de nueve tractores, 26 implementos agr\u00edcolas y una bodega para 11 productores, lo que significa una inversi\u00f3n de m\u00e1s de 10 millones de pesos.<\/div>\n<div style=\"font-family: Noteworthy; font-size: 20px; font-weight: bold; line-height: 26px; -webkit-tap-highlight-color: rgba(26, 26, 26, 0.296875); -webkit-composition-fill-color: rgba(130, 98, 83, 0.0976563); -webkit-composition-frame-color: rgba(191, 107, 82, 0.496094); \">Asimismo, con el Programa de Rehabilitaci\u00f3n, Modernizaci\u00f3n, Tecnificaci\u00f3n y Equipamiento de Unidades de Riego se posibilita la instalaci\u00f3n de equipo de bombeo, subestaci\u00f3n y l\u00ednea el\u00e9ctrica, tren de descarga y l\u00ednea principal de conducci\u00f3n de agua, por el orden de los 923 mil 802 pesos.&nbsp;<\/div>\n<div style=\"font-family: Noteworthy; font-size: 20px; font-weight: bold; line-height: 26px; -webkit-tap-highlight-color: rgba(26, 26, 26, 0.296875); -webkit-composition-fill-color: rgba(130, 98, 83, 0.0976563); -webkit-composition-frame-color: rgba(191, 107, 82, 0.496094); \">Al hacer uso de la palabra, la alcaldesa anfitriona, Consuelo del Carmen Navarrete Navarro, expres\u00f3 en lengua maya que con voluntades conjuntas de los tres niveles de Gobierno, los habitantes ya pueden y continuar\u00e1n atestiguando los beneficios del fuerte apoyo para reavivar las tierras del Cono Sur de Yucat\u00e1n y los programas sociales seguir\u00e1n llegando a todos.<\/div>\n<div style=\"font-family: Noteworthy; font-size: 20px; font-weight: bold; line-height: 26px; -webkit-tap-highlight-color: rgba(26, 26, 26, 0.296875); -webkit-composition-fill-color: rgba(130, 98, 83, 0.0976563); -webkit-composition-frame-color: rgba(191, 107, 82, 0.496094); \">Posteriormente en el municipio de Mama, acompa\u00f1ado de funcionarios estatales y legisladores, el mandatario encabez\u00f3 la entrega de 8.8 toneladas de semillas de frijol jamapa a mil 776 trabajadores del campo con una inversi\u00f3n de 335 mil 200 pesos.<\/div>\n<div style=\"font-family: Noteworthy; font-size: 20px; font-weight: bold; line-height: 26px; -webkit-tap-highlight-color: rgba(26, 26, 26, 0.296875); -webkit-composition-fill-color: rgba(130, 98, 83, 0.0976563); -webkit-composition-frame-color: rgba(191, 107, 82, 0.496094); \">El recurso ofrecido es para la siembra en 148 hect\u00e1reas de Mama, Abal\u00e1, Cantamayec, Chapab, Chumayel, Dzan, Halach\u00f3, Man\u00ed, Maxcan\u00fa, Mayap\u00e1n, Muna, Opich\u00e9n, Sacalum, Santa Elena, Sotuta, Teabo, Tecoh, Tekit, Ticul y Yaxcab\u00e1.<\/div>\n<div style=\"font-family: Noteworthy; font-size: 20px; font-weight: bold; line-height: 26px; -webkit-tap-highlight-color: rgba(26, 26, 26, 0.296875); -webkit-composition-fill-color: rgba(130, 98, 83, 0.0976563); -webkit-composition-frame-color: rgba(191, 107, 82, 0.496094); \">Dicha zona tambi\u00e9n se benefici\u00f3 con notificaciones de autorizaci\u00f3n de &nbsp;proyectos de infraestructura de riego del Programa de Concurrencia con Entidades Federativas para la tecnificaci\u00f3n de 124 hect\u00e1reas para la producci\u00f3n de ma\u00edz, lo que requiri\u00f3 una suma de 2.9 millones de pesos.<\/div>\n<div style=\"font-family: Noteworthy; font-size: 20px; font-weight: bold; line-height: 26px; -webkit-tap-highlight-color: rgba(26, 26, 26, 0.296875); -webkit-composition-fill-color: rgba(130, 98, 83, 0.0976563); -webkit-composition-frame-color: rgba(191, 107, 82, 0.496094); \">A nombre de los beneficiados, Elsy Minelia Canch\u00e9 Poot agradeci\u00f3 al Gobernador por considerar este tipo de apoyo, que sin duda mejorar\u00e1 la econom\u00eda de la gente y asegurar\u00e1 los alimentos en la mesa de cientos de familias.<\/div>\n<div style=\"font-family: Noteworthy; font-size: 20px; font-weight: bold; line-height: 26px; -webkit-tap-highlight-color: rgba(26, 26, 26, 0.296875); -webkit-composition-fill-color: rgba(130, 98, 83, 0.0976563); -webkit-composition-frame-color: rgba(191, 107, 82, 0.496094); \">Estuvieron en los eventos, los diputados locales, Fernando Romero \u00c1vila, Flor D\u00edaz Castillo, Dafne L\u00f3pez Mart\u00ednez, Rafael Chan Maga\u00f1a, Jos\u00e9 Castillo Ruz y Ernesto Mart\u00ednez Ordaz.<\/div>\n<div style=\"font-family: Noteworthy; font-size: 20px; font-weight: bold; line-height: 26px; -webkit-tap-highlight-color: rgba(26, 26, 26, 0.296875); -webkit-composition-fill-color: rgba(130, 98, 83, 0.0976563); -webkit-composition-frame-color: rgba(191, 107, 82, 0.496094); \">Tambi\u00e9n, el director General del Organismo de Cuenca de la Pen\u00ednsula (OCPY) de la Comisi\u00f3n Nacional del Agua (Conagua), Roberto Pinz\u00f3n \u00c1lvarez, y el presidente de la Uni\u00f3n de Ejidos Agropecuarios e Industriales de Responsabilidad Limitada del Cono Sur de Yucat\u00e1n, Luis Fernando Palma C\u00e1ceres.<\/p>\n<div class=\"separator\" style=\"clear: both;\"><a href=\"https:\/\/lh6.googleusercontent.com\/-jN76Is63C4A\/VApijpoNTQI\/AAAAAAAAjxo\/zW6YAqwxtl4\/s640\/blogger-image-1896323155.jpg\" imageanchor=\"1\" style=\"margin-left: 1em; margin-right: 1em;\"><img decoding=\"async\" border=\"0\" src=\"https:\/\/lh6.googleusercontent.com\/-jN76Is63C4A\/VApijpoNTQI\/AAAAAAAAjxo\/zW6YAqwxtl4\/s640\/blogger-image-1896323155.jpg\"><\/a><\/div>\n<\/div>\n<div><\/div>\n","protected":false},"excerpt":{"rendered":"<p>Tekax, Yucat\u00e1n, 5 de septiembre de 2014.- Como parte del compromiso que se tiene con la producci\u00f3n del campo, el Gobierno del Estado inform\u00f3 que de octubre de 2012 a<\/p>\n","protected":false},"author":1,"featured_media":15100,"comment_status":"open","ping_status":"open","sticky":false,"template":"","format":"standard","meta":{"jetpack_post_was_ever_published":false,"_jetpack_newsletter_access":"","_jetpack_dont_email_post_to_subs":false,"_jetpack_newsletter_tier_id":0,"_jetpack_memberships_contains_paywalled_content":false,"_jetpack_memberships_contains_paid_content":false,"footnotes":"","jetpack_publicize_message":"","jetpack_publicize_feature_enabled":true,"jetpack_social_post_already_shared":false,"jetpack_social_options":{"image_generator_settings":{"template":"highway","default_image_id":0,"font":"","enabled":false},"version":2}},"categories":[17,1],"tags":[],"class_list":["post-2494","post","type-post","status-publish","format-standard","has-post-thumbnail","hentry","category-politica-y-gobierno","category-sin-categoria"],"jetpack_publicize_connections":[],"jetpack_featured_media_url":"https:\/\/formalprision.com\/wp-content\/uploads\/2014\/09\/blogger-image-1896323155.jpg","jetpack_sharing_enabled":true,"jetpack_shortlink":"https:\/\/wp.me\/p6id8p-Ee","_links":{"self":[{"href":"https:\/\/formalprision.com\/index.php?rest_route=\/wp\/v2\/posts\/2494","targetHints":{"allow":["GET"]}}],"collection":[{"href":"https:\/\/formalprision.com\/index.php?rest_route=\/wp\/v2\/posts"}],"about":[{"href":"https:\/\/formalprision.com\/index.php?rest_route=\/wp\/v2\/types\/post"}],"author":[{"embeddable":true,"href":"https:\/\/formalprision.com\/index.php?rest_route=\/wp\/v2\/users\/1"}],"replies":[{"embeddable":true,"href":"https:\/\/formalprision.com\/index.php?rest_route=%2Fwp%2Fv2%2Fcomments&post=2494"}],"version-history":[{"count":0,"href":"https:\/\/formalprision.com\/index.php?rest_route=\/wp\/v2\/posts\/2494\/revisions"}],"wp:featuredmedia":[{"embeddable":true,"href":"https:\/\/formalprision.com\/index.php?rest_route=\/wp\/v2\/media\/15100"}],"wp:attachment":[{"href":"https:\/\/formalprision.com\/index.php?rest_route=%2Fwp%2Fv2%2Fmedia&parent=2494"}],"wp:term":[{"taxonomy":"category","embeddable":true,"href":"https:\/\/formalprision.com\/index.php?rest_route=%2Fwp%2Fv2%2Fcategories&post=2494"},{"taxonomy":"post_tag","embeddable":true,"href":"https:\/\/formalprision.com\/index.php?rest_route=%2Fwp%2Fv2%2Ftags&post=2494"}],"curies":[{"name":"wp","href":"https:\/\/api.w.org\/{rel}","templated":true}]}}