{"id":2495,"date":"2014-09-05T22:30:00","date_gmt":"2014-09-05T22:30:00","guid":{"rendered":"http:\/\/formalprision.info\/2014\/09\/05\/caen-coches-que-se-llevaron-el-auto-de\/"},"modified":"2015-06-03T08:35:32","modified_gmt":"2015-06-03T08:35:32","slug":"caen-coches-que-se-llevaron-el-auto-de","status":"publish","type":"post","link":"https:\/\/formalprision.com\/?p=2495","title":{"rendered":"Caen &quot;robacoches&quot; que se llevaron el auto de un enfermero de la Cruz\nRoja"},"content":{"rendered":"<div style=\"font-family: Noteworthy; font-size: 20px; font-weight: bold; line-height: 26px; -webkit-tap-highlight-color: rgba(26, 26, 26, 0.296875); -webkit-composition-fill-color: rgba(130, 98, 83, 0.0976563); -webkit-composition-frame-color: rgba(191, 107, 82, 0.496094); \">Polic\u00edas Ministeriales detuvieron a Emmanuel Esteban Hern\u00e1ndez Moo y Miguel Argenis Rodr\u00edguez Fern\u00e1ndez (a) \u201cGordo\u201d, acusados de robarse el autom\u00f3vil de un enfermero de la Cruz Roja.<\/div>\n<div style=\"font-family: Noteworthy; font-size: 20px; font-weight: bold; line-height: 26px; -webkit-tap-highlight-color: rgba(26, 26, 26, 0.296875); -webkit-composition-fill-color: rgba(130, 98, 83, 0.0976563); -webkit-composition-frame-color: rgba(191, 107, 82, 0.496094); \">Se les captur\u00f3 en cumplimiento de una orden de aprehensi\u00f3n del Juzgado Primero Penal por el delito de robo de veh\u00edculo automotor cometido en pandilla, denunciados por Lucely Amaya, madre del enfermero afectado.<\/div>\n<div style=\"font-family: Noteworthy; font-size: 20px; font-weight: bold; line-height: 26px; -webkit-tap-highlight-color: rgba(26, 26, 26, 0.296875); -webkit-composition-fill-color: rgba(130, 98, 83, 0.0976563); -webkit-composition-frame-color: rgba(191, 107, 82, 0.496094); \">Este d\u00eda, los sujetos, presuntos miembros de la &nbsp;banda \u201cLos Peter\u201d, comparecieron ante el juez y negaron dedicarse a esa il\u00edcita actividad.<\/div>\n<div style=\"font-family: Noteworthy; font-size: 20px; font-weight: bold; line-height: 26px; -webkit-tap-highlight-color: rgba(26, 26, 26, 0.296875); -webkit-composition-fill-color: rgba(130, 98, 83, 0.0976563); -webkit-composition-frame-color: rgba(191, 107, 82, 0.496094); \">De acuerdo con el expediente, el 29 de agosto del 2013 el enfermero Ra\u00fal Armando Castro Amaya fue a su trabajo a la Cruz Roja Oriente en el Tsuru II matr\u00edcula YZK-1306, propiedad de su madre.<\/div>\n<div style=\"font-family: Noteworthy; font-size: 20px; font-weight: bold; line-height: 26px; -webkit-tap-highlight-color: rgba(26, 26, 26, 0.296875); -webkit-composition-fill-color: rgba(130, 98, 83, 0.0976563); -webkit-composition-frame-color: rgba(191, 107, 82, 0.496094); \">El estacion\u00f3 el autom\u00f3vil como a las ocho de la noche y a las 10 sali\u00f3 a comprar su cena, percat\u00e1ndose que su veh\u00edculo ya no estaba.<\/div>\n<div style=\"font-family: Noteworthy; font-size: 20px; font-weight: bold; line-height: 26px; -webkit-tap-highlight-color: rgba(26, 26, 26, 0.296875); -webkit-composition-fill-color: rgba(130, 98, 83, 0.0976563); -webkit-composition-frame-color: rgba(191, 107, 82, 0.496094); \">Como no lo hall\u00f3 por ning\u00fan lado, interpuso la denuncia, pero su auto no apareci\u00f3, de manera que la Polic\u00eda Ministerial investig\u00f3 el caso y determin\u00f3 que los sujetos se lo robaron.<\/div>\n<div style=\"font-family: Noteworthy; font-size: 20px; font-weight: bold; line-height: 26px; -webkit-tap-highlight-color: rgba(26, 26, 26, 0.296875); -webkit-composition-fill-color: rgba(130, 98, 83, 0.0976563); -webkit-composition-frame-color: rgba(191, 107, 82, 0.496094); \">Seg\u00fan esta investigaci\u00f3n, los sujetos y un c\u00f3mplice al que solo conocen como V\u00edctor Gabriel, conocieron en la Plaza Grande, a un tal Marco Antonio (a) El Peter.<\/div>\n<div style=\"font-family: Noteworthy; font-size: 20px; font-weight: bold; line-height: 26px; -webkit-tap-highlight-color: rgba(26, 26, 26, 0.296875); -webkit-composition-fill-color: rgba(130, 98, 83, 0.0976563); -webkit-composition-frame-color: rgba(191, 107, 82, 0.496094); \">Este sujeto les propuso dedicarse al robo de autos y los convenci\u00f3 con un juego de llaves maestra, para Tsurus, pues se especializaban en este tipo de veh\u00edculos, por lo que entraron a la actividad y entre los autos &nbsp;que se robaron &nbsp;estaba el del enfermero.<\/div>\n<div style=\"font-family: Noteworthy; font-size: 20px; font-weight: bold; line-height: 26px; -webkit-tap-highlight-color: rgba(26, 26, 26, 0.296875); -webkit-composition-fill-color: rgba(130, 98, 83, 0.0976563); -webkit-composition-frame-color: rgba(191, 107, 82, 0.496094); \">De esta forma, los sujetos, tras robarse el auto, lo dejaron en el estacionamiento de Plaza Sendero, de donde se lo llev\u00f3 al d\u00eda siguiente \u201cEl Peter\u201d,<\/div>\n<div style=\"font-family: Noteworthy; font-size: 20px; font-weight: bold; line-height: 26px; -webkit-tap-highlight-color: rgba(26, 26, 26, 0.296875); -webkit-composition-fill-color: rgba(130, 98, 83, 0.0976563); -webkit-composition-frame-color: rgba(191, 107, 82, 0.496094); \">La Fiscal\u00eda solicit\u00f3 la orden de aprehensi\u00f3n contra ambos y contra El Peter, pero solo se logr\u00f3 la captura de los dos sujetos antes mencionados, quienes ya hab\u00edan sido detenidos antes por el mismo motivo, aunque salieron libre luego.<\/p>\n<div class=\"separator\" style=\"clear: both;\"><a href=\"https:\/\/lh5.googleusercontent.com\/-tcplx6tI030\/VApmTxKDEfI\/AAAAAAAAjx8\/Gk4oLnQAxrs\/s640\/blogger-image-1597412013.jpg\" imageanchor=\"1\" style=\"margin-left: 1em; margin-right: 1em;\"><img decoding=\"async\" border=\"0\" src=\"https:\/\/lh5.googleusercontent.com\/-tcplx6tI030\/VApmTxKDEfI\/AAAAAAAAjx8\/Gk4oLnQAxrs\/s640\/blogger-image-1597412013.jpg\"><\/a><\/div>\n<\/div>\n<div style=\"font-family: Noteworthy; font-size: 20px; font-weight: bold; line-height: 26px; -webkit-tap-highlight-color: rgba(26, 26, 26, 0.296875); -webkit-composition-fill-color: rgba(130, 98, 83, 0.0976563); -webkit-composition-frame-color: rgba(191, 107, 82, 0.496094); \"><\/p>\n<div class=\"separator\" style=\"clear: both;\"><\/div>\n<\/div>\n<div style=\"font-family: Noteworthy; font-size: 20px; font-weight: bold; line-height: 26px; -webkit-tap-highlight-color: rgba(26, 26, 26, 0.296875); -webkit-composition-fill-color: rgba(130, 98, 83, 0.0976563); -webkit-composition-frame-color: rgba(191, 107, 82, 0.496094); \">&nbsp;La fotograf\u00eda corresponde a la detenci\u00f3n anterior de ambos sujetos y dos c\u00f3mplices m\u00e1s.<\/div>\n","protected":false},"excerpt":{"rendered":"<p>Polic\u00edas Ministeriales detuvieron a Emmanuel Esteban Hern\u00e1ndez Moo y Miguel Argenis Rodr\u00edguez Fern\u00e1ndez (a) \u201cGordo\u201d, acusados de robarse el autom\u00f3vil de un enfermero de la Cruz Roja. Se les captur\u00f3<\/p>\n","protected":false},"author":1,"featured_media":15102,"comment_status":"open","ping_status":"open","sticky":false,"template":"","format":"standard","meta":{"jetpack_post_was_ever_published":false,"_jetpack_newsletter_access":"","_jetpack_dont_email_post_to_subs":false,"_jetpack_newsletter_tier_id":0,"_jetpack_memberships_contains_paywalled_content":false,"_jetpack_memberships_contains_paid_content":false,"footnotes":"","jetpack_publicize_message":"","jetpack_publicize_feature_enabled":true,"jetpack_social_post_already_shared":false,"jetpack_social_options":{"image_generator_settings":{"template":"highway","default_image_id":0,"font":"","enabled":false},"version":2}},"categories":[3,1,49],"tags":[],"class_list":["post-2495","post","type-post","status-publish","format-standard","has-post-thumbnail","hentry","category-portada","category-sin-categoria","category-tocho-morocho"],"jetpack_publicize_connections":[],"jetpack_featured_media_url":"https:\/\/formalprision.com\/wp-content\/uploads\/2014\/09\/blogger-image-1597412013.jpg","jetpack_sharing_enabled":true,"jetpack_shortlink":"https:\/\/wp.me\/p6id8p-Ef","_links":{"self":[{"href":"https:\/\/formalprision.com\/index.php?rest_route=\/wp\/v2\/posts\/2495","targetHints":{"allow":["GET"]}}],"collection":[{"href":"https:\/\/formalprision.com\/index.php?rest_route=\/wp\/v2\/posts"}],"about":[{"href":"https:\/\/formalprision.com\/index.php?rest_route=\/wp\/v2\/types\/post"}],"author":[{"embeddable":true,"href":"https:\/\/formalprision.com\/index.php?rest_route=\/wp\/v2\/users\/1"}],"replies":[{"embeddable":true,"href":"https:\/\/formalprision.com\/index.php?rest_route=%2Fwp%2Fv2%2Fcomments&post=2495"}],"version-history":[{"count":0,"href":"https:\/\/formalprision.com\/index.php?rest_route=\/wp\/v2\/posts\/2495\/revisions"}],"wp:featuredmedia":[{"embeddable":true,"href":"https:\/\/formalprision.com\/index.php?rest_route=\/wp\/v2\/media\/15102"}],"wp:attachment":[{"href":"https:\/\/formalprision.com\/index.php?rest_route=%2Fwp%2Fv2%2Fmedia&parent=2495"}],"wp:term":[{"taxonomy":"category","embeddable":true,"href":"https:\/\/formalprision.com\/index.php?rest_route=%2Fwp%2Fv2%2Fcategories&post=2495"},{"taxonomy":"post_tag","embeddable":true,"href":"https:\/\/formalprision.com\/index.php?rest_route=%2Fwp%2Fv2%2Ftags&post=2495"}],"curies":[{"name":"wp","href":"https:\/\/api.w.org\/{rel}","templated":true}]}}