{"id":2496,"date":"2014-09-05T22:26:00","date_gmt":"2014-09-05T22:26:00","guid":{"rendered":"http:\/\/formalprision.info\/2014\/09\/05\/inaugura-el-gobernador-nuevas\/"},"modified":"2015-06-03T08:35:32","modified_gmt":"2015-06-03T08:35:32","slug":"inaugura-el-gobernador-nuevas","status":"publish","type":"post","link":"https:\/\/formalprision.com\/?p=2496","title":{"rendered":"Inaugura el Gobernador nuevas instalaciones del Cobay en Tekax."},"content":{"rendered":"<div style=\"font-family: Noteworthy; font-size: 20px; font-weight: bold; line-height: 26px; -webkit-tap-highlight-color: rgba(26, 26, 26, 0.296875); -webkit-composition-fill-color: rgba(130, 98, 83, 0.0976563); -webkit-composition-frame-color: rgba(191, 107, 82, 0.496094); \">Tekax, Yucat\u00e1n, 5 de septiembre de 2014.- \u00abLa educaci\u00f3n en Yucat\u00e1n es una de las columnas m\u00e1s s\u00f3lidas para garantizar el bienestar de los ciudadanos, sobre todo de los ni\u00f1os y j\u00f3venes; una educaci\u00f3n con inclusi\u00f3n que constituya un acto de justicia social en el cual, el servicio que se proporcione a los ni\u00f1os y j\u00f3venes de M\u00e9rida o de cualquier municipio, poblaci\u00f3n o comisar\u00eda, sea el mismo: de alta calidad\u00bb, asever\u00f3 el Gobernador Rolando Zapata Bello.<\/div>\n<div style=\"font-family: Noteworthy; font-size: 20px; font-weight: bold; line-height: 26px; -webkit-tap-highlight-color: rgba(26, 26, 26, 0.296875); -webkit-composition-fill-color: rgba(130, 98, 83, 0.0976563); -webkit-composition-frame-color: rgba(191, 107, 82, 0.496094); \">En la ceremonia de inauguraci\u00f3n del nuevo edificio del Colegio de Bachilleres de Yucat\u00e1n (Cobay) en Becanch\u00e9n, el mandatario afirm\u00f3 que el trabajo coordinado de autoridades federales, estatales y municipales genera beneficios para la poblaci\u00f3n, como en este caso que ser\u00e1n casi 80 alumnos los que se vean favorecidos, as\u00ed como aquellos j\u00f3venes que est\u00e1n por acceder a ese nivel formativo.<\/div>\n<div style=\"font-family: Noteworthy; font-size: 20px; font-weight: bold; line-height: 26px; -webkit-tap-highlight-color: rgba(26, 26, 26, 0.296875); -webkit-composition-fill-color: rgba(130, 98, 83, 0.0976563); -webkit-composition-frame-color: rgba(191, 107, 82, 0.496094); \">Las instalaciones, que ocupan la sede del antiguo albergue de la Comisi\u00f3n Nacional para el Desarrollo de los Pueblos Ind\u00edgenas (CDI), cuentan con tres aulas, \u00e1reas administrativa y recreativa, servicios sanitarios, centro de c\u00f3mputo y biblioteca, con lo cual se refrenda el compromiso del Gobierno estatal para fortalecer la infraestructura de la educaci\u00f3n media superior en toda la geograf\u00eda yucateca.<\/div>\n<div style=\"font-family: Noteworthy; font-size: 20px; font-weight: bold; line-height: 26px; -webkit-tap-highlight-color: rgba(26, 26, 26, 0.296875); -webkit-composition-fill-color: rgba(130, 98, 83, 0.0976563); -webkit-composition-frame-color: rgba(191, 107, 82, 0.496094); \">\u201cEsa es la visi\u00f3n que nosotros tenemos y por eso es muy satisfactorio realizar este tipo de obras en beneficio, no s\u00f3lo de los j\u00f3venes que ahora estudian, sino para los ni\u00f1os que ma\u00f1ana acceder\u00e1n a la educaci\u00f3n media superior\u201d, se\u00f1al\u00f3.<\/div>\n<div style=\"font-family: Noteworthy; font-size: 20px; font-weight: bold; line-height: 26px; -webkit-tap-highlight-color: rgba(26, 26, 26, 0.296875); -webkit-composition-fill-color: rgba(130, 98, 83, 0.0976563); -webkit-composition-frame-color: rgba(191, 107, 82, 0.496094); \">Acompa\u00f1ado del delegado de la Secretar\u00eda de Educaci\u00f3n P\u00fablica (SEP) en Yucat\u00e1n, Wilberth Chi G\u00f3ngora, inform\u00f3 que como parte de las acciones de inclusi\u00f3n en la materia, con las pr\u00f3ximas remesas de equipos de c\u00f3mputo del programa Bienestar Digital, se habr\u00e1 cubierto a todas las generaciones que actualmente cursan el primero, segundo o tercer grados de bachillerato.<\/div>\n<div style=\"font-family: Noteworthy; font-size: 20px; font-weight: bold; line-height: 26px; -webkit-tap-highlight-color: rgba(26, 26, 26, 0.296875); -webkit-composition-fill-color: rgba(130, 98, 83, 0.0976563); -webkit-composition-frame-color: rgba(191, 107, 82, 0.496094); \">\u201cY el pr\u00f3ximo a\u00f1o tambi\u00e9n se entregar\u00e1n a los que entren a primer a\u00f1o de bachillerato. Ese es el concepto de educaci\u00f3n con inclusi\u00f3n, con calidad, con igualdad de oportunidades, que nunca por la condici\u00f3n econ\u00f3mica, ning\u00fan ni\u00f1o o joven deje de estudiar\u201d, afirm\u00f3.&nbsp;<\/div>\n<div style=\"font-family: Noteworthy; font-size: 20px; font-weight: bold; line-height: 26px; -webkit-tap-highlight-color: rgba(26, 26, 26, 0.296875); -webkit-composition-fill-color: rgba(130, 98, 83, 0.0976563); -webkit-composition-frame-color: rgba(191, 107, 82, 0.496094); \">Al hacer uso de la palabra, el director General del Cobay, Porfirio Trejo Zozaya, destac\u00f3 que el \u00e9xito y el desarrollo que ese subsistema ha tenido en los \u00faltimos meses se debe a los esfuerzos del Gobierno del Estado por fortalecerlo, y tambi\u00e9n gracias a la gran capacidad y compromiso de su capital humano, que se conforma de docentes y dem\u00e1s personal.<\/div>\n<div style=\"font-family: Noteworthy; font-size: 20px; font-weight: bold; line-height: 26px; -webkit-tap-highlight-color: rgba(26, 26, 26, 0.296875); -webkit-composition-fill-color: rgba(130, 98, 83, 0.0976563); -webkit-composition-frame-color: rgba(191, 107, 82, 0.496094); \">En representaci\u00f3n de todos los j\u00f3venes beneficiados, Griselda Canch\u00e9 Coll\u00ed, alumna de quinto semestre del plantel Becanch\u00e9n, agradeci\u00f3 al mandatario la sensibilidad y el compromiso hacia la comunidad estudiantil, y reconoci\u00f3 los resultados obtenidos por esta administraci\u00f3n en materia de educaci\u00f3n y desarrollo institucional de la misma.&nbsp;<\/div>\n<div style=\"font-family: Noteworthy; font-size: 20px; font-weight: bold; line-height: 26px; -webkit-tap-highlight-color: rgba(26, 26, 26, 0.296875); -webkit-composition-fill-color: rgba(130, 98, 83, 0.0976563); -webkit-composition-frame-color: rgba(191, 107, 82, 0.496094); \">En el evento Zapata Bello encabez\u00f3 la entrega de un acervo bibliogr\u00e1fico de dos mil 200 tomos de consulta que surtir\u00e1 a las 72 bibliotecas del Cobay, as\u00ed como material para actividades deportivas y c\u00edvicas del alumnado y la banda de guerra. Al finalizar el acto protocolario, el Gobernador realiz\u00f3 un recorrido por las aulas y centro de c\u00f3mputo de estas instalaciones.<\/div>\n<div style=\"font-family: Noteworthy; font-size: 20px; font-weight: bold; line-height: 26px; -webkit-tap-highlight-color: rgba(26, 26, 26, 0.296875); -webkit-composition-fill-color: rgba(130, 98, 83, 0.0976563); -webkit-composition-frame-color: rgba(191, 107, 82, 0.496094); \">Previamente, como parte de una intensa gira de trabajo por el Cono Sur de la entidad, &nbsp;en esta comisar\u00eda hizo entrega de la ampliaci\u00f3n del sistema de agua potable y cort\u00f3 el list\u00f3n inaugural para las obras de repavimentaci\u00f3n de calles y de ampliaci\u00f3n en esta comunidad.<\/div>\n<div style=\"font-family: Noteworthy; font-size: 20px; font-weight: bold; line-height: 26px; -webkit-tap-highlight-color: rgba(26, 26, 26, 0.296875); -webkit-composition-fill-color: rgba(130, 98, 83, 0.0976563); -webkit-composition-frame-color: rgba(191, 107, 82, 0.496094); \">Estuvieron presentes la directora de Educaci\u00f3n Media Superior del Estado, Gabriela Zapata Villalobos; el delegado de la Comisi\u00f3n Nacional del Agua (Conagua), Roberto Pinz\u00f3n \u00c1lvarez; el representante de la CDI, Rudy Coronado G\u00f3ngora; los diputados locales, Flor D\u00edaz Castillo y Fernando Romero \u00c1vila, y el comisario ejidal de Becanch\u00e9n, Rangel Eu\u00e1n Luna, entre otras autoridades.<\/p>\n<div class=\"separator\" style=\"clear: both;\"><a href=\"https:\/\/lh4.googleusercontent.com\/-MA9mLwmgWy8\/VAo4oqUzmbI\/AAAAAAAAjw4\/D7PGYP1FVb8\/s640\/blogger-image-995102376.jpg\" imageanchor=\"1\" style=\"margin-left: 1em; margin-right: 1em;\"><img decoding=\"async\" border=\"0\" src=\"https:\/\/lh4.googleusercontent.com\/-MA9mLwmgWy8\/VAo4oqUzmbI\/AAAAAAAAjw4\/D7PGYP1FVb8\/s640\/blogger-image-995102376.jpg\"><\/a><\/div>\n<\/div>\n","protected":false},"excerpt":{"rendered":"<p>Tekax, Yucat\u00e1n, 5 de septiembre de 2014.- \u00abLa educaci\u00f3n en Yucat\u00e1n es una de las columnas m\u00e1s s\u00f3lidas para garantizar el bienestar de los ciudadanos, sobre todo de los ni\u00f1os<\/p>\n","protected":false},"author":1,"featured_media":15104,"comment_status":"open","ping_status":"open","sticky":false,"template":"","format":"standard","meta":{"jetpack_post_was_ever_published":false,"_jetpack_newsletter_access":"","_jetpack_dont_email_post_to_subs":false,"_jetpack_newsletter_tier_id":0,"_jetpack_memberships_contains_paywalled_content":false,"_jetpack_memberships_contains_paid_content":false,"footnotes":"","jetpack_publicize_message":"","jetpack_publicize_feature_enabled":true,"jetpack_social_post_already_shared":false,"jetpack_social_options":{"image_generator_settings":{"template":"highway","default_image_id":0,"font":"","enabled":false},"version":2}},"categories":[17,1],"tags":[],"class_list":["post-2496","post","type-post","status-publish","format-standard","has-post-thumbnail","hentry","category-politica-y-gobierno","category-sin-categoria"],"jetpack_publicize_connections":[],"jetpack_featured_media_url":"https:\/\/formalprision.com\/wp-content\/uploads\/2014\/09\/blogger-image-995102376.jpg","jetpack_sharing_enabled":true,"jetpack_shortlink":"https:\/\/wp.me\/p6id8p-Eg","_links":{"self":[{"href":"https:\/\/formalprision.com\/index.php?rest_route=\/wp\/v2\/posts\/2496","targetHints":{"allow":["GET"]}}],"collection":[{"href":"https:\/\/formalprision.com\/index.php?rest_route=\/wp\/v2\/posts"}],"about":[{"href":"https:\/\/formalprision.com\/index.php?rest_route=\/wp\/v2\/types\/post"}],"author":[{"embeddable":true,"href":"https:\/\/formalprision.com\/index.php?rest_route=\/wp\/v2\/users\/1"}],"replies":[{"embeddable":true,"href":"https:\/\/formalprision.com\/index.php?rest_route=%2Fwp%2Fv2%2Fcomments&post=2496"}],"version-history":[{"count":0,"href":"https:\/\/formalprision.com\/index.php?rest_route=\/wp\/v2\/posts\/2496\/revisions"}],"wp:featuredmedia":[{"embeddable":true,"href":"https:\/\/formalprision.com\/index.php?rest_route=\/wp\/v2\/media\/15104"}],"wp:attachment":[{"href":"https:\/\/formalprision.com\/index.php?rest_route=%2Fwp%2Fv2%2Fmedia&parent=2496"}],"wp:term":[{"taxonomy":"category","embeddable":true,"href":"https:\/\/formalprision.com\/index.php?rest_route=%2Fwp%2Fv2%2Fcategories&post=2496"},{"taxonomy":"post_tag","embeddable":true,"href":"https:\/\/formalprision.com\/index.php?rest_route=%2Fwp%2Fv2%2Ftags&post=2496"}],"curies":[{"name":"wp","href":"https:\/\/api.w.org\/{rel}","templated":true}]}}