{"id":2499,"date":"2014-09-05T19:00:00","date_gmt":"2014-09-05T19:00:00","guid":{"rendered":"http:\/\/formalprision.info\/2014\/09\/05\/motocicleta-le-caro-un-taxi-en\/"},"modified":"2015-06-03T08:35:33","modified_gmt":"2015-06-03T08:35:33","slug":"motocicleta-le-caro-un-taxi-en","status":"publish","type":"post","link":"https:\/\/formalprision.com\/?p=2499","title":{"rendered":"Motocicleta le &#39;arranca&#39; caro &#39;besito&#39; a un taxi en Valladolid"},"content":{"rendered":"<div class=\"MsoNormal\">\nMuy caro le cost\u00f3 a un joven motociclista que se distrajo el \u201cbesito\u201d<br \/>\nque le dio a un taxi en calles de Valladolid, pues al veh\u00edculo de alquiler se<br \/>\nle da\u00f1\u00f3 la mica trasera que tiene un costo de reparaci\u00f3n de m\u00e1s de mil pesos.<\/div>\n<div class=\"MsoNormal\">\nAdem\u00e1s de los golpes que sufrieron el distra\u00eddo y su acompa\u00f1ante,<br \/>\nuna mujer, tambi\u00e9n saldr\u00e1n de su bolsillo los da\u00f1os que sufri\u00f3 su motocicleta.<\/div>\n<div class=\"MsoNormal\">\nLos hechos ocurrieron en la calle 41 entre 34 y 36 del barrio de<br \/>\nSanta Ana, en Valladolid, donde circulaba la motocicleta placa 7FUR4, al mando<br \/>\nde un joven del que no se proporcion\u00f3 el nombre, as\u00ed como tampoco de su<br \/>\nacompa\u00f1ante.<\/div>\n<div class=\"MsoNormal\">\nEn ese momento hab\u00eda una larga fila de autos, por lo cual el taxi<br \/>\nplacas 4115YSB se detuvo. Al parecer por estar distra\u00eddo, el motociclista vio<br \/>\ndemasiado tarde esta maniobra y aunque quiso esquivar al veh\u00edculo de enfrente<br \/>\nno pudo y lo golpe\u00f3 en la parte trasera.<\/div>\n<div class=\"MsoNormal\">\nPor el impacto, el joven perdi\u00f3 el equilibrio y acab\u00f3 en el<br \/>\npavimento junto con su acompa\u00f1ante.<\/div>\n<p><\/p>\n<div class=\"MsoNormal\">\nSi bien el motociclista, al igual que la mujer, solo recibi\u00f3 un<br \/>\ngolpe pero nada de gravedad, tendr\u00e1 que pagar la mica cuyo costo de reparaci\u00f3n<br \/>\nes de m\u00e1s de mil pesos.<\/div>\n<div class=\"MsoNormal\">\n<\/div>\n","protected":false},"excerpt":{"rendered":"<p>Muy caro le cost\u00f3 a un joven motociclista que se distrajo el \u201cbesito\u201d que le dio a un taxi en calles de Valladolid, pues al veh\u00edculo de alquiler se le<\/p>\n","protected":false},"author":1,"featured_media":0,"comment_status":"open","ping_status":"open","sticky":false,"template":"","format":"standard","meta":{"jetpack_post_was_ever_published":false,"_jetpack_newsletter_access":"","_jetpack_dont_email_post_to_subs":false,"_jetpack_newsletter_tier_id":0,"_jetpack_memberships_contains_paywalled_content":false,"_jetpack_memberships_contains_paid_content":false,"footnotes":"","jetpack_publicize_message":"","jetpack_publicize_feature_enabled":true,"jetpack_social_post_already_shared":false,"jetpack_social_options":{"image_generator_settings":{"template":"highway","default_image_id":0,"font":"","enabled":false},"version":2}},"categories":[14,1,49],"tags":[],"class_list":["post-2499","post","type-post","status-publish","format-standard","hentry","category-merida","category-sin-categoria","category-tocho-morocho"],"jetpack_publicize_connections":[],"jetpack_featured_media_url":"","jetpack_sharing_enabled":true,"jetpack_shortlink":"https:\/\/wp.me\/p6id8p-Ej","_links":{"self":[{"href":"https:\/\/formalprision.com\/index.php?rest_route=\/wp\/v2\/posts\/2499","targetHints":{"allow":["GET"]}}],"collection":[{"href":"https:\/\/formalprision.com\/index.php?rest_route=\/wp\/v2\/posts"}],"about":[{"href":"https:\/\/formalprision.com\/index.php?rest_route=\/wp\/v2\/types\/post"}],"author":[{"embeddable":true,"href":"https:\/\/formalprision.com\/index.php?rest_route=\/wp\/v2\/users\/1"}],"replies":[{"embeddable":true,"href":"https:\/\/formalprision.com\/index.php?rest_route=%2Fwp%2Fv2%2Fcomments&post=2499"}],"version-history":[{"count":0,"href":"https:\/\/formalprision.com\/index.php?rest_route=\/wp\/v2\/posts\/2499\/revisions"}],"wp:attachment":[{"href":"https:\/\/formalprision.com\/index.php?rest_route=%2Fwp%2Fv2%2Fmedia&parent=2499"}],"wp:term":[{"taxonomy":"category","embeddable":true,"href":"https:\/\/formalprision.com\/index.php?rest_route=%2Fwp%2Fv2%2Fcategories&post=2499"},{"taxonomy":"post_tag","embeddable":true,"href":"https:\/\/formalprision.com\/index.php?rest_route=%2Fwp%2Fv2%2Ftags&post=2499"}],"curies":[{"name":"wp","href":"https:\/\/api.w.org\/{rel}","templated":true}]}}