{"id":25,"date":"2015-06-01T18:02:00","date_gmt":"2015-06-01T18:02:00","guid":{"rendered":"http:\/\/formalprision.info\/2015\/06\/01\/el-prd-acusa-al-pan-de-usar-vandalos\/"},"modified":"2015-06-03T08:20:49","modified_gmt":"2015-06-03T08:20:49","slug":"el-prd-acusa-al-pan-de-usar-vandalos","status":"publish","type":"post","link":"https:\/\/formalprision.com\/?p=25","title":{"rendered":"El PRD acusa al PAN de usar v\u00e1ndalos como &quot;carne de ca\u00f1\u00f3n&quot; en Peto"},"content":{"rendered":"<p>Luego de los hechos violentos ocurridos este domingo en Peto, el PRD revel\u00f3 que el PRI y al PAN contratan a pandilleros para usarlos como \u00abcarne de ca\u00f1\u00f3n\u00bb.El candidato del PRD a la alcald\u00eda de Peto, Bernardo Caamal Itz\u00e1, asegur\u00f3 que los j\u00f3venes son usados para fines violentos y en muchas ocasiones provienen de las zonas de alta pobreza.Por su parte, las autoridades policiacas han confirmado que el ataque fue un pleito entre v\u00e1ndalos, pero los directivos del PAN en Yucat\u00e1n aseguran que el joven muerto, integrante de una de las pandillas en pugna, es militante panista, lo que corrobora el se\u00f1alamiento perredista del uso de pandilleros por parte del blanquiazul.El militante panista muerto, seg\u00fan la autopsia practicada por la Fiscal\u00eda, estaba bajo los influjos de las drogas cuando ocurri\u00f3 el enfrentamiento.Este d\u00eda, el candidato del PRD Bernardo Caamal hizo un llamado a&nbsp;los dirigentes de partidos pol\u00edticos para que dejen de usar la violencia, pues, reitera, en la actual campa\u00f1a&nbsp;se han rodeado de chicos banda, con integrantes de pandillas conocidas como Jockers y Torcazas.\u00bbDesde los inicios de la actual campa\u00f1a en Peto, los partidos la han hecho con pleitos callejeros y recurren constantemente a las piedras, y hemos visto c\u00f3mo usan a quienes contratan para acompa\u00f1arlos en &nbsp;veh\u00edculos y triciclos&#8230;ellos son los que bajan a buscar las piedras y los transportan, y en varios de esos autom\u00f3viles en donde andan hemos visto a j\u00f3venes con tirahules\u00bb -reiter\u00f3 el candidato perredista.Asegur\u00f3 que el s\u00e1bado pasado, los v\u00e1ndalos del PAN y del PRI intentaron infiltrarse en un mitin suyo para generar violencia, pero afortunadamente los vecinos les impidieron el acceso a la colonia donde se celebrar\u00e1 la reuni\u00f3n.\u00bbQuienes promueven la violencia no quieren reconocer ese lado violento que han cultivado, f\u00e1cilmente provocado por el abandono en que se vive a diario en Peto\u00bb-Respecto al PRI, no solo usa a los j\u00f3venes sino tambi\u00e9n las patrullas del municipio de Peto para \u00absu protecci\u00f3n\u00bb; a eso se le llama mal uso del erario porque si van a proteger a uno deben proteger a todos.<\/p>\n<div class=\"separator\" style=\"clear: both;\"><a href=\"https:\/\/lh3.googleusercontent.com\/-2a10AK2qxTQ\/VWyew2SggnI\/AAAAAAAAoZQ\/8NUmy-WaItE\/s640\/blogger-image-159133267.jpg\" imageanchor=\"1\" style=\"margin-left: 1em; margin-right: 1em;\"><img decoding=\"async\" border=\"0\" src=\"https:\/\/lh3.googleusercontent.com\/-2a10AK2qxTQ\/VWyew2SggnI\/AAAAAAAAoZQ\/8NUmy-WaItE\/s640\/blogger-image-159133267.jpg\"><\/a><\/div>\n<p><\/p>\n","protected":false},"excerpt":{"rendered":"<p>Luego de los hechos violentos ocurridos este domingo en Peto, el PRD revel\u00f3 que el PRI y al PAN contratan a pandilleros para usarlos como \u00abcarne de ca\u00f1\u00f3n\u00bb.El candidato del<\/p>\n","protected":false},"author":1,"featured_media":10046,"comment_status":"open","ping_status":"open","sticky":false,"template":"","format":"standard","meta":{"jetpack_post_was_ever_published":false,"_jetpack_newsletter_access":"","_jetpack_dont_email_post_to_subs":false,"_jetpack_newsletter_tier_id":0,"_jetpack_memberships_contains_paywalled_content":false,"_jetpack_memberships_contains_paid_content":false,"footnotes":"","jetpack_publicize_message":"","jetpack_publicize_feature_enabled":true,"jetpack_social_post_already_shared":false,"jetpack_social_options":{"image_generator_settings":{"template":"highway","default_image_id":0,"font":"","enabled":false},"version":2}},"categories":[17,1],"tags":[],"class_list":["post-25","post","type-post","status-publish","format-standard","has-post-thumbnail","hentry","category-politica-y-gobierno","category-sin-categoria"],"jetpack_publicize_connections":[],"jetpack_featured_media_url":"https:\/\/formalprision.com\/wp-content\/uploads\/2015\/06\/blogger-image-159133267.jpg","jetpack_sharing_enabled":true,"jetpack_shortlink":"https:\/\/wp.me\/p6id8p-p","_links":{"self":[{"href":"https:\/\/formalprision.com\/index.php?rest_route=\/wp\/v2\/posts\/25","targetHints":{"allow":["GET"]}}],"collection":[{"href":"https:\/\/formalprision.com\/index.php?rest_route=\/wp\/v2\/posts"}],"about":[{"href":"https:\/\/formalprision.com\/index.php?rest_route=\/wp\/v2\/types\/post"}],"author":[{"embeddable":true,"href":"https:\/\/formalprision.com\/index.php?rest_route=\/wp\/v2\/users\/1"}],"replies":[{"embeddable":true,"href":"https:\/\/formalprision.com\/index.php?rest_route=%2Fwp%2Fv2%2Fcomments&post=25"}],"version-history":[{"count":0,"href":"https:\/\/formalprision.com\/index.php?rest_route=\/wp\/v2\/posts\/25\/revisions"}],"wp:featuredmedia":[{"embeddable":true,"href":"https:\/\/formalprision.com\/index.php?rest_route=\/wp\/v2\/media\/10046"}],"wp:attachment":[{"href":"https:\/\/formalprision.com\/index.php?rest_route=%2Fwp%2Fv2%2Fmedia&parent=25"}],"wp:term":[{"taxonomy":"category","embeddable":true,"href":"https:\/\/formalprision.com\/index.php?rest_route=%2Fwp%2Fv2%2Fcategories&post=25"},{"taxonomy":"post_tag","embeddable":true,"href":"https:\/\/formalprision.com\/index.php?rest_route=%2Fwp%2Fv2%2Ftags&post=25"}],"curies":[{"name":"wp","href":"https:\/\/api.w.org\/{rel}","templated":true}]}}