{"id":2504,"date":"2014-09-05T00:16:00","date_gmt":"2014-09-05T00:16:00","guid":{"rendered":"http:\/\/formalprision.info\/2014\/09\/05\/anuncian-el-complejo-cultural-de\/"},"modified":"2015-06-03T08:35:35","modified_gmt":"2015-06-03T08:35:35","slug":"anuncian-el-complejo-cultural-de","status":"publish","type":"post","link":"https:\/\/formalprision.com\/?p=2504","title":{"rendered":"Anuncian el complejo cultural del Parque Central \u201cLa plancha\u201d y la Casa\nde la Trova"},"content":{"rendered":"<div style=\"font-family: Noteworthy; font-size: 20px; font-weight: bold; line-height: 26px; -webkit-tap-highlight-color: rgba(26, 26, 26, 0.296875); -webkit-composition-fill-color: rgba(130, 98, 83, 0.0976563); -webkit-composition-frame-color: rgba(191, 107, 82, 0.496094); \">\n<div>Morelia, Michoac\u00e1n, 4 de septiembre de 2014.- El titular de la Secretar\u00eda de la Cultura y las Artes de Yucat\u00e1n (Sedeculta), Roger Metri Duarte, anunci\u00f3 los proyectos de construcci\u00f3n del complejo cultural del Parque Central \u201cLa plancha\u201d, en los terrenos de la antigua estaci\u00f3n de ferrocarriles de M\u00e9rida, y la Casa de la Trova, en el edificio que actualmente ocupa el Congreso del Estado.<\/div>\n<div>Durante su participaci\u00f3n en la Reuni\u00f3n Nacional de Cultura, que se realiza Morelia, &nbsp;el funcionario yucateco indic\u00f3 que ambos planes est\u00e1n en la fase final de los proyectos ejecutivos, por lo que en breve se presentar\u00e1n los dise\u00f1os arquitect\u00f3nicos y la inversi\u00f3n requerida, que se cubrir\u00e1 en su mayor\u00eda con recursos estatales y el acompa\u00f1amiento del Consejo Nacional para la Cultura y las Artes (Conaculta).<\/div>\n<div>\u201cLa diversidad de espacios culturales que la ciudadan\u00eda reclama es una prioridad para el Ejecutivo de Yucat\u00e1n. Por esto se convierte en un compromiso a cumplir para el bienestar de todos. Ya entablamos un acuerdo<\/div>\n<div>de primera palabra con el Conaculta y tenemos la certeza que nos acompa\u00f1ar\u00e1 en este camino\u201d, asever\u00f3, en su intervenci\u00f3n dentro del tema Infraestructura Cultural.<\/div>\n<div>De acuerdo con lo proyectado, el complejo cultural que se construir\u00eda en el terreno conocido como \u201cLa plancha\u201d, ser\u00eda de avanzada y contar\u00eda con lo m\u00e1s moderno en materia de tecnolog\u00eda sustentable, ambientes amigables con la naturaleza y energ\u00eda renovable.<\/div>\n<div>Por lo que toca a la Casa de la Trova, que tendr\u00eda una visi\u00f3n<\/div>\n<div>tur\u00edstico-cultural, \u00e9sta ocupar\u00eda las instalaciones que dejar\u00e1 el Poder<\/div>\n<div>Legislativo yucateco cuando se mude a su nueva sede ubicada en el Perif\u00e9rico, y llevar\u00eda el nombre del reconocido compositor Juan Acereto, adem\u00e1s de que se pretende que albergue la Plaza del Trovador, un a\u00f1ejo sue\u00f1o de los<\/div>\n<div>m\u00fasicos locales.<\/div>\n<div>Respecto a este \u00faltimo plan, Metri Duarte indic\u00f3 que se trabaja en la parte final del proyecto ejecutivo para luego licitar la obra, por lo que<\/div>\n<div>consider\u00f3 que a m\u00e1s tardar el pr\u00f3ximo a\u00f1o se estar\u00eda comenzando su construcci\u00f3n.<\/div>\n<div>El plan sobre el complejo en los terrenos de \u201cLa plancha\u201d, pretende<\/div>\n<div>ejecutarse a mediano plazo, \u201cpero el compromiso del Gobernador Rolando Zapata Bello es que se concrete durante su gesti\u00f3n. Estamos ocupados en ello y tambi\u00e9n estamos tomando en cuenta las opiniones de los vecinos de la zona y especialistas para contar con un proyecto consensado\u201d, puntualiz\u00f3.<\/div>\n<div>En su exposici\u00f3n, realizada en el Sal\u00f3n Michoac\u00e1n del Centro de<\/div>\n<div>Convenciones y Exposiciones de Morelia (Ceconexpo), el titular de la<\/div>\n<div>Sedeculta record\u00f3 que la infraestructura cultural con la que cuenta la entidad ha sido producto de una serie de acciones de rescate de edificios con valor patrimonial, los cuales se realizaron mayormente durante la<\/div>\n<div>d\u00e9cada de los 70, 80 y 90.<\/div>\n<div>A lo largo de este a\u00f1o, el Gobierno del Estado ha continuado con las tareas de mantenimiento y preservaci\u00f3n de teatros y centros culturales, por lo que al cierre del presente ejercicio, en conjunto con la federaci\u00f3n, habr\u00e1 destinado 50 millones de pesos a estas tareas, acot\u00f3. (Comunicado)<\/p>\n<div class=\"separator\" style=\"clear: both;\"><a href=\"https:\/\/lh6.googleusercontent.com\/-9vWM7ujvkRw\/VAkA2f9bVuI\/AAAAAAAAjwA\/pD0LTfk4dH4\/s640\/blogger-image-286137555.jpg\" imageanchor=\"1\" style=\"margin-left: 1em; margin-right: 1em;\"><img decoding=\"async\" border=\"0\" src=\"https:\/\/lh6.googleusercontent.com\/-9vWM7ujvkRw\/VAkA2f9bVuI\/AAAAAAAAjwA\/pD0LTfk4dH4\/s640\/blogger-image-286137555.jpg\"><\/a><\/div>\n<\/div>\n<div><\/div>\n<\/div>\n","protected":false},"excerpt":{"rendered":"<p>Morelia, Michoac\u00e1n, 4 de septiembre de 2014.- El titular de la Secretar\u00eda de la Cultura y las Artes de Yucat\u00e1n (Sedeculta), Roger Metri Duarte, anunci\u00f3 los proyectos de construcci\u00f3n del<\/p>\n","protected":false},"author":1,"featured_media":15119,"comment_status":"open","ping_status":"open","sticky":false,"template":"","format":"standard","meta":{"jetpack_post_was_ever_published":false,"_jetpack_newsletter_access":"","_jetpack_dont_email_post_to_subs":false,"_jetpack_newsletter_tier_id":0,"_jetpack_memberships_contains_paywalled_content":false,"_jetpack_memberships_contains_paid_content":false,"footnotes":"","jetpack_publicize_message":"","jetpack_publicize_feature_enabled":true,"jetpack_social_post_already_shared":false,"jetpack_social_options":{"image_generator_settings":{"template":"highway","default_image_id":0,"font":"","enabled":false},"version":2}},"categories":[17,1],"tags":[],"class_list":["post-2504","post","type-post","status-publish","format-standard","has-post-thumbnail","hentry","category-politica-y-gobierno","category-sin-categoria"],"jetpack_publicize_connections":[],"jetpack_featured_media_url":"https:\/\/formalprision.com\/wp-content\/uploads\/2014\/09\/blogger-image-286137555.jpg","jetpack_sharing_enabled":true,"jetpack_shortlink":"https:\/\/wp.me\/p6id8p-Eo","_links":{"self":[{"href":"https:\/\/formalprision.com\/index.php?rest_route=\/wp\/v2\/posts\/2504","targetHints":{"allow":["GET"]}}],"collection":[{"href":"https:\/\/formalprision.com\/index.php?rest_route=\/wp\/v2\/posts"}],"about":[{"href":"https:\/\/formalprision.com\/index.php?rest_route=\/wp\/v2\/types\/post"}],"author":[{"embeddable":true,"href":"https:\/\/formalprision.com\/index.php?rest_route=\/wp\/v2\/users\/1"}],"replies":[{"embeddable":true,"href":"https:\/\/formalprision.com\/index.php?rest_route=%2Fwp%2Fv2%2Fcomments&post=2504"}],"version-history":[{"count":0,"href":"https:\/\/formalprision.com\/index.php?rest_route=\/wp\/v2\/posts\/2504\/revisions"}],"wp:featuredmedia":[{"embeddable":true,"href":"https:\/\/formalprision.com\/index.php?rest_route=\/wp\/v2\/media\/15119"}],"wp:attachment":[{"href":"https:\/\/formalprision.com\/index.php?rest_route=%2Fwp%2Fv2%2Fmedia&parent=2504"}],"wp:term":[{"taxonomy":"category","embeddable":true,"href":"https:\/\/formalprision.com\/index.php?rest_route=%2Fwp%2Fv2%2Fcategories&post=2504"},{"taxonomy":"post_tag","embeddable":true,"href":"https:\/\/formalprision.com\/index.php?rest_route=%2Fwp%2Fv2%2Ftags&post=2504"}],"curies":[{"name":"wp","href":"https:\/\/api.w.org\/{rel}","templated":true}]}}