{"id":2509,"date":"2014-09-04T20:53:00","date_gmt":"2014-09-04T20:53:00","guid":{"rendered":"http:\/\/formalprision.info\/2014\/09\/04\/65-yucatecos-cursaran-estudios-en-r\/"},"modified":"2015-06-03T08:35:36","modified_gmt":"2015-06-03T08:35:36","slug":"65-yucatecos-cursaran-estudios-en-r","status":"publish","type":"post","link":"https:\/\/formalprision.com\/?p=2509","title":{"rendered":"65 yucatecos cursar\u00e1n estudios en rl extranjero con apoyos del Gobierno\ndel Estado y Conacyt."},"content":{"rendered":"<div style=\"font-family: Noteworthy; font-size: 20px; font-weight: bold; line-height: 26px; -webkit-tap-highlight-color: rgba(26, 26, 26, 0.296875); -webkit-composition-fill-color: rgba(130, 98, 83, 0.0976563); -webkit-composition-frame-color: rgba(191, 107, 82, 0.496094); \">M\u00e9rida, Yucat\u00e1n, 4 de septiembre de 2014.- Un grupo de 65 j\u00f3venes yucatecos recibi\u00f3 igual n\u00famero de becas para obtener grados acad\u00e9micos de maestr\u00eda o doctorado en universidades del extranjero, gracias a apoyos gestionados en estrecha colaboraci\u00f3n entre el Gobierno del Estado y el Consejo Nacional de Ciencia y Tecnolog\u00eda (Conacyt).<\/div>\n<div style=\"font-family: Noteworthy; font-size: 20px; font-weight: bold; line-height: 26px; -webkit-tap-highlight-color: rgba(26, 26, 26, 0.296875); -webkit-composition-fill-color: rgba(130, 98, 83, 0.0976563); -webkit-composition-frame-color: rgba(191, 107, 82, 0.496094); \">En ceremonia realizada en el Sal\u00f3n de la Historia de la sede del Poder Ejecutivo, el Gobernador Rolando Zapata Bello hizo entrega de este respaldo a los beneficiarios, de los cuales, 48 estudiar\u00e1n maestr\u00edas y 17, doctorados en instituciones de Europa, Asia y Estados Unidos, entre otras regiones del mundo.<\/div>\n<div style=\"font-family: Noteworthy; font-size: 20px; font-weight: bold; line-height: 26px; -webkit-tap-highlight-color: rgba(26, 26, 26, 0.296875); -webkit-composition-fill-color: rgba(130, 98, 83, 0.0976563); -webkit-composition-frame-color: rgba(191, 107, 82, 0.496094); \">Al dirigir un mensaje a los nuevos becarios, Zapata Bello se\u00f1al\u00f3 que incrementar el n\u00famero de apoyos acad\u00e9micos a\u00f1o con a\u00f1o es un compromiso establecido en la din\u00e1mica del Gobierno del Estado y ejecutado como pol\u00edtica p\u00fablica en materia de educaci\u00f3n, pues en 2013 fueron 49 las otorgadas y en 2012, un total de 32.<\/div>\n<div style=\"font-family: Noteworthy; font-size: 20px; font-weight: bold; line-height: 26px; -webkit-tap-highlight-color: rgba(26, 26, 26, 0.296875); -webkit-composition-fill-color: rgba(130, 98, 83, 0.0976563); -webkit-composition-frame-color: rgba(191, 107, 82, 0.496094); \">Esta estrategia corresponde a una visi\u00f3n del fortalecimiento del capital humano destinado a influir positivamente en el desarrollo de Yucat\u00e1n, agreg\u00f3.<\/div>\n<div style=\"font-family: Noteworthy; font-size: 20px; font-weight: bold; line-height: 26px; -webkit-tap-highlight-color: rgba(26, 26, 26, 0.296875); -webkit-composition-fill-color: rgba(130, 98, 83, 0.0976563); -webkit-composition-frame-color: rgba(191, 107, 82, 0.496094); \">En el evento se inform\u00f3 que de las 65 becas, 27 se otorgaron a mujeres, lo cual representa un 42 por ciento del total. De las beneficiarias, ocho optar\u00e1n por un doctorado.<\/div>\n<div style=\"font-family: Noteworthy; font-size: 20px; font-weight: bold; line-height: 26px; -webkit-tap-highlight-color: rgba(26, 26, 26, 0.296875); -webkit-composition-fill-color: rgba(130, 98, 83, 0.0976563); -webkit-composition-frame-color: rgba(191, 107, 82, 0.496094); \">Los pa\u00edses que recibieron la mayor demanda de solicitudes por parte de los interesados fueron Inglaterra y Espa\u00f1a, con 25 por ciento; Estados Unidos, 12 por ciento, y Alemania, 10 por ciento. Entre estos cuatro pa\u00edses se contabiliza m\u00e1s del 70 por ciento de las becas que el Gobierno estatal y el Conacyt entregaron en esta ocasi\u00f3n.<\/div>\n<div style=\"font-family: Noteworthy; font-size: 20px; font-weight: bold; line-height: 26px; -webkit-tap-highlight-color: rgba(26, 26, 26, 0.296875); -webkit-composition-fill-color: rgba(130, 98, 83, 0.0976563); -webkit-composition-frame-color: rgba(191, 107, 82, 0.496094); \">En su intervenci\u00f3n, el secretario de Educaci\u00f3n del Estado, Ra\u00fal Godoy Monta\u00f1ez, dijo que el fortalecimiento de Yucat\u00e1n, basado en la consolidaci\u00f3n de capital humano de alta especialidad y con conocimientos s\u00f3lidos, es una de las columnas sobre las cuales se manejan las pol\u00edticas p\u00fablicas en la materia que impulsa el Gobernador Zapata Bello.<\/div>\n<div style=\"font-family: Noteworthy; font-size: 20px; font-weight: bold; line-height: 26px; -webkit-tap-highlight-color: rgba(26, 26, 26, 0.296875); -webkit-composition-fill-color: rgba(130, 98, 83, 0.0976563); -webkit-composition-frame-color: rgba(191, 107, 82, 0.496094); \">Esto, a\u00f1adi\u00f3, permite que Yucat\u00e1n sea la entidad con el mayor n\u00famero de miembros del Sistema Nacional de Investigadores (SNI) en el Sureste mexicano, el cual asciende a 470. Se espera que a su regreso los postulantes aumenten el total de personas que esta regi\u00f3n del pa\u00eds aporta para generar conocimiento cient\u00edfico, con 65 m\u00e1s.<\/div>\n<div style=\"font-family: Noteworthy; font-size: 20px; font-weight: bold; line-height: 26px; -webkit-tap-highlight-color: rgba(26, 26, 26, 0.296875); -webkit-composition-fill-color: rgba(130, 98, 83, 0.0976563); -webkit-composition-frame-color: rgba(191, 107, 82, 0.496094); \">Al hacer uso de la palabra, el director General del Consejo de Ciencia, Innovaci\u00f3n y Tecnolog\u00eda del Estado de Yucat\u00e1n (Conciytey), Tom\u00e1s Gonz\u00e1lez Estrada, record\u00f3 que este programa conjunto data de 2008 cuando comenzaron las pl\u00e1ticas, gracias a lo cual a\u00f1o con a\u00f1o ha crecido de forma continua en el n\u00famero de apoyos entregados, un logro resultado de la coordinaci\u00f3n entre instituciones federales y estatales en favor de los yucatecos.<\/div>\n<div style=\"font-family: Noteworthy; font-size: 20px; font-weight: bold; line-height: 26px; -webkit-tap-highlight-color: rgba(26, 26, 26, 0.296875); -webkit-composition-fill-color: rgba(130, 98, 83, 0.0976563); -webkit-composition-frame-color: rgba(191, 107, 82, 0.496094); \">Por su parte, la becaria Graciela Carrillo Carrillo expres\u00f3, a nombre de todos los beneficiarios, el agradecimiento al Gobernador, a su equipo de trabajo y a las autoridades del Conacyt por poner al alcance de los j\u00f3venes la convocatoria, que representa una oportunidad de impulsar a nuevos investigadores, emprendedores y futuros agentes de los cambios estructurales en la regi\u00f3n y el pa\u00eds.<\/div>\n<div style=\"font-family: Noteworthy; font-size: 20px; font-weight: bold; line-height: 26px; -webkit-tap-highlight-color: rgba(26, 26, 26, 0.296875); -webkit-composition-fill-color: rgba(130, 98, 83, 0.0976563); -webkit-composition-frame-color: rgba(191, 107, 82, 0.496094); \">Acudieron al evento el delegado de la Secretar\u00eda de Educaci\u00f3n P\u00fablica (SEP), Wilberth Chi G\u00f3ngora; el representante del director de Desarrollo Regional &nbsp;Sureste del Conacyt, Alejandro Sol\u00eds G\u00f3mez; la becaria de la Convocatoria 2009 de este programa, Ileana Cer\u00f3n Palma, y la diputada Flor D\u00edaz Castillo.&nbsp;<\/p>\n<div class=\"separator\" style=\"clear: both;\"><a href=\"https:\/\/lh6.googleusercontent.com\/-tcICCHzs4-8\/VAjROo5PT6I\/AAAAAAAAju0\/74fiF0OgYPM\/s640\/blogger-image--2080796056.jpg\" imageanchor=\"1\" style=\"margin-left: 1em; margin-right: 1em;\"><img decoding=\"async\" border=\"0\" src=\"https:\/\/lh6.googleusercontent.com\/-tcICCHzs4-8\/VAjROo5PT6I\/AAAAAAAAju0\/74fiF0OgYPM\/s640\/blogger-image--2080796056.jpg\"><\/a><\/div>\n<\/div>\n<div><\/div>\n","protected":false},"excerpt":{"rendered":"<p>M\u00e9rida, Yucat\u00e1n, 4 de septiembre de 2014.- Un grupo de 65 j\u00f3venes yucatecos recibi\u00f3 igual n\u00famero de becas para obtener grados acad\u00e9micos de maestr\u00eda o doctorado en universidades del extranjero,<\/p>\n","protected":false},"author":1,"featured_media":15129,"comment_status":"open","ping_status":"open","sticky":false,"template":"","format":"standard","meta":{"jetpack_post_was_ever_published":false,"_jetpack_newsletter_access":"","_jetpack_dont_email_post_to_subs":false,"_jetpack_newsletter_tier_id":0,"_jetpack_memberships_contains_paywalled_content":false,"_jetpack_memberships_contains_paid_content":false,"footnotes":"","jetpack_publicize_message":"","jetpack_publicize_feature_enabled":true,"jetpack_social_post_already_shared":false,"jetpack_social_options":{"image_generator_settings":{"template":"highway","default_image_id":0,"font":"","enabled":false},"version":2}},"categories":[17,1],"tags":[],"class_list":["post-2509","post","type-post","status-publish","format-standard","has-post-thumbnail","hentry","category-politica-y-gobierno","category-sin-categoria"],"jetpack_publicize_connections":[],"jetpack_featured_media_url":"https:\/\/formalprision.com\/wp-content\/uploads\/2014\/09\/blogger-image-2080796056.jpg","jetpack_sharing_enabled":true,"jetpack_shortlink":"https:\/\/wp.me\/p6id8p-Et","_links":{"self":[{"href":"https:\/\/formalprision.com\/index.php?rest_route=\/wp\/v2\/posts\/2509","targetHints":{"allow":["GET"]}}],"collection":[{"href":"https:\/\/formalprision.com\/index.php?rest_route=\/wp\/v2\/posts"}],"about":[{"href":"https:\/\/formalprision.com\/index.php?rest_route=\/wp\/v2\/types\/post"}],"author":[{"embeddable":true,"href":"https:\/\/formalprision.com\/index.php?rest_route=\/wp\/v2\/users\/1"}],"replies":[{"embeddable":true,"href":"https:\/\/formalprision.com\/index.php?rest_route=%2Fwp%2Fv2%2Fcomments&post=2509"}],"version-history":[{"count":0,"href":"https:\/\/formalprision.com\/index.php?rest_route=\/wp\/v2\/posts\/2509\/revisions"}],"wp:featuredmedia":[{"embeddable":true,"href":"https:\/\/formalprision.com\/index.php?rest_route=\/wp\/v2\/media\/15129"}],"wp:attachment":[{"href":"https:\/\/formalprision.com\/index.php?rest_route=%2Fwp%2Fv2%2Fmedia&parent=2509"}],"wp:term":[{"taxonomy":"category","embeddable":true,"href":"https:\/\/formalprision.com\/index.php?rest_route=%2Fwp%2Fv2%2Fcategories&post=2509"},{"taxonomy":"post_tag","embeddable":true,"href":"https:\/\/formalprision.com\/index.php?rest_route=%2Fwp%2Fv2%2Ftags&post=2509"}],"curies":[{"name":"wp","href":"https:\/\/api.w.org\/{rel}","templated":true}]}}