{"id":2510,"date":"2014-09-04T17:14:00","date_gmt":"2014-09-04T17:14:00","guid":{"rendered":"http:\/\/formalprision.info\/2014\/09\/04\/tras-4-anos-en-coma-muere-gustavo-cerati\/"},"modified":"2015-06-03T08:35:36","modified_gmt":"2015-06-03T08:35:36","slug":"tras-4-anos-en-coma-muere-gustavo-cerati","status":"publish","type":"post","link":"https:\/\/formalprision.com\/?p=2510","title":{"rendered":"Tras 4 a\u00f1os en coma, muere Gustavo Cerati"},"content":{"rendered":"<div class=\"MsoNormal\">\nLuego de<br \/>\ncuatro a\u00f1os de permanecer en coma, este jueves falleci\u00f3 el rockero argentino<br \/>\nGustavo Cerati, uno de los m\u00fasicos latinoamericanos m\u00e1s reconocidos en el<br \/>\nmundo.<\/div>\n<div class=\"MsoNormal\">\nEl artista<br \/>\nsudamericano sufri\u00f3 el 15 de mayo un accidente cerebro vascular que lo dej\u00f3 en<br \/>\ncoma desde entonces.<\/div>\n<p>Y pasaron<br \/>\ncuatro a\u00f1os en los que las esperanzas de sus familiares, en particular su<br \/>\nmadre, nunca decayeron. Sin embargo, el milagro nunca ocurri\u00f3 y Cerati falleci\u00f3<br \/>\neste jueves.<\/p>\n<div class=\"MsoNormal\">\nCerati naci\u00f3 en 1959 en Barracas, provincia de Buenos Aires. Su nombre completo era Gustavo Adri\u00e1n Cerati Clark. Fue cantautor, compositor y productor discogr\u00e1fico, considerado uno de los m\u00e1s influyentes m\u00fasicos del rock iberoamericano y una leyenda del rock argentino.&nbsp;<\/div>\n<div class=\"MsoNormal\">\n<\/div>\n<div class=\"separator\" style=\"clear: both; text-align: center;\">\n<a href=\"http:\/\/formalprision.com\/wp-content\/uploads\/2014\/09\/gustavoc.jpg\" imageanchor=\"1\" style=\"margin-left: 1em; margin-right: 1em;\"><img loading=\"lazy\" decoding=\"async\" border=\"0\" src=\"http:\/\/formalprision.com\/wp-content\/uploads\/2014\/09\/gustavoc.jpg\" height=\"289\" width=\"320\"><\/a><\/div>\n<div class=\"MsoNormal\">\n<\/div>\n","protected":false},"excerpt":{"rendered":"<p>Luego de cuatro a\u00f1os de permanecer en coma, este jueves falleci\u00f3 el rockero argentino Gustavo Cerati, uno de los m\u00fasicos latinoamericanos m\u00e1s reconocidos en el mundo. El artista sudamericano sufri\u00f3<\/p>\n","protected":false},"author":1,"featured_media":15130,"comment_status":"open","ping_status":"open","sticky":false,"template":"","format":"standard","meta":{"jetpack_post_was_ever_published":false,"_jetpack_newsletter_access":"","_jetpack_dont_email_post_to_subs":false,"_jetpack_newsletter_tier_id":0,"_jetpack_memberships_contains_paywalled_content":false,"_jetpack_memberships_contains_paid_content":false,"footnotes":"","jetpack_publicize_message":"","jetpack_publicize_feature_enabled":true,"jetpack_social_post_already_shared":false,"jetpack_social_options":{"image_generator_settings":{"template":"highway","default_image_id":0,"font":"","enabled":false},"version":2}},"categories":[1,49],"tags":[],"class_list":["post-2510","post","type-post","status-publish","format-standard","has-post-thumbnail","hentry","category-sin-categoria","category-tocho-morocho"],"jetpack_publicize_connections":[],"jetpack_featured_media_url":"https:\/\/formalprision.com\/wp-content\/uploads\/2014\/09\/gustavoc.jpg","jetpack_sharing_enabled":true,"jetpack_shortlink":"https:\/\/wp.me\/p6id8p-Eu","_links":{"self":[{"href":"https:\/\/formalprision.com\/index.php?rest_route=\/wp\/v2\/posts\/2510","targetHints":{"allow":["GET"]}}],"collection":[{"href":"https:\/\/formalprision.com\/index.php?rest_route=\/wp\/v2\/posts"}],"about":[{"href":"https:\/\/formalprision.com\/index.php?rest_route=\/wp\/v2\/types\/post"}],"author":[{"embeddable":true,"href":"https:\/\/formalprision.com\/index.php?rest_route=\/wp\/v2\/users\/1"}],"replies":[{"embeddable":true,"href":"https:\/\/formalprision.com\/index.php?rest_route=%2Fwp%2Fv2%2Fcomments&post=2510"}],"version-history":[{"count":0,"href":"https:\/\/formalprision.com\/index.php?rest_route=\/wp\/v2\/posts\/2510\/revisions"}],"wp:featuredmedia":[{"embeddable":true,"href":"https:\/\/formalprision.com\/index.php?rest_route=\/wp\/v2\/media\/15130"}],"wp:attachment":[{"href":"https:\/\/formalprision.com\/index.php?rest_route=%2Fwp%2Fv2%2Fmedia&parent=2510"}],"wp:term":[{"taxonomy":"category","embeddable":true,"href":"https:\/\/formalprision.com\/index.php?rest_route=%2Fwp%2Fv2%2Fcategories&post=2510"},{"taxonomy":"post_tag","embeddable":true,"href":"https:\/\/formalprision.com\/index.php?rest_route=%2Fwp%2Fv2%2Ftags&post=2510"}],"curies":[{"name":"wp","href":"https:\/\/api.w.org\/{rel}","templated":true}]}}