{"id":2512,"date":"2014-09-04T16:21:00","date_gmt":"2014-09-04T16:21:00","guid":{"rendered":"http:\/\/formalprision.info\/2014\/09\/04\/anuncia-el-gobernador-proyectos-para\/"},"modified":"2015-06-03T08:35:36","modified_gmt":"2015-06-03T08:35:36","slug":"anuncia-el-gobernador-proyectos-para","status":"publish","type":"post","link":"https:\/\/formalprision.com\/?p=2512","title":{"rendered":"Anuncia el gobernador proyectos para impulsar econom\u00eda estatal"},"content":{"rendered":"<div style=\"font-family: Noteworthy; font-size: 20px; font-weight: bold; line-height: 26px; -webkit-tap-highlight-color: rgba(26, 26, 26, 0.296875); -webkit-composition-fill-color: rgba(130, 98, 83, 0.0976563); -webkit-composition-frame-color: rgba(191, 107, 82, 0.496094); \">\n<div>M\u00e9rida, Yucat\u00e1n, 4 de septiembre de 2014.- A fin de potenciar el desarrollo, la conectividad y la generaci\u00f3n de valor agregado a los productos locales, el Gobernador Rolando Zapata Bello anunci\u00f3 proyectos estrat\u00e9gicos como el impulso al Ferrocarril Chiapas-Mayab, que se sumar\u00e1 a la modernizaci\u00f3n del Puerto de Altura de Progreso y la Plataforma Log\u00edstica.<\/div>\n<div>Acompa\u00f1ado del presidente de la Asociaci\u00f3n Mexicana de Transporte Intermodal (AMTI), Fernando Ramos Casas, el titular del Poder Ejecutivo inaugur\u00f3 el Congreso de Transporte Intermodal 2014, el cual re\u00fane en la capital yucateca a expertos en el tema que contribuir\u00e1n con sus conocimientos a impulsar sectores de la regi\u00f3n que se relacionan con el comercio exterior.<\/div>\n<div>En el marco del 15 aniversario del citado organismo, el mandatario indic\u00f3 que la modernizaci\u00f3n del Puerto de Altura y la Plataforma Log\u00edstica iniciaron en este 2014 y explic\u00f3 que el presupuesto para su ejecuci\u00f3n est\u00e1 contemplado en el Programa Nacional de Infraestructura 2014-2018.<\/div>\n<div>\u201cQue m\u00e1s empresas inviertan en Yucat\u00e1n, que m\u00e1s productos yucatecos compitan en el mercado nacional e internacional y sobre todo que se creen m\u00e1s empleos formales de calidad\u00bb, asever\u00f3.<\/div>\n<div>Zapata Bello abund\u00f3 que esos importantes planes permitir\u00e1n atender los retos de la econom\u00eda yucateca y detall\u00f3 que la modernizaci\u00f3n del Puerto de Altura de Progreso se complementa con la Plataforma Log\u00edstica en la que converger\u00e1n el transporte por tierra, el mar\u00edtimo y el ferroviario, adem\u00e1s de que a dichos proyectos tambi\u00e9n se suma el Anillo Vial Metropolitano de M\u00e9rida.<\/div>\n<div>Con la presencia del titular de la Secretar\u00eda de Fomento Econ\u00f3mico (Sefoe), David Alpizar Carrillo, Ramos Casas subray\u00f3 que la Asociaci\u00f3n que encabeza respalda planes de gran alcance como los que pretende realizar el Gobierno del Presidente Enrique Pe\u00f1a Nieto, quien en su Segundo Informe dej\u00f3 claro su compromiso para fortalecer el tr\u00e1nsito intermodal y las obras de acceso a nodos log\u00edsticos.<\/div>\n<div>Como transporte intermodal se designa al traslado de mercanc\u00edas en el que las unidades de carga se env\u00edan mediante al menos dos medios diferentes.<\/div>\n<div>En el encuentro se abordar\u00e1n temas como \u201cEvoluci\u00f3n del intermodal en M\u00e9xico\u201d, \u201cInfluencias de las pol\u00edticas p\u00fablicas en el desarrollo del intermodal\u201d, \u201cExpectativas y necesidades del usuario\u201d, \u201cRetos y oportunidades en la conectividad portuaria\u201d, \u201cEstrategias para el fomento del transporte intermodal\u201d y \u201cLos ferrocarriles mexicanos y su participaci\u00f3n en el transporte intermodal\u201d.<\/div>\n<div>Al evento asistieron los ex presidentes de la AMTI, Carlos V\u00e9lez Ocampo, Eduardo Aspero Zanella e Isaac Franklin Unkind; as\u00ed como el director General Adjunto de Transporte Multimodal y Log\u00edstica de la Secretar\u00eda de Comunicaciones y Transportes, Fernando Tehuintle Bas\u00e1\u00f1ez.<\/div>\n<div>\n<div class=\"separator\" style=\"clear: both;\"><a href=\"https:\/\/lh5.googleusercontent.com\/-_l3LISub_4Q\/VAiRlXgnCLI\/AAAAAAAAjuk\/kELpB6obNe8\/s640\/blogger-image-73113022.jpg\" imageanchor=\"1\" style=\"margin-left: 1em; margin-right: 1em;\"><img decoding=\"async\" border=\"0\" src=\"https:\/\/lh5.googleusercontent.com\/-_l3LISub_4Q\/VAiRlXgnCLI\/AAAAAAAAjuk\/kELpB6obNe8\/s640\/blogger-image-73113022.jpg\"><\/a><\/div>\n<p><\/div>\n<\/div>\n","protected":false},"excerpt":{"rendered":"<p>M\u00e9rida, Yucat\u00e1n, 4 de septiembre de 2014.- A fin de potenciar el desarrollo, la conectividad y la generaci\u00f3n de valor agregado a los productos locales, el Gobernador Rolando Zapata Bello<\/p>\n","protected":false},"author":1,"featured_media":15135,"comment_status":"open","ping_status":"open","sticky":false,"template":"","format":"standard","meta":{"jetpack_post_was_ever_published":false,"_jetpack_newsletter_access":"","_jetpack_dont_email_post_to_subs":false,"_jetpack_newsletter_tier_id":0,"_jetpack_memberships_contains_paywalled_content":false,"_jetpack_memberships_contains_paid_content":false,"footnotes":"","jetpack_publicize_message":"","jetpack_publicize_feature_enabled":true,"jetpack_social_post_already_shared":false,"jetpack_social_options":{"image_generator_settings":{"template":"highway","default_image_id":0,"font":"","enabled":false},"version":2}},"categories":[17,1],"tags":[],"class_list":["post-2512","post","type-post","status-publish","format-standard","has-post-thumbnail","hentry","category-politica-y-gobierno","category-sin-categoria"],"jetpack_publicize_connections":[],"jetpack_featured_media_url":"https:\/\/formalprision.com\/wp-content\/uploads\/2014\/09\/blogger-image-73113022.jpg","jetpack_sharing_enabled":true,"jetpack_shortlink":"https:\/\/wp.me\/p6id8p-Ew","_links":{"self":[{"href":"https:\/\/formalprision.com\/index.php?rest_route=\/wp\/v2\/posts\/2512","targetHints":{"allow":["GET"]}}],"collection":[{"href":"https:\/\/formalprision.com\/index.php?rest_route=\/wp\/v2\/posts"}],"about":[{"href":"https:\/\/formalprision.com\/index.php?rest_route=\/wp\/v2\/types\/post"}],"author":[{"embeddable":true,"href":"https:\/\/formalprision.com\/index.php?rest_route=\/wp\/v2\/users\/1"}],"replies":[{"embeddable":true,"href":"https:\/\/formalprision.com\/index.php?rest_route=%2Fwp%2Fv2%2Fcomments&post=2512"}],"version-history":[{"count":0,"href":"https:\/\/formalprision.com\/index.php?rest_route=\/wp\/v2\/posts\/2512\/revisions"}],"wp:featuredmedia":[{"embeddable":true,"href":"https:\/\/formalprision.com\/index.php?rest_route=\/wp\/v2\/media\/15135"}],"wp:attachment":[{"href":"https:\/\/formalprision.com\/index.php?rest_route=%2Fwp%2Fv2%2Fmedia&parent=2512"}],"wp:term":[{"taxonomy":"category","embeddable":true,"href":"https:\/\/formalprision.com\/index.php?rest_route=%2Fwp%2Fv2%2Fcategories&post=2512"},{"taxonomy":"post_tag","embeddable":true,"href":"https:\/\/formalprision.com\/index.php?rest_route=%2Fwp%2Fv2%2Ftags&post=2512"}],"curies":[{"name":"wp","href":"https:\/\/api.w.org\/{rel}","templated":true}]}}