{"id":2514,"date":"2014-09-04T15:37:00","date_gmt":"2014-09-04T15:37:00","guid":{"rendered":"http:\/\/formalprision.info\/2014\/09\/04\/presentan-cartelera-de-artistas-para-e\/"},"modified":"2015-06-03T08:35:37","modified_gmt":"2015-06-03T08:35:37","slug":"presentan-cartelera-de-artistas-para-e","status":"publish","type":"post","link":"https:\/\/formalprision.com\/?p=2514","title":{"rendered":"Presentan cartelera de artistas para el palenque de la Feria\nXmatkuil2014"},"content":{"rendered":"<div class=\"MsoNormal\">\nEste jueves se realiz\u00f3 la presentaci\u00f3n del cartel de<br \/>\nartistas que actuar\u00e1n en el palenque de la Feria de Xmatkuil 2014.<\/div>\n<div class=\"MsoNormal\">\nGrupo Armar present\u00f3 en<br \/>\nuna conferencia de prensa los pormenores de lo que se vivir\u00e1 en esta gran<br \/>\nfiesta en la Feria Yucat\u00e1n, que este a\u00f1o cumple 40 a\u00f1os.<\/div>\n<div class=\"MsoNormal\">\nEntre los artistas que se<br \/>\npresentar\u00e1n est\u00e1n Margarita, la Diosa de la Cumbia, adem\u00e1s de Aleks Syntek y<br \/>\nPandora.<\/div>\n<div class=\"MsoNormal\">\nTambi\u00e9n estar\u00e1 presente el<br \/>\ntalento yucateco con la presentaci\u00f3n de Nani Nam\u00fa y Pierre David, con su show<br \/>\nde Parodiando a la Estrellas.<\/div>\n<p><\/p>\n<div class=\"MsoNormal\">\nEn ocasiones anteriores se<br \/>\nhan presentado en el escenario de Xmatkuil cantantes de la talla de Yuri,<br \/>\nLupita D\u2019Alessio y Alejandra Guzm\u00e1n.<\/p>\n<\/div>\n<div class=\"separator\" style=\"clear: both; text-align: center;\">\n<a href=\"http:\/\/formalprision.com\/wp-content\/uploads\/2014\/09\/diosa.jpg\" imageanchor=\"1\" style=\"margin-left: 1em; margin-right: 1em;\"><img loading=\"lazy\" decoding=\"async\" border=\"0\" src=\"http:\/\/formalprision.com\/wp-content\/uploads\/2014\/09\/diosa.jpg\" height=\"225\" width=\"320\"><\/a><\/div>\n<div class=\"MsoNormal\">\n<\/div>\n<div class=\"MsoNormal\">\n<\/div>\n","protected":false},"excerpt":{"rendered":"<p>Este jueves se realiz\u00f3 la presentaci\u00f3n del cartel de artistas que actuar\u00e1n en el palenque de la Feria de Xmatkuil 2014. Grupo Armar present\u00f3 en una conferencia de prensa los<\/p>\n","protected":false},"author":1,"featured_media":15138,"comment_status":"open","ping_status":"open","sticky":false,"template":"","format":"standard","meta":{"jetpack_post_was_ever_published":false,"_jetpack_newsletter_access":"","_jetpack_dont_email_post_to_subs":false,"_jetpack_newsletter_tier_id":0,"_jetpack_memberships_contains_paywalled_content":false,"_jetpack_memberships_contains_paid_content":false,"footnotes":"","jetpack_publicize_message":"","jetpack_publicize_feature_enabled":true,"jetpack_social_post_already_shared":false,"jetpack_social_options":{"image_generator_settings":{"template":"highway","default_image_id":0,"font":"","enabled":false},"version":2}},"categories":[10,3,1],"tags":[],"class_list":["post-2514","post","type-post","status-publish","format-standard","has-post-thumbnail","hentry","category-lectura-recomendada","category-portada","category-sin-categoria"],"jetpack_publicize_connections":[],"jetpack_featured_media_url":"https:\/\/formalprision.com\/wp-content\/uploads\/2014\/09\/diosa.jpg","jetpack_sharing_enabled":true,"jetpack_shortlink":"https:\/\/wp.me\/p6id8p-Ey","_links":{"self":[{"href":"https:\/\/formalprision.com\/index.php?rest_route=\/wp\/v2\/posts\/2514","targetHints":{"allow":["GET"]}}],"collection":[{"href":"https:\/\/formalprision.com\/index.php?rest_route=\/wp\/v2\/posts"}],"about":[{"href":"https:\/\/formalprision.com\/index.php?rest_route=\/wp\/v2\/types\/post"}],"author":[{"embeddable":true,"href":"https:\/\/formalprision.com\/index.php?rest_route=\/wp\/v2\/users\/1"}],"replies":[{"embeddable":true,"href":"https:\/\/formalprision.com\/index.php?rest_route=%2Fwp%2Fv2%2Fcomments&post=2514"}],"version-history":[{"count":0,"href":"https:\/\/formalprision.com\/index.php?rest_route=\/wp\/v2\/posts\/2514\/revisions"}],"wp:featuredmedia":[{"embeddable":true,"href":"https:\/\/formalprision.com\/index.php?rest_route=\/wp\/v2\/media\/15138"}],"wp:attachment":[{"href":"https:\/\/formalprision.com\/index.php?rest_route=%2Fwp%2Fv2%2Fmedia&parent=2514"}],"wp:term":[{"taxonomy":"category","embeddable":true,"href":"https:\/\/formalprision.com\/index.php?rest_route=%2Fwp%2Fv2%2Fcategories&post=2514"},{"taxonomy":"post_tag","embeddable":true,"href":"https:\/\/formalprision.com\/index.php?rest_route=%2Fwp%2Fv2%2Ftags&post=2514"}],"curies":[{"name":"wp","href":"https:\/\/api.w.org\/{rel}","templated":true}]}}