{"id":2521,"date":"2014-09-04T01:00:00","date_gmt":"2014-09-04T01:00:00","guid":{"rendered":"http:\/\/formalprision.info\/2014\/09\/04\/adolescente-huye-con-el-novio-y-un-mes\/"},"modified":"2015-06-03T08:35:38","modified_gmt":"2015-06-03T08:35:38","slug":"adolescente-huye-con-el-novio-y-un-mes","status":"publish","type":"post","link":"https:\/\/formalprision.com\/?p=2521","title":{"rendered":"Localizan a adolescente que vivi\u00f3 un mes escondida con su enamorado"},"content":{"rendered":"<div style=\"font-family: Noteworthy; font-size: 20px; font-weight: bold; line-height: 26px; -webkit-tap-highlight-color: rgba(26, 26, 26, 0.296875); -webkit-composition-fill-color: rgba(130, 98, 83, 0.0976563); -webkit-composition-frame-color: rgba(191, 107, 82, 0.496094); \">Agentes Ministeriales localizaron este d\u00eda a Luc\u00eda Esmeralda Pool Cob de 13 a\u00f1os de edad, vecina de la colonia Amalia Sol\u00f3rzano y reportada como desaparecida por su familia desde finales de julio pasado.<\/div>\n<div style=\"font-family: Noteworthy; font-size: 20px; font-weight: bold; line-height: 26px; -webkit-tap-highlight-color: rgba(26, 26, 26, 0.296875); -webkit-composition-fill-color: rgba(130, 98, 83, 0.0976563); -webkit-composition-frame-color: rgba(191, 107, 82, 0.496094); \">Durante m\u00e1s de un mes, la adolescente estuvo escondida con su enamorado, aunque constantemente se cambiaba de casa para no ser detectada.<\/div>\n<div style=\"font-family: Noteworthy; font-size: 20px; font-weight: bold; line-height: 26px; -webkit-tap-highlight-color: rgba(26, 26, 26, 0.296875); -webkit-composition-fill-color: rgba(130, 98, 83, 0.0976563); -webkit-composition-frame-color: rgba(191, 107, 82, 0.496094); \">Luego del operativo de b\u00fasqueda, &nbsp;la menor fue encontrada por elementos de esta dependencia por el rumbo de la colonia Sambul\u00e1, despu\u00e9s de de cambiar varias veces de domicilio.<\/div>\n<div style=\"font-family: Noteworthy; font-size: 20px; font-weight: bold; line-height: 26px; -webkit-tap-highlight-color: rgba(26, 26, 26, 0.296875); -webkit-composition-fill-color: rgba(130, 98, 83, 0.0976563); -webkit-composition-frame-color: rgba(191, 107, 82, 0.496094); \">En la denuncia interpuesta por su madre Lucia Cob Jim\u00e9nez, se se\u00f1al\u00f3 que a finales de julio, al llegar a su casa, se percat\u00f3 de la desaparici\u00f3n de la menor, por lo que despu\u00e9s de preguntar en los alrededores, acudi\u00f3 a las autoridades para reportar los hechos.<\/div>\n<div style=\"font-family: Noteworthy; font-size: 20px; font-weight: bold; line-height: 26px; -webkit-tap-highlight-color: rgba(26, 26, 26, 0.296875); -webkit-composition-fill-color: rgba(130, 98, 83, 0.0976563); -webkit-composition-frame-color: rgba(191, 107, 82, 0.496094); \">Durante este lapso, en el que la menor estuvo acompa\u00f1ada de su enamorado -tambi\u00e9n menor de edad-, siempre mantuvo contacto con varios de sus amigos, a quienes dec\u00eda que se encontraba bien; no obstante, nunca develaba su paradero a fin de no ser localizada.<\/div>\n<div style=\"font-family: Noteworthy; font-size: 20px; font-weight: bold; line-height: 26px; -webkit-tap-highlight-color: rgba(26, 26, 26, 0.296875); -webkit-composition-fill-color: rgba(130, 98, 83, 0.0976563); -webkit-composition-frame-color: rgba(191, 107, 82, 0.496094); \">En el caso intervino la Unidad Especializada en el Combate al Secuestro (UECS), cuyos elementos lograron tener pormenores sobre el paradero de la joven, finalmente recuperada.<\/div>\n<div style=\"font-family: Noteworthy; font-size: 20px; font-weight: bold; line-height: 26px; -webkit-tap-highlight-color: rgba(26, 26, 26, 0.296875); -webkit-composition-fill-color: rgba(130, 98, 83, 0.0976563); -webkit-composition-frame-color: rgba(191, 107, 82, 0.496094); \">La tarde de este mi\u00e9rcoles se hizo la entrega oficial de la joven a su progenitora, al tiempo de darse a conocer que ambas ser\u00e1n apoyadas con varios programas a cargo de especialistas de la &nbsp;Unidad de Atenci\u00f3n a V\u00edctimas.<\/p>\n<div class=\"separator\" style=\"clear: both;\"><a href=\"https:\/\/lh6.googleusercontent.com\/-DfRKDy9EtRE\/VAe6vE_CbdI\/AAAAAAAAjtc\/rO5sZs5Wyy0\/s640\/blogger-image-1584760561.jpg\" imageanchor=\"1\" style=\"margin-left: 1em; margin-right: 1em;\"><img decoding=\"async\" border=\"0\" src=\"https:\/\/lh6.googleusercontent.com\/-DfRKDy9EtRE\/VAe6vE_CbdI\/AAAAAAAAjtc\/rO5sZs5Wyy0\/s640\/blogger-image-1584760561.jpg\"><\/a><\/div>\n<div class=\"separator\" style=\"clear: both;\"><\/div>\n<\/div>\n","protected":false},"excerpt":{"rendered":"<p>Agentes Ministeriales localizaron este d\u00eda a Luc\u00eda Esmeralda Pool Cob de 13 a\u00f1os de edad, vecina de la colonia Amalia Sol\u00f3rzano y reportada como desaparecida por su familia desde finales<\/p>\n","protected":false},"author":1,"featured_media":15153,"comment_status":"open","ping_status":"open","sticky":false,"template":"","format":"standard","meta":{"jetpack_post_was_ever_published":false,"_jetpack_newsletter_access":"","_jetpack_dont_email_post_to_subs":false,"_jetpack_newsletter_tier_id":0,"_jetpack_memberships_contains_paywalled_content":false,"_jetpack_memberships_contains_paid_content":false,"footnotes":"","jetpack_publicize_message":"","jetpack_publicize_feature_enabled":true,"jetpack_social_post_already_shared":false,"jetpack_social_options":{"image_generator_settings":{"template":"highway","default_image_id":0,"font":"","enabled":false},"version":2}},"categories":[7,3,1],"tags":[],"class_list":["post-2521","post","type-post","status-publish","format-standard","has-post-thumbnail","hentry","category-breves","category-portada","category-sin-categoria"],"jetpack_publicize_connections":[],"jetpack_featured_media_url":"https:\/\/formalprision.com\/wp-content\/uploads\/2014\/09\/blogger-image-1584760561.jpg","jetpack_sharing_enabled":true,"jetpack_shortlink":"https:\/\/wp.me\/p6id8p-EF","_links":{"self":[{"href":"https:\/\/formalprision.com\/index.php?rest_route=\/wp\/v2\/posts\/2521","targetHints":{"allow":["GET"]}}],"collection":[{"href":"https:\/\/formalprision.com\/index.php?rest_route=\/wp\/v2\/posts"}],"about":[{"href":"https:\/\/formalprision.com\/index.php?rest_route=\/wp\/v2\/types\/post"}],"author":[{"embeddable":true,"href":"https:\/\/formalprision.com\/index.php?rest_route=\/wp\/v2\/users\/1"}],"replies":[{"embeddable":true,"href":"https:\/\/formalprision.com\/index.php?rest_route=%2Fwp%2Fv2%2Fcomments&post=2521"}],"version-history":[{"count":0,"href":"https:\/\/formalprision.com\/index.php?rest_route=\/wp\/v2\/posts\/2521\/revisions"}],"wp:featuredmedia":[{"embeddable":true,"href":"https:\/\/formalprision.com\/index.php?rest_route=\/wp\/v2\/media\/15153"}],"wp:attachment":[{"href":"https:\/\/formalprision.com\/index.php?rest_route=%2Fwp%2Fv2%2Fmedia&parent=2521"}],"wp:term":[{"taxonomy":"category","embeddable":true,"href":"https:\/\/formalprision.com\/index.php?rest_route=%2Fwp%2Fv2%2Fcategories&post=2521"},{"taxonomy":"post_tag","embeddable":true,"href":"https:\/\/formalprision.com\/index.php?rest_route=%2Fwp%2Fv2%2Ftags&post=2521"}],"curies":[{"name":"wp","href":"https:\/\/api.w.org\/{rel}","templated":true}]}}