{"id":2522,"date":"2014-09-04T00:39:00","date_gmt":"2014-09-04T00:39:00","guid":{"rendered":"http:\/\/formalprision.info\/2014\/09\/04\/1-264-personas-beneficiadas-con\/"},"modified":"2015-06-03T08:35:38","modified_gmt":"2015-06-03T08:35:38","slug":"1-264-personas-beneficiadas-con","status":"publish","type":"post","link":"https:\/\/formalprision.com\/?p=2522","title":{"rendered":"1, 264 personas beneficiadas con programa de microcr\u00e9ditos en Yucat\u00e1n"},"content":{"rendered":"<div style=\"font-family: Noteworthy; font-size: 20px; font-weight: bold; line-height: 26px; -webkit-tap-highlight-color: rgba(26, 26, 26, 0.296875); -webkit-composition-fill-color: rgba(130, 98, 83, 0.0976563); -webkit-composition-frame-color: rgba(191, 107, 82, 0.496094); \">M\u00e9rida, Yucat\u00e1n, 3 de septiembre de 2014.- Ante el \u00e9xito del programa Cr\u00e9ditos Sociales para tu Bienestar, que hasta la fecha ha llegado a mil 264 personas con una inversi\u00f3n de 19.2 millones de pesos, el Gobierno federal ampliar\u00e1 sus acciones en la materia para apoyar con capacitaci\u00f3n y potencializar casos de \u00e9xito en los beneficiarios.<\/div>\n<div style=\"font-family: Noteworthy; font-size: 20px; font-weight: bold; line-height: 26px; -webkit-tap-highlight-color: rgba(26, 26, 26, 0.296875); -webkit-composition-fill-color: rgba(130, 98, 83, 0.0976563); -webkit-composition-frame-color: rgba(191, 107, 82, 0.496094); \">En el marco de la 17\u00aa Microcredit Summit \u201cLa pr\u00f3xima generaci\u00f3n: innovaci\u00f3n en microfinanzas\u201d, el Gobernador Rolando Zapata Bello, acompa\u00f1ado del premio Nobel de la Paz y creador del microcr\u00e9dito social, Muhammad Yunus, as\u00ed como del titular de la Secretar\u00eda de Econom\u00eda (SE), Ildefonso Guajardo Villareal, encabez\u00f3 la cuarta entrega de este esquema.<\/div>\n<div style=\"font-family: Noteworthy; font-size: 20px; font-weight: bold; line-height: 26px; -webkit-tap-highlight-color: rgba(26, 26, 26, 0.296875); -webkit-composition-fill-color: rgba(130, 98, 83, 0.0976563); -webkit-composition-frame-color: rgba(191, 107, 82, 0.496094); \">En esta ocasi\u00f3n y para sumar dicho alcance, 423 personas de 70 municipios recibieron cr\u00e9ditos sociales que representan recursos por 6.5 millones de pesos, que al igual que las tres ediciones pasadas, se adjudicaron de manera \u00e1gil y con un inter\u00e9s menor al seis por ciento anual.<\/div>\n<div style=\"font-family: Noteworthy; font-size: 20px; font-weight: bold; line-height: 26px; -webkit-tap-highlight-color: rgba(26, 26, 26, 0.296875); -webkit-composition-fill-color: rgba(130, 98, 83, 0.0976563); -webkit-composition-frame-color: rgba(191, 107, 82, 0.496094); \">Al dirigir un mensaje, en el Centro de Convenciones Yucat\u00e1n Siglo XXI, el titular del Poder Ejecutivo destac\u00f3 que en la regi\u00f3n los microcr\u00e9ditos son un instrumento poderoso para transformar la realidad de los habitantes, ya que al conseguir herramientas para sus respectivos negocios generan la oportunidad de ofrecer fuentes de empleo.<\/div>\n<div style=\"font-family: Noteworthy; font-size: 20px; font-weight: bold; line-height: 26px; -webkit-tap-highlight-color: rgba(26, 26, 26, 0.296875); -webkit-composition-fill-color: rgba(130, 98, 83, 0.0976563); -webkit-composition-frame-color: rgba(191, 107, 82, 0.496094); \">Ante beneficiarios y representantes del sector empresarial, &nbsp;as\u00ed como autoridades estatales, federales y municipales, Zapata Bello manifest\u00f3 que las acciones responden al compromiso 135 del Plan Estatal de Desarrollo 2012-2018, enfocado a dar inclusi\u00f3n financiera a mujeres, j\u00f3venes y personas vulnerables.<\/div>\n<div style=\"font-family: Noteworthy; font-size: 20px; font-weight: bold; line-height: 26px; -webkit-tap-highlight-color: rgba(26, 26, 26, 0.296875); -webkit-composition-fill-color: rgba(130, 98, 83, 0.0976563); -webkit-composition-frame-color: rgba(191, 107, 82, 0.496094); \">En este sentido, el mandatario estatal pidi\u00f3 a Muhammad Yunus, quien a lo largo de su vida ha trabajado en el fomento de los microcr\u00e9ditos, ser asesor del proyecto de cr\u00e9ditos sociales del Gobierno del Estado, para que \u00e9ste crezca y se desarrolle en respaldo de m\u00e1s yucatecos.<\/div>\n<div style=\"font-family: Noteworthy; font-size: 20px; font-weight: bold; line-height: 26px; -webkit-tap-highlight-color: rgba(26, 26, 26, 0.296875); -webkit-composition-fill-color: rgba(130, 98, 83, 0.0976563); -webkit-composition-frame-color: rgba(191, 107, 82, 0.496094); \">Al hacer uso de la palabra, el tambi\u00e9n creador del Banco Grameen, destinado a personas de escasos recursos, felicit\u00f3 al Gobierno del Estado por poner en marcha programas como el mencionado, ya que quienes lo reciben obtienen un boleto hacia un mejor futuro para sus vidas.<\/div>\n<div style=\"font-family: Noteworthy; font-size: 20px; font-weight: bold; line-height: 26px; -webkit-tap-highlight-color: rgba(26, 26, 26, 0.296875); -webkit-composition-fill-color: rgba(130, 98, 83, 0.0976563); -webkit-composition-frame-color: rgba(191, 107, 82, 0.496094); \">El Premio Nobel de la Paz coment\u00f3 que uno de los principales elementos para la existencia de esa estrategia es la confianza por ambas partes, y adem\u00e1s cont\u00f3 a los presentes c\u00f3mo realiz\u00f3 planes diferentes a la banca convencional con el fin de ayudar a los pobres.<\/div>\n<div style=\"font-family: Noteworthy; font-size: 20px; font-weight: bold; line-height: 26px; -webkit-tap-highlight-color: rgba(26, 26, 26, 0.296875); -webkit-composition-fill-color: rgba(130, 98, 83, 0.0976563); -webkit-composition-frame-color: rgba(191, 107, 82, 0.496094); \">Por su parte, Guajardo Villareal reconoci\u00f3 la visi\u00f3n y el trabajo en conjunto que realiza el Gobierno del Estado para el desarrollo del programa de Cr\u00e9ditos Sociales para tu Bienestar, por lo que asegur\u00f3 que el esquema nacional de financiamiento de microempresarios se va alinear al esfuerzo local para capacitar a los beneficiarios en el manejo de sus negocios.<\/div>\n<div style=\"font-family: Noteworthy; font-size: 20px; font-weight: bold; line-height: 26px; -webkit-tap-highlight-color: rgba(26, 26, 26, 0.296875); -webkit-composition-fill-color: rgba(130, 98, 83, 0.0976563); -webkit-composition-frame-color: rgba(191, 107, 82, 0.496094); \">Asimismo, el funcionario federal instruy\u00f3 al Instituto Nacional de la Econom\u00eda Social (Inaes) ampliar el impacto de sus acciones a favor de los yucatecos, adem\u00e1s de que esta instancia y el Instituto Nacional del Emprendedor (Inadem) se coordinen con las Secretar\u00edas de Desarrollo Social (Sedesol) y Fomento Econ\u00f3mico (Sefoe) para localizar casos de \u00e9xito y potencializarlos a una mejor etapa.<\/div>\n<div style=\"font-family: Noteworthy; font-size: 20px; font-weight: bold; line-height: 26px; -webkit-tap-highlight-color: rgba(26, 26, 26, 0.296875); -webkit-composition-fill-color: rgba(130, 98, 83, 0.0976563); -webkit-composition-frame-color: rgba(191, 107, 82, 0.496094); \">Al dar detalles del plan estatal, el titular de Sedesol, Nerio Torres Arcila, explic\u00f3 que las mujeres yucatecas son las m\u00e1s favorecidas, adem\u00e1s de j\u00f3venes y adultos mayores que han demostrado capacidades emprendedoras. Igual, asegur\u00f3 que la cartera recuperada del esquema hasta agosto es del 81 por ciento.<\/div>\n<div style=\"font-family: Noteworthy; font-size: 20px; font-weight: bold; line-height: 26px; -webkit-tap-highlight-color: rgba(26, 26, 26, 0.296875); -webkit-composition-fill-color: rgba(130, 98, 83, 0.0976563); -webkit-composition-frame-color: rgba(191, 107, 82, 0.496094); \">El funcionario tambi\u00e9n coment\u00f3 que el recurso no solamente se entrega una vez, sino que quienes pagan a tiempo pueden acceder nuevamente a los apoyos de una manera m\u00e1s sencilla y din\u00e1mica.<\/div>\n<div style=\"font-family: Noteworthy; font-size: 20px; font-weight: bold; line-height: 26px; -webkit-tap-highlight-color: rgba(26, 26, 26, 0.296875); -webkit-composition-fill-color: rgba(130, 98, 83, 0.0976563); -webkit-composition-frame-color: rgba(191, 107, 82, 0.496094); \">En relaci\u00f3n con la cuarta entrega, se benefician a 217 habitantes de M\u00e9rida y 206 del interior del estado, de las cuales 308 son mujeres, 88 hombres y 27 personas con discapacidad.<\/div>\n<div style=\"font-family: Noteworthy; font-size: 20px; font-weight: bold; line-height: 26px; -webkit-tap-highlight-color: rgba(26, 26, 26, 0.296875); -webkit-composition-fill-color: rgba(130, 98, 83, 0.0976563); -webkit-composition-frame-color: rgba(191, 107, 82, 0.496094); \">A nombre de los que resultaron favorecidos en esta ocasi\u00f3n, Martha Trujeque Lara, quien recibi\u00f3 40 mil pesos de cr\u00e9dito para un taller de calzado, agradeci\u00f3 a las autoridades la puesta en marcha del programa y asegur\u00f3 que utilizar\u00e1 el apoyo para conseguir mejor tecnolog\u00eda y poder competir con las grandes marcas en la creaci\u00f3n de zapatos artesanales, casuales, escolares y de vestir.<\/div>\n<div style=\"font-family: Noteworthy; font-size: 20px; font-weight: bold; line-height: 26px; -webkit-tap-highlight-color: rgba(26, 26, 26, 0.296875); -webkit-composition-fill-color: rgba(130, 98, 83, 0.0976563); -webkit-composition-frame-color: rgba(191, 107, 82, 0.496094); \">La se\u00f1ora tambi\u00e9n reconoci\u00f3 la aplicaci\u00f3n del programa Bienestar Escolar como un esquema que ayuda a la econom\u00eda de miles de familias yucatecas.<\/div>\n<div style=\"font-family: Noteworthy; font-size: 20px; font-weight: bold; line-height: 26px; -webkit-tap-highlight-color: rgba(26, 26, 26, 0.296875); -webkit-composition-fill-color: rgba(130, 98, 83, 0.0976563); -webkit-composition-frame-color: rgba(191, 107, 82, 0.496094); \">En el evento estuvieron presentes los presidentes de la Junta de Gobierno y Coordinaci\u00f3n Pol\u00edtica del Congreso local, Luis Hevia Jim\u00e9nez; y del Tribunal Superior de Justicia del Estado, Marcos Celis Quintal.<\/div>\n<div style=\"font-family: Noteworthy; font-size: 20px; font-weight: bold; line-height: 26px; -webkit-tap-highlight-color: rgba(26, 26, 26, 0.296875); -webkit-composition-fill-color: rgba(130, 98, 83, 0.0976563); -webkit-composition-frame-color: rgba(191, 107, 82, 0.496094); \">Adem\u00e1s, el titular de la Sefoe, David Alpizar Carrillo; la coordinadora General del Programa Nacional de Financiamiento al Microempresario de la Secretar\u00eda de Econom\u00eda, Elenitza Canavati Hadj\u00f3pulos, y el presidente del Consejo Coordinador Empresarial (CCE), Jos\u00e9 Manuel L\u00f3pez Campos (comunicado)<\/p>\n<div class=\"separator\" style=\"clear: both;\"><a href=\"https:\/\/lh6.googleusercontent.com\/-iX3CkTDlLsk\/VAe0wpisBsI\/AAAAAAAAjtE\/yNeC4lgDid0\/s640\/blogger-image--397708812.jpg\" imageanchor=\"1\" style=\"margin-left: 1em; margin-right: 1em;\"><img decoding=\"async\" border=\"0\" src=\"https:\/\/lh6.googleusercontent.com\/-iX3CkTDlLsk\/VAe0wpisBsI\/AAAAAAAAjtE\/yNeC4lgDid0\/s640\/blogger-image--397708812.jpg\"><\/a><\/div>\n<\/div>\n","protected":false},"excerpt":{"rendered":"<p>M\u00e9rida, Yucat\u00e1n, 3 de septiembre de 2014.- Ante el \u00e9xito del programa Cr\u00e9ditos Sociales para tu Bienestar, que hasta la fecha ha llegado a mil 264 personas con una inversi\u00f3n<\/p>\n","protected":false},"author":1,"featured_media":15155,"comment_status":"open","ping_status":"open","sticky":false,"template":"","format":"standard","meta":{"jetpack_post_was_ever_published":false,"_jetpack_newsletter_access":"","_jetpack_dont_email_post_to_subs":false,"_jetpack_newsletter_tier_id":0,"_jetpack_memberships_contains_paywalled_content":false,"_jetpack_memberships_contains_paid_content":false,"footnotes":"","jetpack_publicize_message":"","jetpack_publicize_feature_enabled":true,"jetpack_social_post_already_shared":false,"jetpack_social_options":{"image_generator_settings":{"template":"highway","default_image_id":0,"font":"","enabled":false},"version":2}},"categories":[17,1],"tags":[],"class_list":["post-2522","post","type-post","status-publish","format-standard","has-post-thumbnail","hentry","category-politica-y-gobierno","category-sin-categoria"],"jetpack_publicize_connections":[],"jetpack_featured_media_url":"https:\/\/formalprision.com\/wp-content\/uploads\/2014\/09\/blogger-image-397708812.jpg","jetpack_sharing_enabled":true,"jetpack_shortlink":"https:\/\/wp.me\/p6id8p-EG","_links":{"self":[{"href":"https:\/\/formalprision.com\/index.php?rest_route=\/wp\/v2\/posts\/2522","targetHints":{"allow":["GET"]}}],"collection":[{"href":"https:\/\/formalprision.com\/index.php?rest_route=\/wp\/v2\/posts"}],"about":[{"href":"https:\/\/formalprision.com\/index.php?rest_route=\/wp\/v2\/types\/post"}],"author":[{"embeddable":true,"href":"https:\/\/formalprision.com\/index.php?rest_route=\/wp\/v2\/users\/1"}],"replies":[{"embeddable":true,"href":"https:\/\/formalprision.com\/index.php?rest_route=%2Fwp%2Fv2%2Fcomments&post=2522"}],"version-history":[{"count":0,"href":"https:\/\/formalprision.com\/index.php?rest_route=\/wp\/v2\/posts\/2522\/revisions"}],"wp:featuredmedia":[{"embeddable":true,"href":"https:\/\/formalprision.com\/index.php?rest_route=\/wp\/v2\/media\/15155"}],"wp:attachment":[{"href":"https:\/\/formalprision.com\/index.php?rest_route=%2Fwp%2Fv2%2Fmedia&parent=2522"}],"wp:term":[{"taxonomy":"category","embeddable":true,"href":"https:\/\/formalprision.com\/index.php?rest_route=%2Fwp%2Fv2%2Fcategories&post=2522"},{"taxonomy":"post_tag","embeddable":true,"href":"https:\/\/formalprision.com\/index.php?rest_route=%2Fwp%2Fv2%2Ftags&post=2522"}],"curies":[{"name":"wp","href":"https:\/\/api.w.org\/{rel}","templated":true}]}}