{"id":2523,"date":"2014-09-04T00:35:00","date_gmt":"2014-09-04T00:35:00","guid":{"rendered":"http:\/\/formalprision.info\/2014\/09\/04\/inaugura-el-gobernador-la-17-cumbre-de\/"},"modified":"2015-06-03T08:35:38","modified_gmt":"2015-06-03T08:35:38","slug":"inaugura-el-gobernador-la-17-cumbre-de","status":"publish","type":"post","link":"https:\/\/formalprision.com\/?p=2523","title":{"rendered":"Inaugura el Gobernador la 17\u00aa Cumbre del Microcr\u00e9dito, en M\u00e9rida"},"content":{"rendered":"<div style=\"font-family: Noteworthy; font-size: 20px; font-weight: bold; line-height: 26px; -webkit-tap-highlight-color: rgba(26, 26, 26, 0.296875); -webkit-composition-fill-color: rgba(130, 98, 83, 0.0976563); -webkit-composition-frame-color: rgba(191, 107, 82, 0.496094); \">\n<div>M\u00e9rida, Yucat\u00e1n, 3 de septiembre de 2014. &#8211; Al inaugurar la 17\u00aa Cumbre del Microcr\u00e9dito que se celebra en esta capital hasta el viernes 5 de septiembre, con la participaci\u00f3n de expertos de 75 pa\u00edses, el Gobernador Rolando Zapata Bello asegur\u00f3 que \u00e9stos mecanismos financieros representan un importante elemento de transformaci\u00f3n social para el mundo entero.<\/div>\n<div>Acompa\u00f1ado del titular de la Secretar\u00eda de Econom\u00eda (SE) del Gobierno federal, Ildefonso Guajardo Villareal y del presidente del Yunus Centre, Muhammad Yunus, el mandatario conf\u00edo en que durante dicho encuentro los asistentes reflexionar\u00e1n, analizar\u00e1n y debatir\u00e1n sobre c\u00f3mo impulsar ese instrumento con el que se cuenta para garantizar que los sectores marginados de la poblaci\u00f3n mundial vivan con bienestar, como lo es el microcr\u00e9dito.<\/div>\n<div>\u00abLo que tenemos que garantizar todos en la parte que nos corresponde es que todas las personas saquen lo mejor de s\u00ed, &nbsp;lo mejor de sus capacidades, su creatividad y fuerza de trabajo para transformarla en una mejor calidad de vida para sus familias\u201d, subray\u00f3.<\/div>\n<div>Con la presencia de cerca de mil 500 participantes entre directivos y representantes de organizaciones crediticias, el titular de la SE destac\u00f3 que para resolver los problemas sociales es necesario aplicar la innovaci\u00f3n para eliminar la pobreza extrema, cultivar la pr\u00f3xima generaci\u00f3n de l\u00edderes, incorporar a las personas excluidas del sistema financiero y construir caminos para salir adelante.<\/div>\n<div>Bajo esa premisa, se\u00f1al\u00f3, el Presidente Enrique Pe\u00f1a Nieto ha impulsado el redise\u00f1o del programa Oportunidades, que ahora se denomina Prospera, el cual va a dedicar fondos estrat\u00e9gicos para abrir opciones a los j\u00f3venes emprendedores y para capacitarlos sobre conceptos financieros que los lleven a la siguiente etapa productiva.<\/div>\n<div>El funcionario federal agreg\u00f3 que a este renovado esquema se ligar\u00e1n en un 30 por ciento estrategias de la dependencia como el Fondo Nacional Emprendedor (FND) y el Instituto Nacional de la Econom\u00eda Social (Inaes).<\/div>\n<div>En su turno, &nbsp;el director de la Cumbre, Larry Reed, reconoci\u00f3 la labor que efect\u00faa el Gobierno del Estado para acercar a la poblaci\u00f3n esquemas de microcr\u00e9ditos que les ayuden a alcanzar un mayor nivel de vida mediante el autoempleo.<\/div>\n<div>Durante el encuentro que lleva por lema \u00abLa pr\u00f3xima generaci\u00f3n: innovaciones en microfinanzas\u00bb y que se realiza en el Centro de Convenciones Yucat\u00e1n Siglo XXI, &nbsp;se explic\u00f3 que la Cumbre se fund\u00f3 en 1997 por parte del tambi\u00e9n Premio Nobel de la Paz 2006, Muhammad Yunus, con el objetivo inicial de ofrecer respaldo a 100 millones de familias en el mundo, especialmente a mujeres.<\/div>\n<div>En noviembre del 2006 la campa\u00f1a se traz\u00f3 alcanzar a 175 millones de personas, entre las m\u00e1s vulnerables del planeta, y ayudar a 100 millones de familias a salir de la pobreza extrema.<\/div>\n<div>En el marco de la 17\u00aa Cumbre del Microcr\u00e9dito se abordar\u00e1n temas relacionados con el surgimiento de l\u00edderes financieros, las necesidades que traer\u00e1n las pr\u00f3ximas generaciones de clientes, el sistema de flujos de capital y c\u00f3mo conectar \u00e1reas rurales y lejanas que tienen altos niveles de pobreza.<\/div>\n<div>Tras el acto protocolario, el Gobernador acompa\u00f1ado de autoridades federales inaugur\u00f3 la Expo \u201cKoonol\u00bb, en la que productores de Oaxaca, Guerrero, Morelos, Estado de M\u00e9xico, Distrito Federal, Chihuahua, Chiapas, Puebla, Tabasco, San Luis Potos\u00ed, Tlaxcala, Veracruz y Yucat\u00e1n exponen los trabajos que realizan gracias a los diversos esquemas de microcr\u00e9dito a los que han accedido. (Comunicado)<\/p>\n<div class=\"separator\" style=\"clear: both;\"><a href=\"https:\/\/lh6.googleusercontent.com\/-1cl5yhs4NLQ\/VAezwcD1XwI\/AAAAAAAAjs8\/SI2putOEubE\/s640\/blogger-image--274400124.jpg\" imageanchor=\"1\" style=\"margin-left: 1em; margin-right: 1em;\"><img decoding=\"async\" border=\"0\" src=\"https:\/\/lh6.googleusercontent.com\/-1cl5yhs4NLQ\/VAezwcD1XwI\/AAAAAAAAjs8\/SI2putOEubE\/s640\/blogger-image--274400124.jpg\"><\/a><\/div>\n<\/div>\n<div><\/div>\n<\/div>\n","protected":false},"excerpt":{"rendered":"<p>M\u00e9rida, Yucat\u00e1n, 3 de septiembre de 2014. &#8211; Al inaugurar la 17\u00aa Cumbre del Microcr\u00e9dito que se celebra en esta capital hasta el viernes 5 de septiembre, con la participaci\u00f3n<\/p>\n","protected":false},"author":1,"featured_media":15157,"comment_status":"open","ping_status":"open","sticky":false,"template":"","format":"standard","meta":{"jetpack_post_was_ever_published":false,"_jetpack_newsletter_access":"","_jetpack_dont_email_post_to_subs":false,"_jetpack_newsletter_tier_id":0,"_jetpack_memberships_contains_paywalled_content":false,"_jetpack_memberships_contains_paid_content":false,"footnotes":"","jetpack_publicize_message":"","jetpack_publicize_feature_enabled":true,"jetpack_social_post_already_shared":false,"jetpack_social_options":{"image_generator_settings":{"template":"highway","default_image_id":0,"font":"","enabled":false},"version":2}},"categories":[17,1],"tags":[],"class_list":["post-2523","post","type-post","status-publish","format-standard","has-post-thumbnail","hentry","category-politica-y-gobierno","category-sin-categoria"],"jetpack_publicize_connections":[],"jetpack_featured_media_url":"https:\/\/formalprision.com\/wp-content\/uploads\/2014\/09\/blogger-image-274400124.jpg","jetpack_sharing_enabled":true,"jetpack_shortlink":"https:\/\/wp.me\/p6id8p-EH","_links":{"self":[{"href":"https:\/\/formalprision.com\/index.php?rest_route=\/wp\/v2\/posts\/2523","targetHints":{"allow":["GET"]}}],"collection":[{"href":"https:\/\/formalprision.com\/index.php?rest_route=\/wp\/v2\/posts"}],"about":[{"href":"https:\/\/formalprision.com\/index.php?rest_route=\/wp\/v2\/types\/post"}],"author":[{"embeddable":true,"href":"https:\/\/formalprision.com\/index.php?rest_route=\/wp\/v2\/users\/1"}],"replies":[{"embeddable":true,"href":"https:\/\/formalprision.com\/index.php?rest_route=%2Fwp%2Fv2%2Fcomments&post=2523"}],"version-history":[{"count":0,"href":"https:\/\/formalprision.com\/index.php?rest_route=\/wp\/v2\/posts\/2523\/revisions"}],"wp:featuredmedia":[{"embeddable":true,"href":"https:\/\/formalprision.com\/index.php?rest_route=\/wp\/v2\/media\/15157"}],"wp:attachment":[{"href":"https:\/\/formalprision.com\/index.php?rest_route=%2Fwp%2Fv2%2Fmedia&parent=2523"}],"wp:term":[{"taxonomy":"category","embeddable":true,"href":"https:\/\/formalprision.com\/index.php?rest_route=%2Fwp%2Fv2%2Fcategories&post=2523"},{"taxonomy":"post_tag","embeddable":true,"href":"https:\/\/formalprision.com\/index.php?rest_route=%2Fwp%2Fv2%2Ftags&post=2523"}],"curies":[{"name":"wp","href":"https:\/\/api.w.org\/{rel}","templated":true}]}}