{"id":2524,"date":"2014-09-04T00:28:00","date_gmt":"2014-09-04T00:28:00","guid":{"rendered":"http:\/\/formalprision.info\/2014\/09\/04\/aluminiero-no-termino-su-trabajo-porque\/"},"modified":"2015-06-03T08:35:38","modified_gmt":"2015-06-03T08:35:38","slug":"aluminiero-no-termino-su-trabajo-porque","status":"publish","type":"post","link":"https:\/\/formalprision.com\/?p=2524","title":{"rendered":"Aluminiero no termin\u00f3 su trabajo porque se &quot;descapitaliz\u00f3&quot;"},"content":{"rendered":"<div style=\"font-family: Noteworthy; font-size: 20px; font-weight: bold; line-height: 26px; -webkit-tap-highlight-color: rgba(26, 26, 26, 0.296875); -webkit-composition-fill-color: rgba(130, 98, 83, 0.0976563); -webkit-composition-frame-color: rgba(191, 107, 82, 0.496094); \">Este d\u00eda, al rendir declaraci\u00f3n preparatoria, el aluminiero Jos\u00e9 Luis Meneses Medina, detenido por cobrar anticipo por un trabajo que no hizo, reconoci\u00f3 parcialmente los hechos, aunque aseguro que no cumpli\u00f3 por ser caritativo con un pariente suyo y porque se \u00abdescapitaliz\u00f3\u00bb.<\/div>\n<div style=\"font-family: Noteworthy; font-size: 20px; font-weight: bold; line-height: 26px; -webkit-tap-highlight-color: rgba(26, 26, 26, 0.296875); -webkit-composition-fill-color: rgba(130, 98, 83, 0.0976563); -webkit-composition-frame-color: rgba(191, 107, 82, 0.496094); \">Adem\u00e1s, dijo que la denunciante tambi\u00e9n tuvo parte de la culpa porque no le dio m\u00e1s dinero cuando ya estaba a punto de terminar el trabajo.<\/div>\n<div style=\"font-family: Noteworthy; font-size: 20px; font-weight: bold; line-height: 26px; -webkit-tap-highlight-color: rgba(26, 26, 26, 0.296875); -webkit-composition-fill-color: rgba(130, 98, 83, 0.0976563); -webkit-composition-frame-color: rgba(191, 107, 82, 0.496094); \">Aseguro que que se descapitaliz\u00f3 por ayudar a un sobrino que tuvo un accidente de tr\u00e1nsito, aunque precis\u00f3 que la denunciante solo le dio el anticipo, de manera que no le dio el saldo para que pudiera terminar el trabajo.<\/div>\n<div style=\"font-family: Noteworthy; font-size: 20px; font-weight: bold; line-height: 26px; -webkit-tap-highlight-color: rgba(26, 26, 26, 0.296875); -webkit-composition-fill-color: rgba(130, 98, 83, 0.0976563); -webkit-composition-frame-color: rgba(191, 107, 82, 0.496094); \">Meneses Medina, como informamos ayer, fue consignado&nbsp;al penal por una orden de aprehensi\u00f3n del Juzgado S\u00e9ptimo, acusado de fraude por Iv\u00f3n Medina Corza.<\/div>\n<div style=\"font-family: Noteworthy; font-size: 20px; font-weight: bold; line-height: 26px; -webkit-tap-highlight-color: rgba(26, 26, 26, 0.296875); -webkit-composition-fill-color: rgba(130, 98, 83, 0.0976563); -webkit-composition-frame-color: rgba(191, 107, 82, 0.496094); \">En su denuncia, ella dijo que en junio de 2012 contrat\u00f3 al sujeto para la fabricaci\u00f3n e instalaci\u00f3n de cuatro ventanales &nbsp;por el cual le pagar\u00eda 14 mil 700 pesos y le&nbsp;entreg\u00f3 como anticipo $6,000 para la compra de los materiales.<\/div>\n<div style=\"font-family: Noteworthy; font-size: 20px; font-weight: bold; line-height: 26px; -webkit-tap-highlight-color: rgba(26, 26, 26, 0.296875); -webkit-composition-fill-color: rgba(130, 98, 83, 0.0976563); -webkit-composition-frame-color: rgba(191, 107, 82, 0.496094); \">Posteriormente, Jos\u00e9 Luis solicit\u00f3 y obtuvo 3 mil pesos m\u00e1s porque &nbsp;hab\u00eda tenido problemas&nbsp;econ\u00f3micos y se vio en la necesidad de utilizar el dinero en su provecho.<\/div>\n<div style=\"font-family: Noteworthy; font-size: 20px; font-weight: bold; line-height: 26px; -webkit-tap-highlight-color: rgba(26, 26, 26, 0.296875); -webkit-composition-fill-color: rgba(130, 98, 83, 0.0976563); -webkit-composition-frame-color: rgba(191, 107, 82, 0.496094); \">Ya con el dinero en sus manos, nunca m\u00e1s regres\u00f3 a la casa para terminar el trabajo, por lo que fue denunciado.<\/div>\n<div style=\"font-family: Noteworthy; font-size: 20px; font-weight: bold; line-height: 26px; -webkit-tap-highlight-color: rgba(26, 26, 26, 0.296875); -webkit-composition-fill-color: rgba(130, 98, 83, 0.0976563); -webkit-composition-frame-color: rgba(191, 107, 82, 0.496094); \">La ma\u00f1ana de este mi\u00e9rcoles, al rendir su declaraci\u00f3n&nbsp;preparatoria, el inculpado acept\u00f3 parcialmente los hechos y se justific\u00f3 diciendo que tuvo problemas de diversa \u00edndole, incluso perdi\u00f3 hasta las herramientas, por lo que no pudo hacer el trabajo.<\/div>\n<div style=\"font-family: Noteworthy; font-size: 20px; font-weight: bold; line-height: 26px; -webkit-tap-highlight-color: rgba(26, 26, 26, 0.296875); -webkit-composition-fill-color: rgba(130, 98, 83, 0.0976563); -webkit-composition-frame-color: rgba(191, 107, 82, 0.496094); \">Sin embargo, indic\u00f3 que estuvo en &nbsp;disponibilidad de llegar a un arreglo con la quejosa, pero \u00e9sta ya no quiso darle los \u00faltimos 2,500 pesos para terminar el trabajo.<\/div>\n<div style=\"font-family: Noteworthy; font-size: 20px; font-weight: bold; line-height: 26px; -webkit-tap-highlight-color: rgba(26, 26, 26, 0.296875); -webkit-composition-fill-color: rgba(130, 98, 83, 0.0976563); -webkit-composition-frame-color: rgba(191, 107, 82, 0.496094); \">Se inform\u00f3 que tiene derecho a fianza, pero deber\u00e1 pagar multas y reparar econ\u00f3micamente el da\u00f1o causado.<\/p>\n<div class=\"separator\" style=\"clear: both;\"><a href=\"https:\/\/lh6.googleusercontent.com\/-41lD8UOCV6w\/VAeyMkAgcfI\/AAAAAAAAjs0\/pPYdrhmSrE0\/s640\/blogger-image--1218537401.jpg\" imageanchor=\"1\" style=\"margin-left: 1em; margin-right: 1em;\"><img decoding=\"async\" border=\"0\" src=\"https:\/\/lh6.googleusercontent.com\/-41lD8UOCV6w\/VAeyMkAgcfI\/AAAAAAAAjs0\/pPYdrhmSrE0\/s640\/blogger-image--1218537401.jpg\"><\/a><\/div>\n<div class=\"separator\" style=\"clear: both;\"><\/div>\n<\/div>\n","protected":false},"excerpt":{"rendered":"<p>Este d\u00eda, al rendir declaraci\u00f3n preparatoria, el aluminiero Jos\u00e9 Luis Meneses Medina, detenido por cobrar anticipo por un trabajo que no hizo, reconoci\u00f3 parcialmente los hechos, aunque aseguro que no<\/p>\n","protected":false},"author":1,"featured_media":15159,"comment_status":"open","ping_status":"open","sticky":false,"template":"","format":"standard","meta":{"jetpack_post_was_ever_published":false,"_jetpack_newsletter_access":"","_jetpack_dont_email_post_to_subs":false,"_jetpack_newsletter_tier_id":0,"_jetpack_memberships_contains_paywalled_content":false,"_jetpack_memberships_contains_paid_content":false,"footnotes":"","jetpack_publicize_message":"","jetpack_publicize_feature_enabled":true,"jetpack_social_post_already_shared":false,"jetpack_social_options":{"image_generator_settings":{"template":"highway","default_image_id":0,"font":"","enabled":false},"version":2}},"categories":[7,3,1],"tags":[],"class_list":["post-2524","post","type-post","status-publish","format-standard","has-post-thumbnail","hentry","category-breves","category-portada","category-sin-categoria"],"jetpack_publicize_connections":[],"jetpack_featured_media_url":"https:\/\/formalprision.com\/wp-content\/uploads\/2014\/09\/blogger-image-1218537401.jpg","jetpack_sharing_enabled":true,"jetpack_shortlink":"https:\/\/wp.me\/p6id8p-EI","_links":{"self":[{"href":"https:\/\/formalprision.com\/index.php?rest_route=\/wp\/v2\/posts\/2524","targetHints":{"allow":["GET"]}}],"collection":[{"href":"https:\/\/formalprision.com\/index.php?rest_route=\/wp\/v2\/posts"}],"about":[{"href":"https:\/\/formalprision.com\/index.php?rest_route=\/wp\/v2\/types\/post"}],"author":[{"embeddable":true,"href":"https:\/\/formalprision.com\/index.php?rest_route=\/wp\/v2\/users\/1"}],"replies":[{"embeddable":true,"href":"https:\/\/formalprision.com\/index.php?rest_route=%2Fwp%2Fv2%2Fcomments&post=2524"}],"version-history":[{"count":0,"href":"https:\/\/formalprision.com\/index.php?rest_route=\/wp\/v2\/posts\/2524\/revisions"}],"wp:featuredmedia":[{"embeddable":true,"href":"https:\/\/formalprision.com\/index.php?rest_route=\/wp\/v2\/media\/15159"}],"wp:attachment":[{"href":"https:\/\/formalprision.com\/index.php?rest_route=%2Fwp%2Fv2%2Fmedia&parent=2524"}],"wp:term":[{"taxonomy":"category","embeddable":true,"href":"https:\/\/formalprision.com\/index.php?rest_route=%2Fwp%2Fv2%2Fcategories&post=2524"},{"taxonomy":"post_tag","embeddable":true,"href":"https:\/\/formalprision.com\/index.php?rest_route=%2Fwp%2Fv2%2Ftags&post=2524"}],"curies":[{"name":"wp","href":"https:\/\/api.w.org\/{rel}","templated":true}]}}