{"id":2530,"date":"2014-09-03T15:17:00","date_gmt":"2014-09-03T15:17:00","guid":{"rendered":"http:\/\/formalprision.info\/2014\/09\/03\/enjuiciaran-por-saquear-una-gasolinera\/"},"modified":"2015-06-03T08:35:39","modified_gmt":"2015-06-03T08:35:39","slug":"enjuiciaran-por-saquear-una-gasolinera","status":"publish","type":"post","link":"https:\/\/formalprision.com\/?p=2530","title":{"rendered":"Enjuiciar\u00e1n a &quot;pulpo&quot; por saquear una gasolinera de Juan Pablo II"},"content":{"rendered":"<div style=\"font-family: Noteworthy; font-size: 20px; font-weight: bold; line-height: 26px; -webkit-tap-highlight-color: rgba(26, 26, 26, 0.296875); -webkit-composition-fill-color: rgba(130, 98, 83, 0.0976563); -webkit-composition-frame-color: rgba(191, 107, 82, 0.496094); \">Con sus ocho tent\u00e1culos tras las rejas acab\u00f3 \u00abEmmanuel Estrella Pacheco (a) \u201cPulpo\u201d, quien fue declarado formalmente preso por el robo a la gasolinera \u201cEstaci\u00f3n de Servicios JP Segundo\u201d, ubicada en la calle 22 con 35 del fraccionamiento Juan Pablo II.<\/div>\n<div style=\"font-family: Noteworthy; font-size: 20px; font-weight: bold; line-height: 26px; -webkit-tap-highlight-color: rgba(26, 26, 26, 0.296875); -webkit-composition-fill-color: rgba(130, 98, 83, 0.0976563); -webkit-composition-frame-color: rgba(191, 107, 82, 0.496094); \">El Juez Primero Penal, Luis Felipe Santana Sandoval, consider\u00f3 que era conveniente que el inculpado permaneciera en la c\u00e1rcel mientras se ejecuta el juicio en su contra.<\/div>\n<div style=\"font-family: Noteworthy; font-size: 20px; font-weight: bold; line-height: 26px; -webkit-tap-highlight-color: rgba(26, 26, 26, 0.296875); -webkit-composition-fill-color: rgba(130, 98, 83, 0.0976563); -webkit-composition-frame-color: rgba(191, 107, 82, 0.496094); \">De acuerdo con el expediente, a \u201cPulpo\u201d se le atribuye el delito de robo calificado cometido en pandilla que denunci\u00f3 Alejandro de la Cruz V\u00e1zquez Favela, apoderado general de \u201cEstaci\u00f3n de Servicios JP Segundo\u201d.<\/div>\n<div style=\"font-family: Noteworthy; font-size: 20px; font-weight: bold; line-height: 26px; -webkit-tap-highlight-color: rgba(26, 26, 26, 0.296875); -webkit-composition-fill-color: rgba(130, 98, 83, 0.0976563); -webkit-composition-frame-color: rgba(191, 107, 82, 0.496094); \">Los hechos ocurrieron el 24 de marzo de 2014, cuando Jos\u00e9 Eduardo Pacheco Estrella (a) \u201cLalo\u201d, ex trabajador del lugar, y \u201cPulpo\u201d se conocieron cuatro a\u00f1os antes en una cantina. Al verse en fechas recientes, el primero le coment\u00f3 al ahora procesado que atravesaba por una mala situaci\u00f3n econ\u00f3mica.<\/div>\n<div style=\"font-family: Noteworthy; font-size: 20px; font-weight: bold; line-height: 26px; -webkit-tap-highlight-color: rgba(26, 26, 26, 0.296875); -webkit-composition-fill-color: rgba(130, 98, 83, 0.0976563); -webkit-composition-frame-color: rgba(191, 107, 82, 0.496094); \">Entonces junto con otro individuo, al que solo identificaron como Israel (a) \u00abConejo\u00bb, decidieron robar en la gasolinera. Para ello \u00abLalo\u00bb le entreg\u00f3 las llaves de las oficinas a \u00abPulpo\u00bb y entre los tres perpetraron el hurto.<\/div>\n<div style=\"font-family: Noteworthy; font-size: 20px; font-weight: bold; line-height: 26px; -webkit-tap-highlight-color: rgba(26, 26, 26, 0.296875); -webkit-composition-fill-color: rgba(130, 98, 83, 0.0976563); -webkit-composition-frame-color: rgba(191, 107, 82, 0.496094); \">En total se apoderaron de 285 mil pesos en efectivo que se repartieron entre los tres. Sin embargo, tras investigaciones se supo qui\u00e9nes hab\u00edan entrado a robar y se les denunci\u00f3.<\/p>\n<div class=\"separator\" style=\"clear: both;\"><a href=\"https:\/\/lh4.googleusercontent.com\/-_IXVvByfR9A\/VAcw9Hd0fuI\/AAAAAAAAjr4\/peFFCpd_Qac\/s640\/blogger-image--1974635697.jpg\" imageanchor=\"1\" style=\"margin-left: 1em; margin-right: 1em;\"><img decoding=\"async\" border=\"0\" src=\"https:\/\/lh4.googleusercontent.com\/-_IXVvByfR9A\/VAcw9Hd0fuI\/AAAAAAAAjr4\/peFFCpd_Qac\/s640\/blogger-image--1974635697.jpg\"><\/a><\/div>\n<\/div>\n","protected":false},"excerpt":{"rendered":"<p>Con sus ocho tent\u00e1culos tras las rejas acab\u00f3 \u00abEmmanuel Estrella Pacheco (a) \u201cPulpo\u201d, quien fue declarado formalmente preso por el robo a la gasolinera \u201cEstaci\u00f3n de Servicios JP Segundo\u201d, ubicada<\/p>\n","protected":false},"author":1,"featured_media":15171,"comment_status":"open","ping_status":"open","sticky":false,"template":"","format":"standard","meta":{"jetpack_post_was_ever_published":false,"_jetpack_newsletter_access":"","_jetpack_dont_email_post_to_subs":false,"_jetpack_newsletter_tier_id":0,"_jetpack_memberships_contains_paywalled_content":false,"_jetpack_memberships_contains_paid_content":false,"footnotes":"","jetpack_publicize_message":"","jetpack_publicize_feature_enabled":true,"jetpack_social_post_already_shared":false,"jetpack_social_options":{"image_generator_settings":{"template":"highway","default_image_id":0,"font":"","enabled":false},"version":2}},"categories":[8,3,1],"tags":[],"class_list":["post-2530","post","type-post","status-publish","format-standard","has-post-thumbnail","hentry","category-noticias-variadas","category-portada","category-sin-categoria"],"jetpack_publicize_connections":[],"jetpack_featured_media_url":"https:\/\/formalprision.com\/wp-content\/uploads\/2014\/09\/blogger-image-1974635697.jpg","jetpack_sharing_enabled":true,"jetpack_shortlink":"https:\/\/wp.me\/p6id8p-EO","_links":{"self":[{"href":"https:\/\/formalprision.com\/index.php?rest_route=\/wp\/v2\/posts\/2530","targetHints":{"allow":["GET"]}}],"collection":[{"href":"https:\/\/formalprision.com\/index.php?rest_route=\/wp\/v2\/posts"}],"about":[{"href":"https:\/\/formalprision.com\/index.php?rest_route=\/wp\/v2\/types\/post"}],"author":[{"embeddable":true,"href":"https:\/\/formalprision.com\/index.php?rest_route=\/wp\/v2\/users\/1"}],"replies":[{"embeddable":true,"href":"https:\/\/formalprision.com\/index.php?rest_route=%2Fwp%2Fv2%2Fcomments&post=2530"}],"version-history":[{"count":0,"href":"https:\/\/formalprision.com\/index.php?rest_route=\/wp\/v2\/posts\/2530\/revisions"}],"wp:featuredmedia":[{"embeddable":true,"href":"https:\/\/formalprision.com\/index.php?rest_route=\/wp\/v2\/media\/15171"}],"wp:attachment":[{"href":"https:\/\/formalprision.com\/index.php?rest_route=%2Fwp%2Fv2%2Fmedia&parent=2530"}],"wp:term":[{"taxonomy":"category","embeddable":true,"href":"https:\/\/formalprision.com\/index.php?rest_route=%2Fwp%2Fv2%2Fcategories&post=2530"},{"taxonomy":"post_tag","embeddable":true,"href":"https:\/\/formalprision.com\/index.php?rest_route=%2Fwp%2Fv2%2Ftags&post=2530"}],"curies":[{"name":"wp","href":"https:\/\/api.w.org\/{rel}","templated":true}]}}