{"id":2531,"date":"2014-09-03T15:14:00","date_gmt":"2014-09-03T15:14:00","guid":{"rendered":"http:\/\/formalprision.info\/2014\/09\/03\/ladrones-le-roban-ojos-jose-feliciano\/"},"modified":"2015-06-03T08:35:39","modified_gmt":"2015-06-03T08:35:39","slug":"ladrones-le-roban-ojos-jose-feliciano","status":"publish","type":"post","link":"https:\/\/formalprision.com\/?p=2531","title":{"rendered":"Ladrones le roban &quot;los ojos&quot; a Jos\u00e9 Feliciano"},"content":{"rendered":"<div style=\"font-family: Noteworthy; font-size: 20px; font-weight: bold; line-height: 26px; -webkit-tap-highlight-color: rgba(26, 26, 26, 0.296875); -webkit-composition-fill-color: rgba(130, 98, 83, 0.0976563); -webkit-composition-frame-color: rgba(191, 107, 82, 0.496094); \">No cabe duda que la delincuencia es cada vez m\u00e1s desvergonzada, y si no lo creen chequen lo que le pas\u00f3 al cantante puertorrique\u00f1o Jos\u00e9 Feliciano, a quien uno ladrones le robaron \u00a1los ojos! en un lujoso hotel del centro tur\u00edstico Punta Cana, en Rep\u00fablica Dominicana.<\/div>\n<div style=\"font-family: Noteworthy; font-size: 20px; font-weight: bold; line-height: 26px; -webkit-tap-highlight-color: rgba(26, 26, 26, 0.296875); -webkit-composition-fill-color: rgba(130, 98, 83, 0.0976563); -webkit-composition-frame-color: rgba(191, 107, 82, 0.496094); \">Resulta que el artista invidente lleg\u00f3 con su familia a pasar unos d\u00edas de descanso en este paradis\u00edaco lugar, para lo cual se hosped\u00f3 en un exclusivo centro.<\/div>\n<div style=\"font-family: Noteworthy; font-size: 20px; font-weight: bold; line-height: 26px; -webkit-tap-highlight-color: rgba(26, 26, 26, 0.296875); -webkit-composition-fill-color: rgba(130, 98, 83, 0.0976563); -webkit-composition-frame-color: rgba(191, 107, 82, 0.496094); \">Sin embargo, unos ladrones entraron a la habitaci\u00f3n del cantante y se apoderaron de una maleta que conten\u00eda documentos, entre ellos el pasaporte de Jos\u00e9 Feliciano, y las pr\u00f3tesis oculares que utiliza este reconocido artista, quien es recordado en M\u00e9xico por \u00e9xitos como \u00abPara decir adi\u00f3s\u00bb, \u00abPor qu\u00e9 te tengo que olvidar\u00bb y \u00abFeliz Navidad\u00bb.<\/div>\n<div style=\"font-family: Noteworthy; font-size: 20px; font-weight: bold; line-height: 26px; -webkit-tap-highlight-color: rgba(26, 26, 26, 0.296875); -webkit-composition-fill-color: rgba(130, 98, 83, 0.0976563); -webkit-composition-frame-color: rgba(191, 107, 82, 0.496094); \">Tras una serie de investigaciones se pudo dar con los ladrones y despu\u00e9s de varios d\u00edas el cantante recuper\u00f3 su pasaporte y sus \u00abojos\u00bb.<\/div>\n<div style=\"font-family: Noteworthy; font-size: 20px; font-weight: bold; line-height: 26px; -webkit-tap-highlight-color: rgba(26, 26, 26, 0.296875); -webkit-composition-fill-color: rgba(130, 98, 83, 0.0976563); -webkit-composition-frame-color: rgba(191, 107, 82, 0.496094); \">Se mencion\u00f3 que Jos\u00e9 Feliciano tuvo problemas para salir de Rep\u00fablica Domicana, por la falta del pasaporte, pero voceros desmintieron esto y dijeron que el artista hab\u00eda pensado pasar varios d\u00edas en Punta Cana, y por eso no abandon\u00f3 enseguida el destino tur\u00edstico.<\/p>\n<div class=\"separator\" style=\"clear: both;\"><a href=\"https:\/\/lh5.googleusercontent.com\/-BBxUFLDrUbc\/VAcwZehAyII\/AAAAAAAAjrw\/fRPvSjhhWys\/s640\/blogger-image--433216571.jpg\" imageanchor=\"1\" style=\"margin-left: 1em; margin-right: 1em;\"><img decoding=\"async\" border=\"0\" src=\"https:\/\/lh5.googleusercontent.com\/-BBxUFLDrUbc\/VAcwZehAyII\/AAAAAAAAjrw\/fRPvSjhhWys\/s640\/blogger-image--433216571.jpg\"><\/a><\/div>\n<\/div>\n","protected":false},"excerpt":{"rendered":"<p>No cabe duda que la delincuencia es cada vez m\u00e1s desvergonzada, y si no lo creen chequen lo que le pas\u00f3 al cantante puertorrique\u00f1o Jos\u00e9 Feliciano, a quien uno ladrones<\/p>\n","protected":false},"author":1,"featured_media":15173,"comment_status":"open","ping_status":"open","sticky":false,"template":"","format":"standard","meta":{"jetpack_post_was_ever_published":false,"_jetpack_newsletter_access":"","_jetpack_dont_email_post_to_subs":false,"_jetpack_newsletter_tier_id":0,"_jetpack_memberships_contains_paywalled_content":false,"_jetpack_memberships_contains_paid_content":false,"footnotes":"","jetpack_publicize_message":"","jetpack_publicize_feature_enabled":true,"jetpack_social_post_already_shared":false,"jetpack_social_options":{"image_generator_settings":{"template":"highway","default_image_id":0,"font":"","enabled":false},"version":2}},"categories":[1,49],"tags":[],"class_list":["post-2531","post","type-post","status-publish","format-standard","has-post-thumbnail","hentry","category-sin-categoria","category-tocho-morocho"],"jetpack_publicize_connections":[],"jetpack_featured_media_url":"https:\/\/formalprision.com\/wp-content\/uploads\/2014\/09\/blogger-image-433216571.jpg","jetpack_sharing_enabled":true,"jetpack_shortlink":"https:\/\/wp.me\/p6id8p-EP","_links":{"self":[{"href":"https:\/\/formalprision.com\/index.php?rest_route=\/wp\/v2\/posts\/2531","targetHints":{"allow":["GET"]}}],"collection":[{"href":"https:\/\/formalprision.com\/index.php?rest_route=\/wp\/v2\/posts"}],"about":[{"href":"https:\/\/formalprision.com\/index.php?rest_route=\/wp\/v2\/types\/post"}],"author":[{"embeddable":true,"href":"https:\/\/formalprision.com\/index.php?rest_route=\/wp\/v2\/users\/1"}],"replies":[{"embeddable":true,"href":"https:\/\/formalprision.com\/index.php?rest_route=%2Fwp%2Fv2%2Fcomments&post=2531"}],"version-history":[{"count":0,"href":"https:\/\/formalprision.com\/index.php?rest_route=\/wp\/v2\/posts\/2531\/revisions"}],"wp:featuredmedia":[{"embeddable":true,"href":"https:\/\/formalprision.com\/index.php?rest_route=\/wp\/v2\/media\/15173"}],"wp:attachment":[{"href":"https:\/\/formalprision.com\/index.php?rest_route=%2Fwp%2Fv2%2Fmedia&parent=2531"}],"wp:term":[{"taxonomy":"category","embeddable":true,"href":"https:\/\/formalprision.com\/index.php?rest_route=%2Fwp%2Fv2%2Fcategories&post=2531"},{"taxonomy":"post_tag","embeddable":true,"href":"https:\/\/formalprision.com\/index.php?rest_route=%2Fwp%2Fv2%2Ftags&post=2531"}],"curies":[{"name":"wp","href":"https:\/\/api.w.org\/{rel}","templated":true}]}}