{"id":2539,"date":"2014-09-02T23:23:00","date_gmt":"2014-09-02T23:23:00","guid":{"rendered":"http:\/\/formalprision.info\/2014\/09\/02\/se-inaugura-el-xiii-encuentro-naciona\/"},"modified":"2015-06-03T08:35:40","modified_gmt":"2015-06-03T08:35:40","slug":"se-inaugura-el-xiii-encuentro-naciona","status":"publish","type":"post","link":"https:\/\/formalprision.com\/?p=2539","title":{"rendered":"Se inaugura el XIII Encuentro Nacional de Microfinanzas en esta capital"},"content":{"rendered":"<div style=\"font-family: Noteworthy; font-size: 20px; font-weight: bold; line-height: 26px; -webkit-tap-highlight-color: rgba(26, 26, 26, 0.296875); -webkit-composition-fill-color: rgba(130, 98, 83, 0.0976563); -webkit-composition-frame-color: rgba(191, 107, 82, 0.496094); \">\n<div>M\u00e9rida, Yucat\u00e1n, 2 de septiembre de 2014.- El Gobierno del Estado tiene como uno de sus objetivos propiciar el intercambio de experiencias p\u00fablicas y privadas en materia de microfinanzas, as\u00ed como lograr sinergias en las visiones sobre el desarrollo regional, social y rural, con la finalidad de que encuentren un cauce propicio para mejorar la calidad de vida de los yucatecos y de los mexicanos, asegur\u00f3 el secretario General de Gobierno, V\u00edctor Caballero Dur\u00e1n.<\/div>\n<div>En el marco de la inauguraci\u00f3n del XIII Encuentro Nacional de Microfinanzas en el Centro de Convenciones Yucat\u00e1n Siglo XXI, el funcionario, en representaci\u00f3n del Gobernador Rolando Zapata Bello, afirm\u00f3 que Yucat\u00e1n seguir\u00e1 participando en foros que propicien e impulsen el debate acad\u00e9mico y especializado sobre las microfinanzas y cr\u00e9ditos sociales.<\/div>\n<div>\u201cResulta de gran val\u00eda que los expertos en desarrollo y econom\u00eda local y los encargados de hacer que el cr\u00e9dito tenga impacto en la econom\u00eda de las familias y comunidades de M\u00e9xico, se re\u00fanan en M\u00e9rida y definan la evoluci\u00f3n de la microfinanzas\u201d, puntualiz\u00f3.<\/div>\n<div>Agreg\u00f3 que el desarrollo de las microfinancieras no s\u00f3lo impulsa la inclusi\u00f3n a la formalidad, si no que ayuda a la poblaci\u00f3n con mayor necesidad a acceder al financiamiento, impulsar nuevos negocios y con ello apoyar el desarrollo econ\u00f3mico de la entidad<\/div>\n<div>El XIII Encuentro Nacional de Microfinanzas, bajo el lema \u201cImpulsando una evoluci\u00f3n integral de las microfinanzas\u201d, re\u00fane a especialistas de los sectores p\u00fablico, privado y acad\u00e9mico, y tiene como objetivo principal abrir el espacio a aquellos que promueven los procesos para el desarrollo financiero y productivo del pa\u00eds.<\/div>\n<div>En la ceremonia de inauguraci\u00f3n, la coordinadora General del Programa Nacional de Financiamiento al Microempresario (PRONAFIM), Elenitza Canavati Hadj\u00f3pulos, agradeci\u00f3 a las autoridades anfitrionas por las facilidades otorgadas para la realizaci\u00f3n del evento.<\/div>\n<div>Adem\u00e1s, reconoci\u00f3 los esfuerzos que se realizan en la materia a trav\u00e9s de la estrecha colaboraci\u00f3n entre las entidades estatales y federales.<\/div>\n<div>\u201cEn este foro no s\u00f3lo venimos a actualizarnos sino tambi\u00e9n a innovar, a conocer las experiencias en las mejores pr\u00e1cticas dentro de un \u00e1mbito de di\u00e1logo e intercambio de ideas\u201d, dijo.<\/div>\n<div>En su turno al habla, el delegado de la Secretar\u00eda de Econom\u00eda (SE), Adolfo Peniche P\u00e9rez, apunt\u00f3 que es necesario estrechar las relaciones con las empresas microfinancieras a fin de aprovechar la cercan\u00eda que tienen con los usuarios para elaborar programas y planes \u00fatiles para la promoci\u00f3n de los microempresarios.<\/div>\n<div>El XIII Encuentro Nacional de Microfinanzas, que hoy terminar\u00e1 sus actividades, dar\u00e1 pie a la 17\u00aa Cumbre del Microcr\u00e9dito que se realizar\u00e1 en este recinto del 3 al 5 de septiembre, en la cual se espera la participaci\u00f3n de m\u00e1s de dos mil visitantes, entre ellos, especialistas nacionales y de 65 pa\u00edses en el tema.<\/div>\n<div>Estuvieron presentes el Jefe de Despacho del Gobernador, Eric Rubio Barthell y el delegado y Coordinador Sur de la Procuradur\u00eda de la Defensa del Contribuyente (PRODECON), Marco Antonio Ponce Hern\u00e1ndez, adem\u00e1s de representes de asociaciones y organismos dedicados a la promoci\u00f3n de microfinanzas. (Comunicado)<\/p>\n<div class=\"separator\" style=\"clear: both;\"><a href=\"https:\/\/lh4.googleusercontent.com\/-zAYL2AmdnAw\/VAZRe5euBsI\/AAAAAAAAjqA\/RkkyxMadNWM\/s640\/blogger-image--966080443.jpg\" imageanchor=\"1\" style=\"margin-left: 1em; margin-right: 1em;\"><img decoding=\"async\" border=\"0\" src=\"https:\/\/lh4.googleusercontent.com\/-zAYL2AmdnAw\/VAZRe5euBsI\/AAAAAAAAjqA\/RkkyxMadNWM\/s640\/blogger-image--966080443.jpg\"><\/a><\/div>\n<\/div>\n<div><\/div>\n<\/div>\n","protected":false},"excerpt":{"rendered":"<p>M\u00e9rida, Yucat\u00e1n, 2 de septiembre de 2014.- El Gobierno del Estado tiene como uno de sus objetivos propiciar el intercambio de experiencias p\u00fablicas y privadas en materia de microfinanzas, as\u00ed<\/p>\n","protected":false},"author":1,"featured_media":15189,"comment_status":"open","ping_status":"open","sticky":false,"template":"","format":"standard","meta":{"jetpack_post_was_ever_published":false,"_jetpack_newsletter_access":"","_jetpack_dont_email_post_to_subs":false,"_jetpack_newsletter_tier_id":0,"_jetpack_memberships_contains_paywalled_content":false,"_jetpack_memberships_contains_paid_content":false,"footnotes":"","jetpack_publicize_message":"","jetpack_publicize_feature_enabled":true,"jetpack_social_post_already_shared":false,"jetpack_social_options":{"image_generator_settings":{"template":"highway","default_image_id":0,"font":"","enabled":false},"version":2}},"categories":[17,1],"tags":[],"class_list":["post-2539","post","type-post","status-publish","format-standard","has-post-thumbnail","hentry","category-politica-y-gobierno","category-sin-categoria"],"jetpack_publicize_connections":[],"jetpack_featured_media_url":"https:\/\/formalprision.com\/wp-content\/uploads\/2014\/09\/blogger-image-966080443.jpg","jetpack_sharing_enabled":true,"jetpack_shortlink":"https:\/\/wp.me\/p6id8p-EX","_links":{"self":[{"href":"https:\/\/formalprision.com\/index.php?rest_route=\/wp\/v2\/posts\/2539","targetHints":{"allow":["GET"]}}],"collection":[{"href":"https:\/\/formalprision.com\/index.php?rest_route=\/wp\/v2\/posts"}],"about":[{"href":"https:\/\/formalprision.com\/index.php?rest_route=\/wp\/v2\/types\/post"}],"author":[{"embeddable":true,"href":"https:\/\/formalprision.com\/index.php?rest_route=\/wp\/v2\/users\/1"}],"replies":[{"embeddable":true,"href":"https:\/\/formalprision.com\/index.php?rest_route=%2Fwp%2Fv2%2Fcomments&post=2539"}],"version-history":[{"count":0,"href":"https:\/\/formalprision.com\/index.php?rest_route=\/wp\/v2\/posts\/2539\/revisions"}],"wp:featuredmedia":[{"embeddable":true,"href":"https:\/\/formalprision.com\/index.php?rest_route=\/wp\/v2\/media\/15189"}],"wp:attachment":[{"href":"https:\/\/formalprision.com\/index.php?rest_route=%2Fwp%2Fv2%2Fmedia&parent=2539"}],"wp:term":[{"taxonomy":"category","embeddable":true,"href":"https:\/\/formalprision.com\/index.php?rest_route=%2Fwp%2Fv2%2Fcategories&post=2539"},{"taxonomy":"post_tag","embeddable":true,"href":"https:\/\/formalprision.com\/index.php?rest_route=%2Fwp%2Fv2%2Ftags&post=2539"}],"curies":[{"name":"wp","href":"https:\/\/api.w.org\/{rel}","templated":true}]}}