{"id":2558,"date":"2014-08-31T05:43:00","date_gmt":"2014-08-31T05:43:00","guid":{"rendered":"http:\/\/formalprision.info\/2014\/08\/31\/venados-vence-al-celaya-y-sale-de\/"},"modified":"2015-06-03T08:35:45","modified_gmt":"2015-06-03T08:35:45","slug":"venados-vence-al-celaya-y-sale-de","status":"publish","type":"post","link":"https:\/\/formalprision.com\/?p=2558","title":{"rendered":"Venados vence al Celaya y sale del s\u00f3tano"},"content":{"rendered":"<div style=\"font-family: Noteworthy; font-size: 20px; font-weight: bold; line-height: 26px; -webkit-tap-highlight-color: rgba(26, 26, 26, 0.296875); -webkit-composition-fill-color: rgba(130, 98, 83, 0.0976563); -webkit-composition-frame-color: rgba(191, 107, 82, 0.496094); -webkit-text-size-adjust: auto; \">Los Venados del Club de Futbol M\u00e9rida lograron retornar a la senda de la victoria en el Torneo Apertura 2014 del Ascenso MX, al derrotar 3-0 a los Toros del Celaya, en partido de la jornada siete celebrado en el Estadio Carlos Iturralde Rivero.<\/div>\n<div style=\"font-family: Noteworthy; font-size: 20px; font-weight: bold; line-height: 26px; -webkit-tap-highlight-color: rgba(26, 26, 26, 0.296875); -webkit-composition-fill-color: rgba(130, 98, 83, 0.0976563); -webkit-composition-frame-color: rgba(191, 107, 82, 0.496094); -webkit-text-size-adjust: auto; \">Adem\u00e1s de las tres unidades obtenidas que alejan al CF M\u00e9rida del s\u00f3tano de la clasificaci\u00f3n general, los astados dejaron su porter\u00eda imbatida y golearon a un rival que les complic\u00f3 el tr\u00e1mite del encuentro.<\/div>\n<div style=\"font-family: Noteworthy; font-size: 20px; font-weight: bold; line-height: 26px; -webkit-tap-highlight-color: rgba(26, 26, 26, 0.296875); -webkit-composition-fill-color: rgba(130, 98, 83, 0.0976563); -webkit-composition-frame-color: rgba(191, 107, 82, 0.496094); -webkit-text-size-adjust: auto; \">\n<div>Los primeros dos goles yucatecos fueron obra de Luis Acu\u00f1a por la v\u00eda del penal, a los minutos 17 y 46, el \u201cParejita\u201d puso el 3-0 al minuto 90.<\/div>\n<div>Los Venados encontraron la primera anotaci\u00f3n de la noche luego de una mano de Jos\u00e9 Estrada dentro del \u00e1rea visitante que fue sancionada como penal. Luis Acu\u00f1a cobr\u00f3 a la derecha del portero Sergio venga parar mover el tanteador.<\/div>\n<div>Luego de la anotaci\u00f3n, los meridanos siguieron buscando el arco rival para ampliar la ventaja. Ulices Brice\u00f1o recibi\u00f3 pase de Luis Acu\u00f1a para conectar de pierna izquierda, pero su disparo fue directo a las manos del guardameta cajetero.<\/div>\n<div>Al minuto 34, Rodrigo Noya pein\u00f3 un centro frontal de C\u00e9sar Morales, que termin\u00f3 en las manos del portero rival.<\/div>\n<div>C\u00e9sar Morales entr\u00f3 con bal\u00f3n controlado al \u00e1rea y luego de una serie de recortes, un defensor se barri\u00f3 y se llev\u00f3 el esf\u00e9rico con la mano, el \u00e1rbitro no dud\u00f3 en se\u00f1alar el segundo penal de la noche.El CF M\u00e9rida termin\u00f3 dominando el compromiso y llev\u00f3 esa superioridad a la segunda mitad.<\/div>\n<div>Luis Acu\u00f1a lo cobr\u00f3 con seriedad y puso el 2-0 al minuto 55.<\/div>\n<div>Para cerrar la noche, Abraham Stringel cobr\u00f3 de gran forma una falta, el portero Vega detuvo el bal\u00f3n, pero el rebote le qued\u00f3 a Jos\u00e9 Luis \u201cParejita L\u00f3pez, quien con la derecha venci\u00f3 la meta guanajuatense para e 3-0 final, al 90\u2019.<\/p>\n<div class=\"separator\" style=\"clear: both;\"><a href=\"https:\/\/lh4.googleusercontent.com\/-gwTojwf3cEU\/VAK15khXzqI\/AAAAAAAAjmA\/pNvKz71K_wM\/s640\/blogger-image-1301517788.jpg\" imageanchor=\"1\" style=\"margin-left: 1em; margin-right: 1em;\"><img decoding=\"async\" border=\"0\" src=\"https:\/\/lh4.googleusercontent.com\/-gwTojwf3cEU\/VAK15khXzqI\/AAAAAAAAjmA\/pNvKz71K_wM\/s640\/blogger-image-1301517788.jpg\"><\/a><\/div>\n<\/div>\n<\/div>\n","protected":false},"excerpt":{"rendered":"<p>Los Venados del Club de Futbol M\u00e9rida lograron retornar a la senda de la victoria en el Torneo Apertura 2014 del Ascenso MX, al derrotar 3-0 a los Toros del<\/p>\n","protected":false},"author":1,"featured_media":15227,"comment_status":"open","ping_status":"open","sticky":false,"template":"","format":"standard","meta":{"jetpack_post_was_ever_published":false,"_jetpack_newsletter_access":"","_jetpack_dont_email_post_to_subs":false,"_jetpack_newsletter_tier_id":0,"_jetpack_memberships_contains_paywalled_content":false,"_jetpack_memberships_contains_paid_content":false,"footnotes":"","jetpack_publicize_message":"","jetpack_publicize_feature_enabled":true,"jetpack_social_post_already_shared":false,"jetpack_social_options":{"image_generator_settings":{"template":"highway","default_image_id":0,"font":"","enabled":false},"version":2}},"categories":[4,1],"tags":[],"class_list":["post-2558","post","type-post","status-publish","format-standard","has-post-thumbnail","hentry","category-deportes","category-sin-categoria"],"jetpack_publicize_connections":[],"jetpack_featured_media_url":"https:\/\/formalprision.com\/wp-content\/uploads\/2014\/08\/blogger-image-1301517788.jpg","jetpack_sharing_enabled":true,"jetpack_shortlink":"https:\/\/wp.me\/p6id8p-Fg","_links":{"self":[{"href":"https:\/\/formalprision.com\/index.php?rest_route=\/wp\/v2\/posts\/2558","targetHints":{"allow":["GET"]}}],"collection":[{"href":"https:\/\/formalprision.com\/index.php?rest_route=\/wp\/v2\/posts"}],"about":[{"href":"https:\/\/formalprision.com\/index.php?rest_route=\/wp\/v2\/types\/post"}],"author":[{"embeddable":true,"href":"https:\/\/formalprision.com\/index.php?rest_route=\/wp\/v2\/users\/1"}],"replies":[{"embeddable":true,"href":"https:\/\/formalprision.com\/index.php?rest_route=%2Fwp%2Fv2%2Fcomments&post=2558"}],"version-history":[{"count":0,"href":"https:\/\/formalprision.com\/index.php?rest_route=\/wp\/v2\/posts\/2558\/revisions"}],"wp:featuredmedia":[{"embeddable":true,"href":"https:\/\/formalprision.com\/index.php?rest_route=\/wp\/v2\/media\/15227"}],"wp:attachment":[{"href":"https:\/\/formalprision.com\/index.php?rest_route=%2Fwp%2Fv2%2Fmedia&parent=2558"}],"wp:term":[{"taxonomy":"category","embeddable":true,"href":"https:\/\/formalprision.com\/index.php?rest_route=%2Fwp%2Fv2%2Fcategories&post=2558"},{"taxonomy":"post_tag","embeddable":true,"href":"https:\/\/formalprision.com\/index.php?rest_route=%2Fwp%2Fv2%2Ftags&post=2558"}],"curies":[{"name":"wp","href":"https:\/\/api.w.org\/{rel}","templated":true}]}}