{"id":2561,"date":"2014-08-30T21:53:00","date_gmt":"2014-08-30T21:53:00","guid":{"rendered":"http:\/\/formalprision.info\/2014\/08\/30\/entrega-rolando-zapata-apoyos-de\/"},"modified":"2015-06-03T08:35:46","modified_gmt":"2015-06-03T08:35:46","slug":"entrega-rolando-zapata-apoyos-de","status":"publish","type":"post","link":"https:\/\/formalprision.com\/?p=2561","title":{"rendered":"Entrega Rolando Zapata apoyos del programa \u201cEmprender\u201d 2014."},"content":{"rendered":"<div style=\"font-family: Noteworthy; font-size: 20px; font-weight: bold; line-height: 26px; -webkit-tap-highlight-color: rgba(26, 26, 26, 0.296875); -webkit-composition-fill-color: rgba(130, 98, 83, 0.0976563); -webkit-composition-frame-color: rgba(191, 107, 82, 0.496094); \">M\u00e9rida, Yucat\u00e1n, 30 de agosto de 2014.- A fin de fomentar el emprendedurismo y la autosuficiencia laboral entre los j\u00f3venes, el Gobierno del Estado, a trav\u00e9s del Programa de Impulso al Autoempleo Juvenil \u201cEmprender 2014\u201d, entreg\u00f3 este d\u00eda a 239 participantes de 52 municipios recursos superiores a los seis millones de pesos para la ejecuci\u00f3n de proyectos productivos que generar\u00e1n cerca de mil 140 empleos para este sector.<\/div>\n<div style=\"font-family: Noteworthy; font-size: 20px; font-weight: bold; line-height: 26px; -webkit-tap-highlight-color: rgba(26, 26, 26, 0.296875); -webkit-composition-fill-color: rgba(130, 98, 83, 0.0976563); -webkit-composition-frame-color: rgba(191, 107, 82, 0.496094); \">En evento celebrado en el teatro \u201cJos\u00e9 Pe\u00f3n Contreras\u201d, el titular del Poder Ejecutivo, Rolando Zapata Bello, otorg\u00f3 dichos apoyos que alcanzan hasta los 50 mil pesos a 110 j\u00f3venes provenientes de M\u00e9rida y 129 del interior del estado, as\u00ed como a 14 universidades que recibieron recursos superiores a los 700 mil pesos.<\/div>\n<div style=\"font-family: Noteworthy; font-size: 20px; font-weight: bold; line-height: 26px; -webkit-tap-highlight-color: rgba(26, 26, 26, 0.296875); -webkit-composition-fill-color: rgba(130, 98, 83, 0.0976563); -webkit-composition-frame-color: rgba(191, 107, 82, 0.496094); \">En el marco del Mes de la Juventud, el mandatario resalt\u00f3 que la principal fortaleza de Yucat\u00e1n es su capital humano integrado en su mayor\u00eda por j\u00f3venes, quienes juegan un papel preponderante para lograr el desarrollo y fortalecimiento de la din\u00e1mica econ\u00f3mica de la entidad.<\/div>\n<div style=\"font-family: Noteworthy; font-size: 20px; font-weight: bold; line-height: 26px; -webkit-tap-highlight-color: rgba(26, 26, 26, 0.296875); -webkit-composition-fill-color: rgba(130, 98, 83, 0.0976563); -webkit-composition-frame-color: rgba(191, 107, 82, 0.496094); \">\u201cNosotros necesitamos a una juventud que tenga esperanza en el futuro y esa esperanza s\u00f3lo se puede construir con la certeza y la convicci\u00f3n de que el presente lo est\u00e1n construyendo con esfuerzo, dedicaci\u00f3n y talento. La apuesta que estamos haciendo para el desarrollo econ\u00f3mico s\u00f3lo puede ser impulsado o consolidado a trav\u00e9s de la visi\u00f3n de una juventud pujante como la que hoy tiene Yucat\u00e1n\u201d, enfatiz\u00f3.<\/div>\n<div style=\"font-family: Noteworthy; font-size: 20px; font-weight: bold; line-height: 26px; -webkit-tap-highlight-color: rgba(26, 26, 26, 0.296875); -webkit-composition-fill-color: rgba(130, 98, 83, 0.0976563); -webkit-composition-frame-color: rgba(191, 107, 82, 0.496094); \">Ante beneficiarios, representantes de la iniciativa, legisladores y funcionarios estatales y federales, Zapata Bello asegur\u00f3 que hacer que nuestra econom\u00eda sea sustentable en la innovaci\u00f3n implica respaldar las propuestas de los j\u00f3venes, empresarios y emprendedores que conforman la base productiva del estado.<\/div>\n<div style=\"font-family: Noteworthy; font-size: 20px; font-weight: bold; line-height: 26px; -webkit-tap-highlight-color: rgba(26, 26, 26, 0.296875); -webkit-composition-fill-color: rgba(130, 98, 83, 0.0976563); -webkit-composition-frame-color: rgba(191, 107, 82, 0.496094); \">Al hacer uso de la palabra, la titular de la Secretar\u00eda de la Juventud (Sejuve), Alaine L\u00f3pez Brice\u00f1o, explic\u00f3 que la bolsa econ\u00f3mica que solventa el citado plan alcanz\u00f3 los seis millones de pesos, tres millones de pesos por parte de esa dependencia y tres millones gracias a las gestiones de la Secretar\u00eda de Desarrollo Social (Sedesol), lo que hizo posible que en esta ocasi\u00f3n el apoyo llegara a m\u00e1s participantes en comparaci\u00f3n con el a\u00f1o anterior.<\/div>\n<div style=\"font-family: Noteworthy; font-size: 20px; font-weight: bold; line-height: 26px; -webkit-tap-highlight-color: rgba(26, 26, 26, 0.296875); -webkit-composition-fill-color: rgba(130, 98, 83, 0.0976563); -webkit-composition-frame-color: rgba(191, 107, 82, 0.496094); \">Con la presencia del titular de la Sedesol, Nerio Torres Arcila, la funcionaria destac\u00f3 que en la entidad existen m\u00e1s de 554 mil j\u00f3venes de los cuales el 8.5 por ciento est\u00e1n intentando empezar su propio negocio, casi la mitad con respecto a la media nacional que es de 16.4 por ciento, seg\u00fan datos del Diagn\u00f3stico Situacional de la Juventud de Yucat\u00e1n 2013.<\/div>\n<div style=\"font-family: Noteworthy; font-size: 20px; font-weight: bold; line-height: 26px; -webkit-tap-highlight-color: rgba(26, 26, 26, 0.296875); -webkit-composition-fill-color: rgba(130, 98, 83, 0.0976563); -webkit-composition-frame-color: rgba(191, 107, 82, 0.496094); \">\u201cEn consecuencia, el Programa \u2018Emprender\u2019 va m\u00e1s all\u00e1 de ser un conjunto de esfuerzos que entreguen apoyos econ\u00f3micos a los j\u00f3venes. \u2018Emprender\u2019 es ir de la mano con el fomento a la cultura emprendedora y laboral. La filosof\u00eda principal de este esquema es que cada joven vea en su futuro la oportunidad de construirlo tal cual lo sue\u00f1e, porque as\u00ed estaremos preparando a Yucat\u00e1n para el futuro\u201d, remarc\u00f3.<\/div>\n<div style=\"font-family: Noteworthy; font-size: 20px; font-weight: bold; line-height: 26px; -webkit-tap-highlight-color: rgba(26, 26, 26, 0.296875); -webkit-composition-fill-color: rgba(130, 98, 83, 0.0976563); -webkit-composition-frame-color: rgba(191, 107, 82, 0.496094); \">En su turno, Torres Arcila asegur\u00f3 que con acciones como \u00e9sta no solo se promueve el autoempleo, sino tambi\u00e9n se contribuye a impulsar la inclusi\u00f3n productiva de este sector, que representa la mayor parte del capital humano de la entidad.<\/div>\n<div style=\"font-family: Noteworthy; font-size: 20px; font-weight: bold; line-height: 26px; -webkit-tap-highlight-color: rgba(26, 26, 26, 0.296875); -webkit-composition-fill-color: rgba(130, 98, 83, 0.0976563); -webkit-composition-frame-color: rgba(191, 107, 82, 0.496094); \">Algunos de los proyectos beneficiados, se explic\u00f3, pertenecen al rubro de alimentos entre los que destacan cafeter\u00edas, panader\u00edas, loncher\u00edas, reposter\u00edas y pizzer\u00edas. De igual forma, el sector de servicios educativos, psicol\u00f3gicos, fotograf\u00eda, video, salones de belleza y cibers. Tambi\u00e9n se apoyaron proyectos del ramo manufacturero para la elaboraci\u00f3n de ropa t\u00edpica, zapatos y hamacas. &nbsp;&nbsp;<\/div>\n<div style=\"font-family: Noteworthy; font-size: 20px; font-weight: bold; line-height: 26px; -webkit-tap-highlight-color: rgba(26, 26, 26, 0.296875); -webkit-composition-fill-color: rgba(130, 98, 83, 0.0976563); -webkit-composition-frame-color: rgba(191, 107, 82, 0.496094); \">En cuanto a los centros educativos que fueron apoyadas con un monto de 50 mil pesos para la ejecuci\u00f3n de los tres mejores proyectos grupales son los Institutos Tecnol\u00f3gicos Superiores de Progreso, de Motul, del Sur del Estado de Yucat\u00e1n de Oxkuztcab y de Valladolid, as\u00ed como las Universidades de Oriente, An\u00e1huac Mayab, Tecnol\u00f3gica Metropolitana, Modelo, del Valle de M\u00e9xico y Tecnol\u00f3gicas Regional del Sur y del Mayab de Peto, adem\u00e1s de los Institutos Tecnol\u00f3gicos de Conkal y Tizim\u00edn, y el Centro de Estudios Superiores \u201cJusto Sierra O\u2019Reilly\u201d CTM.<\/div>\n<div style=\"font-family: Noteworthy; font-size: 20px; font-weight: bold; line-height: 26px; -webkit-tap-highlight-color: rgba(26, 26, 26, 0.296875); -webkit-composition-fill-color: rgba(130, 98, 83, 0.0976563); -webkit-composition-frame-color: rgba(191, 107, 82, 0.496094); \">Durante el 2013, el esquema \u201cEmprender\u201d apoy\u00f3 a 227 j\u00f3venes con el impulso a sus proyectos productivos, de los cuales 120 han logrado constituirse legalmente como una empresa.<\/div>\n<div style=\"font-family: Noteworthy; font-size: 20px; font-weight: bold; line-height: 26px; -webkit-tap-highlight-color: rgba(26, 26, 26, 0.296875); -webkit-composition-fill-color: rgba(130, 98, 83, 0.0976563); -webkit-composition-frame-color: rgba(191, 107, 82, 0.496094); \">Asistieron al evento los presidentes de la Junta de Gobierno y Coordinaci\u00f3n Pol\u00edtica de Congreso local, Luis Hevia Jim\u00e9nez, y del Tribunal Superior de Justicia del Estado, Marcos Celis Quintal. Asimismo, los secretarios de Trabajo y Previsi\u00f3n Social, Enrique Castillo Ruz, y T\u00e9cnico de Gabinete, Planeaci\u00f3n y Evaluaci\u00f3n, Guillermo Cort\u00e9s Gonz\u00e1lez. De igual forma, el director de Instituto Yucateco de Emprendedores, H\u00e9ctor Miguel Enr\u00edquez L\u00f3pez (comunicado)<\/p>\n<div class=\"separator\" style=\"clear: both;\"><a href=\"https:\/\/lh3.googleusercontent.com\/-NTxcoouq4YA\/VAJHy10FUkI\/AAAAAAAAjlU\/RhlZDyaXCxk\/s640\/blogger-image--151981371.jpg\" imageanchor=\"1\" style=\"margin-left: 1em; margin-right: 1em;\"><img decoding=\"async\" border=\"0\" src=\"https:\/\/lh3.googleusercontent.com\/-NTxcoouq4YA\/VAJHy10FUkI\/AAAAAAAAjlU\/RhlZDyaXCxk\/s640\/blogger-image--151981371.jpg\"><\/a><\/div>\n<\/div>\n","protected":false},"excerpt":{"rendered":"<p>M\u00e9rida, Yucat\u00e1n, 30 de agosto de 2014.- A fin de fomentar el emprendedurismo y la autosuficiencia laboral entre los j\u00f3venes, el Gobierno del Estado, a trav\u00e9s del Programa de Impulso<\/p>\n","protected":false},"author":1,"featured_media":15233,"comment_status":"open","ping_status":"open","sticky":false,"template":"","format":"standard","meta":{"jetpack_post_was_ever_published":false,"_jetpack_newsletter_access":"","_jetpack_dont_email_post_to_subs":false,"_jetpack_newsletter_tier_id":0,"_jetpack_memberships_contains_paywalled_content":false,"_jetpack_memberships_contains_paid_content":false,"footnotes":"","jetpack_publicize_message":"","jetpack_publicize_feature_enabled":true,"jetpack_social_post_already_shared":false,"jetpack_social_options":{"image_generator_settings":{"template":"highway","default_image_id":0,"font":"","enabled":false},"version":2}},"categories":[17,1],"tags":[],"class_list":["post-2561","post","type-post","status-publish","format-standard","has-post-thumbnail","hentry","category-politica-y-gobierno","category-sin-categoria"],"jetpack_publicize_connections":[],"jetpack_featured_media_url":"https:\/\/formalprision.com\/wp-content\/uploads\/2014\/08\/blogger-image-151981371.jpg","jetpack_sharing_enabled":true,"jetpack_shortlink":"https:\/\/wp.me\/p6id8p-Fj","_links":{"self":[{"href":"https:\/\/formalprision.com\/index.php?rest_route=\/wp\/v2\/posts\/2561","targetHints":{"allow":["GET"]}}],"collection":[{"href":"https:\/\/formalprision.com\/index.php?rest_route=\/wp\/v2\/posts"}],"about":[{"href":"https:\/\/formalprision.com\/index.php?rest_route=\/wp\/v2\/types\/post"}],"author":[{"embeddable":true,"href":"https:\/\/formalprision.com\/index.php?rest_route=\/wp\/v2\/users\/1"}],"replies":[{"embeddable":true,"href":"https:\/\/formalprision.com\/index.php?rest_route=%2Fwp%2Fv2%2Fcomments&post=2561"}],"version-history":[{"count":0,"href":"https:\/\/formalprision.com\/index.php?rest_route=\/wp\/v2\/posts\/2561\/revisions"}],"wp:featuredmedia":[{"embeddable":true,"href":"https:\/\/formalprision.com\/index.php?rest_route=\/wp\/v2\/media\/15233"}],"wp:attachment":[{"href":"https:\/\/formalprision.com\/index.php?rest_route=%2Fwp%2Fv2%2Fmedia&parent=2561"}],"wp:term":[{"taxonomy":"category","embeddable":true,"href":"https:\/\/formalprision.com\/index.php?rest_route=%2Fwp%2Fv2%2Fcategories&post=2561"},{"taxonomy":"post_tag","embeddable":true,"href":"https:\/\/formalprision.com\/index.php?rest_route=%2Fwp%2Fv2%2Ftags&post=2561"}],"curies":[{"name":"wp","href":"https:\/\/api.w.org\/{rel}","templated":true}]}}