{"id":2565,"date":"2014-08-30T17:05:00","date_gmt":"2014-08-30T17:05:00","guid":{"rendered":"http:\/\/formalprision.info\/2014\/08\/30\/conmemoran-xxx-aniversario-de-la\/"},"modified":"2015-06-03T08:35:46","modified_gmt":"2015-06-03T08:35:46","slug":"conmemoran-xxx-aniversario-de-la","status":"publish","type":"post","link":"https:\/\/formalprision.com\/?p=2565","title":{"rendered":"Conmemoran XXX aniversario de la autonom\u00eda universitaria de la UADY"},"content":{"rendered":"<div style=\"font-family: Noteworthy; font-size: 20px; font-weight: bold; line-height: 26px; -webkit-tap-highlight-color: rgba(26, 26, 26, 0.296875); -webkit-composition-fill-color: rgba(130, 98, 83, 0.0976563); -webkit-composition-frame-color: rgba(191, 107, 82, 0.496094); \">M\u00e9rida, Yucat\u00e1n, 30 de agosto de 2014.- En el marco de la conmemoraci\u00f3n del XXX aniversario de la autonom\u00eda de la Universidad Aut\u00f3noma de Yucat\u00e1n (UADY), el Gobernador Rolando Zapata Bello asegur\u00f3 que la casa de estudios ha demostrado a trav\u00e9s de los a\u00f1os su calidad acad\u00e9mica y su enorme compromiso social, por lo que se ha colocado como un referente a nivel nacional e internacional.<\/div>\n<div style=\"font-family: Noteworthy; font-size: 20px; font-weight: bold; line-height: 26px; -webkit-tap-highlight-color: rgba(26, 26, 26, 0.296875); -webkit-composition-fill-color: rgba(130, 98, 83, 0.0976563); -webkit-composition-frame-color: rgba(191, 107, 82, 0.496094); \">Al develar la placa conmemorativa del decreto dictaminado por el XLIX &nbsp;Congreso Constitucional el 30 de agosto de 1984 por iniciativa del ex mandatario, V\u00edctor Cervera Pacheco, el titular del Poder Ejecutivo indic\u00f3 que visualiza un futuro promisorio para la instituci\u00f3n debido al trabajo que realiza con gran unidad en el seno de la comunidad educativa.<\/div>\n<div style=\"font-family: Noteworthy; font-size: 20px; font-weight: bold; line-height: 26px; -webkit-tap-highlight-color: rgba(26, 26, 26, 0.296875); -webkit-composition-fill-color: rgba(130, 98, 83, 0.0976563); -webkit-composition-frame-color: rgba(191, 107, 82, 0.496094); \">Acompa\u00f1ado del secretario General de Gobierno, V\u00edctor Caballero Dur\u00e1n, Zapata Bello consider\u00f3 que los avances en los \u00e1mbitos acad\u00e9mico, cultural, deportivo y de investigaci\u00f3n son evidentes, por lo que continuar\u00e1 siendo una plataforma en crecimiento y un orgullo para toda la sociedad yucateca.<\/div>\n<div style=\"font-family: Noteworthy; font-size: 20px; font-weight: bold; line-height: 26px; -webkit-tap-highlight-color: rgba(26, 26, 26, 0.296875); -webkit-composition-fill-color: rgba(130, 98, 83, 0.0976563); -webkit-composition-frame-color: rgba(191, 107, 82, 0.496094); \">Durante el encuentro, el abogado General de la Universidad, Ren\u00e1n Ermilo Sol\u00eds S\u00e1nchez, record\u00f3 la historia de la instituci\u00f3n y reconoci\u00f3 las iniciativas de gobernantes como Felipe Carrillo Puerto y V\u00edctor Cervera Pacheco, quienes con gran visi\u00f3n promovieron la creaci\u00f3n y autonom\u00eda de la UADY.<\/div>\n<div style=\"font-family: Noteworthy; font-size: 20px; font-weight: bold; line-height: 26px; -webkit-tap-highlight-color: rgba(26, 26, 26, 0.296875); -webkit-composition-fill-color: rgba(130, 98, 83, 0.0976563); -webkit-composition-frame-color: rgba(191, 107, 82, 0.496094); \">\u201cLa Universidad Aut\u00f3noma de Yucat\u00e1n, organismo descentralizado del estado, aut\u00f3noma por ley, ha cumplido, cumple y continuar\u00e1 cumpliendo con los fines para los cuales fue creada con Luz, Ciencia y Verdad\u201d, subray\u00f3 ante la viuda e hijo de Cervera Pacheco, Amira Hern\u00e1ndez Guerra y V\u00edctor Cervera Hern\u00e1ndez, respectivamente.<\/div>\n<div style=\"font-family: Noteworthy; font-size: 20px; font-weight: bold; line-height: 26px; -webkit-tap-highlight-color: rgba(26, 26, 26, 0.296875); -webkit-composition-fill-color: rgba(130, 98, 83, 0.0976563); -webkit-composition-frame-color: rgba(191, 107, 82, 0.496094); \">En presencia del rector de la UADY, Alfredo D\u00e1jer Abimerhi, el representante estudiantil, Carlos Parra Arceo, expres\u00f3 que la seguridad y la confianza que otorgan la autorregulaci\u00f3n y la autogesti\u00f3n han contribuido al progreso de la m\u00e1xima casa de estudios, situaci\u00f3n que se ha visto fortalecida por el desempe\u00f1o de sus autoridades y que hoy se ve respetada y apoyada por la administraci\u00f3n estatal.<\/div>\n<div style=\"font-family: Noteworthy; font-size: 20px; font-weight: bold; line-height: 26px; -webkit-tap-highlight-color: rgba(26, 26, 26, 0.296875); -webkit-composition-fill-color: rgba(130, 98, 83, 0.0976563); -webkit-composition-frame-color: rgba(191, 107, 82, 0.496094); \">Al evento asistieron los presidentes de la Junta de Gobierno y Coordinaci\u00f3n Pol\u00edtica de Congreso local, Luis Hevia Jim\u00e9nez, y del Tribunal Superior de Justicia del Estado, Marcos Celis Quintal. Asimismo, el secretario de Educaci\u00f3n en la entidad, Ra\u00fal Godoy Monta\u00f1ez, y los ex rectores de la UADY, Carlos Pasos Novelo y \u00c1lvaro Mimenza Cuevas.<\/p>\n<div class=\"separator\" style=\"clear: both;\"><a href=\"https:\/\/lh6.googleusercontent.com\/-hqGS1-Z7GGw\/VAIET92MUpI\/AAAAAAAAjks\/iJ0PhOfjYm0\/s640\/blogger-image--2111411605.jpg\" imageanchor=\"1\" style=\"margin-left: 1em; margin-right: 1em;\"><img decoding=\"async\" border=\"0\" src=\"https:\/\/lh6.googleusercontent.com\/-hqGS1-Z7GGw\/VAIET92MUpI\/AAAAAAAAjks\/iJ0PhOfjYm0\/s640\/blogger-image--2111411605.jpg\"><\/a><\/div>\n<\/div>\n<div><\/div>\n","protected":false},"excerpt":{"rendered":"<p>M\u00e9rida, Yucat\u00e1n, 30 de agosto de 2014.- En el marco de la conmemoraci\u00f3n del XXX aniversario de la autonom\u00eda de la Universidad Aut\u00f3noma de Yucat\u00e1n (UADY), el Gobernador Rolando Zapata<\/p>\n","protected":false},"author":1,"featured_media":15241,"comment_status":"open","ping_status":"open","sticky":false,"template":"","format":"standard","meta":{"jetpack_post_was_ever_published":false,"_jetpack_newsletter_access":"","_jetpack_dont_email_post_to_subs":false,"_jetpack_newsletter_tier_id":0,"_jetpack_memberships_contains_paywalled_content":false,"_jetpack_memberships_contains_paid_content":false,"footnotes":"","jetpack_publicize_message":"","jetpack_publicize_feature_enabled":true,"jetpack_social_post_already_shared":false,"jetpack_social_options":{"image_generator_settings":{"template":"highway","default_image_id":0,"font":"","enabled":false},"version":2}},"categories":[17,1],"tags":[],"class_list":["post-2565","post","type-post","status-publish","format-standard","has-post-thumbnail","hentry","category-politica-y-gobierno","category-sin-categoria"],"jetpack_publicize_connections":[],"jetpack_featured_media_url":"https:\/\/formalprision.com\/wp-content\/uploads\/2014\/08\/blogger-image-2111411605.jpg","jetpack_sharing_enabled":true,"jetpack_shortlink":"https:\/\/wp.me\/p6id8p-Fn","_links":{"self":[{"href":"https:\/\/formalprision.com\/index.php?rest_route=\/wp\/v2\/posts\/2565","targetHints":{"allow":["GET"]}}],"collection":[{"href":"https:\/\/formalprision.com\/index.php?rest_route=\/wp\/v2\/posts"}],"about":[{"href":"https:\/\/formalprision.com\/index.php?rest_route=\/wp\/v2\/types\/post"}],"author":[{"embeddable":true,"href":"https:\/\/formalprision.com\/index.php?rest_route=\/wp\/v2\/users\/1"}],"replies":[{"embeddable":true,"href":"https:\/\/formalprision.com\/index.php?rest_route=%2Fwp%2Fv2%2Fcomments&post=2565"}],"version-history":[{"count":0,"href":"https:\/\/formalprision.com\/index.php?rest_route=\/wp\/v2\/posts\/2565\/revisions"}],"wp:featuredmedia":[{"embeddable":true,"href":"https:\/\/formalprision.com\/index.php?rest_route=\/wp\/v2\/media\/15241"}],"wp:attachment":[{"href":"https:\/\/formalprision.com\/index.php?rest_route=%2Fwp%2Fv2%2Fmedia&parent=2565"}],"wp:term":[{"taxonomy":"category","embeddable":true,"href":"https:\/\/formalprision.com\/index.php?rest_route=%2Fwp%2Fv2%2Fcategories&post=2565"},{"taxonomy":"post_tag","embeddable":true,"href":"https:\/\/formalprision.com\/index.php?rest_route=%2Fwp%2Fv2%2Ftags&post=2565"}],"curies":[{"name":"wp","href":"https:\/\/api.w.org\/{rel}","templated":true}]}}