{"id":2566,"date":"2014-08-30T06:28:00","date_gmt":"2014-08-30T06:28:00","guid":{"rendered":"http:\/\/formalprision.info\/2014\/08\/30\/asiste-secretario-general-de-gobierno\/"},"modified":"2015-06-03T08:35:46","modified_gmt":"2015-06-03T08:35:46","slug":"asiste-secretario-general-de-gobierno","status":"publish","type":"post","link":"https:\/\/formalprision.com\/?p=2566","title":{"rendered":"Asiste secretario General de Gobierno al segundo informe del\nAyuntamiento de M\u00e9rida"},"content":{"rendered":"<div style=\"font-family: Noteworthy; font-size: 20px; font-weight: bold; line-height: 26px; -webkit-tap-highlight-color: rgba(26, 26, 26, 0.296875); -webkit-composition-fill-color: rgba(130, 98, 83, 0.0976563); -webkit-composition-frame-color: rgba(191, 107, 82, 0.496094); \">\n<div>El secretario General de Gobierno, V\u00edctor Caballero Dur\u00e1n, asisti\u00f3 esta noche a la sesi\u00f3n solemne del Cabildo del Ayuntamiento de M\u00e9rida, con motivo del segundo informe de &nbsp;la administraci\u00f3n municipal.<\/div>\n<div>Caballero Dur\u00e1n acudi\u00f3 al informe del alcalde, Ren\u00e1n Barrera Concha, acompa\u00f1ado por los secretarios de Administraci\u00f3n y Finanzas, y Seguridad P\u00fablica, Roberto Rodr\u00edguez Asaf y Luis Felipe Said\u00e9n Ojeda, respectivamente, as\u00ed como el jefe del Despacho del Gobernador, Eric Rubio Barthell.&nbsp;<\/div>\n<div>\n<div class=\"separator\" style=\"clear: both;\"><a href=\"https:\/\/lh3.googleusercontent.com\/-Bsr_CA2_jDI\/VAFvD93C7AI\/AAAAAAAAjkc\/Q_QZ6OtEFb8\/s640\/blogger-image-394363797.jpg\" imageanchor=\"1\" style=\"margin-left: 1em; margin-right: 1em;\"><img decoding=\"async\" border=\"0\" src=\"https:\/\/lh3.googleusercontent.com\/-Bsr_CA2_jDI\/VAFvD93C7AI\/AAAAAAAAjkc\/Q_QZ6OtEFb8\/s640\/blogger-image-394363797.jpg\"><\/a><\/div>\n<p><\/div>\n<\/div>\n","protected":false},"excerpt":{"rendered":"<p>El secretario General de Gobierno, V\u00edctor Caballero Dur\u00e1n, asisti\u00f3 esta noche a la sesi\u00f3n solemne del Cabildo del Ayuntamiento de M\u00e9rida, con motivo del segundo informe de &nbsp;la administraci\u00f3n municipal.<\/p>\n","protected":false},"author":1,"featured_media":15243,"comment_status":"open","ping_status":"open","sticky":false,"template":"","format":"standard","meta":{"jetpack_post_was_ever_published":false,"_jetpack_newsletter_access":"","_jetpack_dont_email_post_to_subs":false,"_jetpack_newsletter_tier_id":0,"_jetpack_memberships_contains_paywalled_content":false,"_jetpack_memberships_contains_paid_content":false,"footnotes":"","jetpack_publicize_message":"","jetpack_publicize_feature_enabled":true,"jetpack_social_post_already_shared":false,"jetpack_social_options":{"image_generator_settings":{"template":"highway","default_image_id":0,"font":"","enabled":false},"version":2}},"categories":[17,1],"tags":[],"class_list":["post-2566","post","type-post","status-publish","format-standard","has-post-thumbnail","hentry","category-politica-y-gobierno","category-sin-categoria"],"jetpack_publicize_connections":[],"jetpack_featured_media_url":"https:\/\/formalprision.com\/wp-content\/uploads\/2014\/08\/blogger-image-394363797.jpg","jetpack_sharing_enabled":true,"jetpack_shortlink":"https:\/\/wp.me\/p6id8p-Fo","_links":{"self":[{"href":"https:\/\/formalprision.com\/index.php?rest_route=\/wp\/v2\/posts\/2566","targetHints":{"allow":["GET"]}}],"collection":[{"href":"https:\/\/formalprision.com\/index.php?rest_route=\/wp\/v2\/posts"}],"about":[{"href":"https:\/\/formalprision.com\/index.php?rest_route=\/wp\/v2\/types\/post"}],"author":[{"embeddable":true,"href":"https:\/\/formalprision.com\/index.php?rest_route=\/wp\/v2\/users\/1"}],"replies":[{"embeddable":true,"href":"https:\/\/formalprision.com\/index.php?rest_route=%2Fwp%2Fv2%2Fcomments&post=2566"}],"version-history":[{"count":0,"href":"https:\/\/formalprision.com\/index.php?rest_route=\/wp\/v2\/posts\/2566\/revisions"}],"wp:featuredmedia":[{"embeddable":true,"href":"https:\/\/formalprision.com\/index.php?rest_route=\/wp\/v2\/media\/15243"}],"wp:attachment":[{"href":"https:\/\/formalprision.com\/index.php?rest_route=%2Fwp%2Fv2%2Fmedia&parent=2566"}],"wp:term":[{"taxonomy":"category","embeddable":true,"href":"https:\/\/formalprision.com\/index.php?rest_route=%2Fwp%2Fv2%2Fcategories&post=2566"},{"taxonomy":"post_tag","embeddable":true,"href":"https:\/\/formalprision.com\/index.php?rest_route=%2Fwp%2Fv2%2Ftags&post=2566"}],"curies":[{"name":"wp","href":"https:\/\/api.w.org\/{rel}","templated":true}]}}