{"id":2581,"date":"2014-08-28T21:41:00","date_gmt":"2014-08-28T21:41:00","guid":{"rendered":"http:\/\/formalprision.info\/2014\/08\/28\/fuerte-inversion-para-el-nuevo-ciclo\/"},"modified":"2015-06-03T08:35:48","modified_gmt":"2015-06-03T08:35:48","slug":"fuerte-inversion-para-el-nuevo-ciclo","status":"publish","type":"post","link":"https:\/\/formalprision.com\/?p=2581","title":{"rendered":"Fuerte inversi\u00f3n para el nuevo ciclo escolar"},"content":{"rendered":"<div style=\"font-family: Noteworthy; font-size: 20px; font-weight: bold; line-height: 26px; -webkit-tap-highlight-color: rgba(26, 26, 26, 0.296875); -webkit-composition-fill-color: rgba(130, 98, 83, 0.0976563); -webkit-composition-frame-color: rgba(191, 107, 82, 0.496094); \">M\u00e9rida, Yucat\u00e1n, 28 de agosto de 2014.- Con la finalidad de impulsar acciones y programas que se traduzcan en la mejora de la calidad, equidad e inclusi\u00f3n educativa en toda la entidad, &nbsp;se ejercer\u00e1 un total de 484.8 millones de pesos en el transcurso del nuevo ciclo escolar 2014-2015.<\/div>\n<div style=\"font-family: Noteworthy; font-size: 20px; font-weight: bold; line-height: 26px; -webkit-tap-highlight-color: rgba(26, 26, 26, 0.296875); -webkit-composition-fill-color: rgba(130, 98, 83, 0.0976563); -webkit-composition-frame-color: rgba(191, 107, 82, 0.496094); \">Al encabezar una rueda de prensa realizada esta ma\u00f1ana, el titular de la Secretar\u00eda de Educaci\u00f3n (Segey), Ra\u00fal Godoy Monta\u00f1ez, detall\u00f3 las estrategias y los montos que se erogar\u00e1n para llevar a cabo la apertura de nuevos espacios, realizar la entrega de mobiliario y el equipamiento de las Telesecundarias, entre otros planes.<\/div>\n<div style=\"font-family: Noteworthy; font-size: 20px; font-weight: bold; line-height: 26px; -webkit-tap-highlight-color: rgba(26, 26, 26, 0.296875); -webkit-composition-fill-color: rgba(130, 98, 83, 0.0976563); -webkit-composition-frame-color: rgba(191, 107, 82, 0.496094); \">Durante la actividad efectuada en las instalaciones de la citada dependencia, el funcionario estatal coment\u00f3 que actualmente se encuentran en proceso de construcci\u00f3n 85 nuevas aulas y 10 servicios sanitarios para satisfacer las necesidades de los estudiantes, debido al incremento de la matr\u00edcula, lo cual significa una inversi\u00f3n de 49 millones de pesos.<\/div>\n<div style=\"font-family: Noteworthy; font-size: 20px; font-weight: bold; line-height: 26px; -webkit-tap-highlight-color: rgba(26, 26, 26, 0.296875); -webkit-composition-fill-color: rgba(130, 98, 83, 0.0976563); -webkit-composition-frame-color: rgba(191, 107, 82, 0.496094); \">Asimismo, a\u00f1adi\u00f3 que se iniciar\u00e1 la edificaci\u00f3n de escuelas primarias en la colonia Dzununc\u00e1n y los fraccionamientos \u201cLos h\u00e9roes\u201d, en la ciudad de M\u00e9rida, y \u201cPiedra de agua\u201d, perteneciente al municipio de Um\u00e1n, donde tambi\u00e9n se construir\u00e1 un jard\u00edn de ni\u00f1os.<\/div>\n<div style=\"font-family: Noteworthy; font-size: 20px; font-weight: bold; line-height: 26px; -webkit-tap-highlight-color: rgba(26, 26, 26, 0.296875); -webkit-composition-fill-color: rgba(130, 98, 83, 0.0976563); -webkit-composition-frame-color: rgba(191, 107, 82, 0.496094); \">De la misma manera, &nbsp;se desarrollar\u00e1n acciones enfocadas a la apertura de nuevas Telesecundarias en los municipios de Tizim\u00edn, Tzucacab y Valladolid.<\/div>\n<div style=\"font-family: Noteworthy; font-size: 20px; font-weight: bold; line-height: 26px; -webkit-tap-highlight-color: rgba(26, 26, 26, 0.296875); -webkit-composition-fill-color: rgba(130, 98, 83, 0.0976563); -webkit-composition-frame-color: rgba(191, 107, 82, 0.496094); \">Godoy Monta\u00f1ez explic\u00f3 que en el transcurso de este ciclo se concluir\u00e1 la construcci\u00f3n de ocho escuelas de educaci\u00f3n inicial ind\u00edgena en Temoz\u00f3n, Yaxcab\u00e1, Dzan, Tinum, Panab\u00e1, Maxcan\u00fa, Chemax y Valladolid; adem\u00e1s de jardines de ni\u00f1os en los municipios de Dzan y Chemax.<\/div>\n<div style=\"font-family: Noteworthy; font-size: 20px; font-weight: bold; line-height: 26px; -webkit-tap-highlight-color: rgba(26, 26, 26, 0.296875); -webkit-composition-fill-color: rgba(130, 98, 83, 0.0976563); -webkit-composition-frame-color: rgba(191, 107, 82, 0.496094); \">En este sentido, tambi\u00e9n se contempla la conclusi\u00f3n de trabajos en la Escuela Primaria \u201cKukulc\u00e1n\u201d de Dzit\u00e1s, as\u00ed como de las secundarias \u201cOnec\u00edforo Burgos Concha\u201d, de Tixkokob, donde solo faltan los talleres; y la del fraccionamiento \u201cLos h\u00e9roes\u201d. Dichas obras implican una inversi\u00f3n de 64 millones de pesos.<\/div>\n<div style=\"font-family: Noteworthy; font-size: 20px; font-weight: bold; line-height: 26px; -webkit-tap-highlight-color: rgba(26, 26, 26, 0.296875); -webkit-composition-fill-color: rgba(130, 98, 83, 0.0976563); -webkit-composition-frame-color: rgba(191, 107, 82, 0.496094); \">El titular de la Segey mencion\u00f3 que como parte de las acciones para cubrir las 104 mil piezas de mobiliario faltante en los centros escolares, se licit\u00f3 con una inversi\u00f3n de 15 millones de pesos un total de 20 mil nuevas unidades que entrar\u00e1n en almac\u00e9n el pr\u00f3ximo 8 de septiembre.<\/div>\n<div style=\"font-family: Noteworthy; font-size: 20px; font-weight: bold; line-height: 26px; -webkit-tap-highlight-color: rgba(26, 26, 26, 0.296875); -webkit-composition-fill-color: rgba(130, 98, 83, 0.0976563); -webkit-composition-frame-color: rgba(191, 107, 82, 0.496094); \">Similar cantidad se aplica para equipar 964 aulas digitales con computadoras, proyectores y pantallas. De este n\u00famero, 264 se entregar\u00e1n en las pr\u00f3ximas dos semanas y 600 a\u00fan se encuentran en proceso de licitaci\u00f3n.<\/div>\n<div style=\"font-family: Noteworthy; font-size: 20px; font-weight: bold; line-height: 26px; -webkit-tap-highlight-color: rgba(26, 26, 26, 0.296875); -webkit-composition-fill-color: rgba(130, 98, 83, 0.0976563); -webkit-composition-frame-color: rgba(191, 107, 82, 0.496094); \">En el rubro de Telesecundaria se destinar\u00e1n recursos por 2.1 millones de pesos para la entrega de 150 kits integrados por televisores LCD con tecnolog\u00eda HD, antenas de recepci\u00f3n HD y Blu-ray.<\/div>\n<div style=\"font-family: Noteworthy; font-size: 20px; font-weight: bold; line-height: 26px; -webkit-tap-highlight-color: rgba(26, 26, 26, 0.296875); -webkit-composition-fill-color: rgba(130, 98, 83, 0.0976563); -webkit-composition-frame-color: rgba(191, 107, 82, 0.496094); \">En materia de mejoramiento de infraestructura, un total de 800 planteles de educaci\u00f3n b\u00e1sica recibir\u00e1n 15 mil cubetas de pintura, correspondientes a una inversi\u00f3n de 7.2 millones de pesos.<\/div>\n<div style=\"font-family: Noteworthy; font-size: 20px; font-weight: bold; line-height: 26px; -webkit-tap-highlight-color: rgba(26, 26, 26, 0.296875); -webkit-composition-fill-color: rgba(130, 98, 83, 0.0976563); -webkit-composition-frame-color: rgba(191, 107, 82, 0.496094); \">Asimismo, el funcionario estatal mencion\u00f3 que incrementar\u00e1n a 543 las escuelas de jornada ampliada o tiempo completo, con la integraci\u00f3n de 250 centros adicionales, por lo que ahora existir\u00e1n en estas modalidades 38 preescolares y 117 primarias ind\u00edgenas, 324 primarias generales, 63 secundarias y un plantel de educaci\u00f3n especial.<\/div>\n<div style=\"font-family: Noteworthy; font-size: 20px; font-weight: bold; line-height: 26px; -webkit-tap-highlight-color: rgba(26, 26, 26, 0.296875); -webkit-composition-fill-color: rgba(130, 98, 83, 0.0976563); -webkit-composition-frame-color: rgba(191, 107, 82, 0.496094); \">Igual, se emiti\u00f3 la convocatoria del Programa Estatal de Apoyo a la Gesti\u00f3n Escolar (Peage), que permitir\u00e1 dar atenci\u00f3n a mil 533 escuelas, las cuales podr\u00e1n obtener recursos por hasta 50 mil pesos para aplicarlos en material did\u00e1ctico, insumos de limpieza y mantenimiento. Para esto se destinar\u00e1n 70 millones de pesos.<\/div>\n<div style=\"font-family: Noteworthy; font-size: 20px; font-weight: bold; line-height: 26px; -webkit-tap-highlight-color: rgba(26, 26, 26, 0.296875); -webkit-composition-fill-color: rgba(130, 98, 83, 0.0976563); -webkit-composition-frame-color: rgba(191, 107, 82, 0.496094); \">Otra de las acciones a realizar es continuar con el esquema de ense\u00f1anza del idioma ingl\u00e9s en 193 planteles e incrementar esta asignatura en 40 colegios de la capital del estado, con una inversi\u00f3n de 10.5 millones de pesos.<\/div>\n<div style=\"font-family: Noteworthy; font-size: 20px; font-weight: bold; line-height: 26px; -webkit-tap-highlight-color: rgba(26, 26, 26, 0.296875); -webkit-composition-fill-color: rgba(130, 98, 83, 0.0976563); -webkit-composition-frame-color: rgba(191, 107, 82, 0.496094); \">En la rueda de prensa tambi\u00e9n se coment\u00f3 que cinco mil 615 alumnos de primaria ser\u00e1n regularizados con asesor\u00edas a contraturno con una inversi\u00f3n de siete millones de pesos.<\/div>\n<div style=\"font-family: Noteworthy; font-size: 20px; font-weight: bold; line-height: 26px; -webkit-tap-highlight-color: rgba(26, 26, 26, 0.296875); -webkit-composition-fill-color: rgba(130, 98, 83, 0.0976563); -webkit-composition-frame-color: rgba(191, 107, 82, 0.496094); \">Adem\u00e1s, Godoy Monta\u00f1ez se\u00f1al\u00f3 para apoyar a las escuelas multigrado que no cuentan con director, se asignar\u00e1 a 79 enlaces itinerantes que cumplir\u00e1n las funciones administrativas y organizativas, en lo cual se erogar\u00e1n cinco millones de pesos.<\/div>\n<div style=\"font-family: Noteworthy; font-size: 20px; font-weight: bold; line-height: 26px; -webkit-tap-highlight-color: rgba(26, 26, 26, 0.296875); -webkit-composition-fill-color: rgba(130, 98, 83, 0.0976563); -webkit-composition-frame-color: rgba(191, 107, 82, 0.496094); \">Asistieron a la rueda de prensa los directores de Educaci\u00f3n Especial, Flor Escalante Centeno; Secundaria, Mario Novelo Ayuso; Ind\u00edgena, Santiago Arellano Tuz; e Inicial y Preescolar, Martha L\u00f3pez Gonz\u00e1lez. (Comunicado)<\/p>\n<div class=\"separator\" style=\"clear: both;\"><a href=\"https:\/\/lh3.googleusercontent.com\/-U2aHZWWso-Y\/U_-iFqi11-I\/AAAAAAAAjg0\/ARYfjGlKnr4\/s640\/blogger-image-2091714076.jpg\" imageanchor=\"1\" style=\"margin-left: 1em; margin-right: 1em;\"><img decoding=\"async\" border=\"0\" src=\"https:\/\/lh3.googleusercontent.com\/-U2aHZWWso-Y\/U_-iFqi11-I\/AAAAAAAAjg0\/ARYfjGlKnr4\/s640\/blogger-image-2091714076.jpg\"><\/a><\/div>\n<\/div>\n<div><\/div>\n","protected":false},"excerpt":{"rendered":"<p>M\u00e9rida, Yucat\u00e1n, 28 de agosto de 2014.- Con la finalidad de impulsar acciones y programas que se traduzcan en la mejora de la calidad, equidad e inclusi\u00f3n educativa en toda<\/p>\n","protected":false},"author":1,"featured_media":15273,"comment_status":"open","ping_status":"open","sticky":false,"template":"","format":"standard","meta":{"jetpack_post_was_ever_published":false,"_jetpack_newsletter_access":"","_jetpack_dont_email_post_to_subs":false,"_jetpack_newsletter_tier_id":0,"_jetpack_memberships_contains_paywalled_content":false,"_jetpack_memberships_contains_paid_content":false,"footnotes":"","jetpack_publicize_message":"","jetpack_publicize_feature_enabled":true,"jetpack_social_post_already_shared":false,"jetpack_social_options":{"image_generator_settings":{"template":"highway","default_image_id":0,"font":"","enabled":false},"version":2}},"categories":[17,1],"tags":[],"class_list":["post-2581","post","type-post","status-publish","format-standard","has-post-thumbnail","hentry","category-politica-y-gobierno","category-sin-categoria"],"jetpack_publicize_connections":[],"jetpack_featured_media_url":"https:\/\/formalprision.com\/wp-content\/uploads\/2014\/08\/blogger-image-2091714076.jpg","jetpack_sharing_enabled":true,"jetpack_shortlink":"https:\/\/wp.me\/p6id8p-FD","_links":{"self":[{"href":"https:\/\/formalprision.com\/index.php?rest_route=\/wp\/v2\/posts\/2581","targetHints":{"allow":["GET"]}}],"collection":[{"href":"https:\/\/formalprision.com\/index.php?rest_route=\/wp\/v2\/posts"}],"about":[{"href":"https:\/\/formalprision.com\/index.php?rest_route=\/wp\/v2\/types\/post"}],"author":[{"embeddable":true,"href":"https:\/\/formalprision.com\/index.php?rest_route=\/wp\/v2\/users\/1"}],"replies":[{"embeddable":true,"href":"https:\/\/formalprision.com\/index.php?rest_route=%2Fwp%2Fv2%2Fcomments&post=2581"}],"version-history":[{"count":0,"href":"https:\/\/formalprision.com\/index.php?rest_route=\/wp\/v2\/posts\/2581\/revisions"}],"wp:featuredmedia":[{"embeddable":true,"href":"https:\/\/formalprision.com\/index.php?rest_route=\/wp\/v2\/media\/15273"}],"wp:attachment":[{"href":"https:\/\/formalprision.com\/index.php?rest_route=%2Fwp%2Fv2%2Fmedia&parent=2581"}],"wp:term":[{"taxonomy":"category","embeddable":true,"href":"https:\/\/formalprision.com\/index.php?rest_route=%2Fwp%2Fv2%2Fcategories&post=2581"},{"taxonomy":"post_tag","embeddable":true,"href":"https:\/\/formalprision.com\/index.php?rest_route=%2Fwp%2Fv2%2Ftags&post=2581"}],"curies":[{"name":"wp","href":"https:\/\/api.w.org\/{rel}","templated":true}]}}