{"id":2582,"date":"2014-08-28T21:36:00","date_gmt":"2014-08-28T21:36:00","guid":{"rendered":"http:\/\/formalprision.info\/2014\/08\/28\/inaugura-el-gobernador-la-15\/"},"modified":"2015-06-03T08:35:49","modified_gmt":"2015-06-03T08:35:49","slug":"inaugura-el-gobernador-la-15","status":"publish","type":"post","link":"https:\/\/formalprision.com\/?p=2582","title":{"rendered":"Inaugura el Gobernador la 15\u00aa Conferencia Nacional de la AMCDPE."},"content":{"rendered":"<div style=\"font-family: Noteworthy; font-size: 20px; font-weight: bold; line-height: 26px; -webkit-tap-highlight-color: rgba(26, 26, 26, 0.296875); -webkit-composition-fill-color: rgba(130, 98, 83, 0.0976563); -webkit-composition-frame-color: rgba(191, 107, 82, 0.496094); \">\n<div>M\u00e9rida, Yucat\u00e1n, 28 de agosto de 2014.- En Yucat\u00e1n reconocemos la importancia de vincular la iniciativa de las micro, peque\u00f1as y medianas empresas (Mipymes) y emprendedores con la academia y &nbsp;empresarios; por ello, hemos consolidado &nbsp;una red estatal de incubadoras, aceleradoras de negocios y un ecosistema de innovaci\u00f3n para aumentar el valor y la productividad de las iniciativas econ\u00f3micas, afirm\u00f3 el Gobernador Rolando Zapata Bello.<\/div>\n<div>Durante la inauguraci\u00f3n de la 15\u00aa Conferencia Nacional de la Asociaci\u00f3n Mexicana de Centros para el Desarrollo de la Peque\u00f1a Empresa (AMCDPE), el titular del Ejecutivo asever\u00f3 que las Mipymes y los proyectos innovadores cuentan con el respaldo del Gobierno estatal para acceder a informaci\u00f3n y herramientas de vanguardia que les permitan insertarse en la competencia global.<\/div>\n<div>\u201cPor ello, seguiremos impulsando los programas de capacitaci\u00f3n que permitan a nuestros emprendedores desarrollar y mejorar sus habilidades laborales, gerenciales y administrativas. As\u00ed, con inclusi\u00f3n financiera y fomento del emprendimiento, es como vamos a seguir apoyando el desarrollo y consolidaci\u00f3n de las peque\u00f1as empresas de la entidad\u201d, puntualiz\u00f3.<\/div>\n<div>Como prueba de este trabajo a favor de las Mipymes y los emprendedores de Yucat\u00e1n, record\u00f3 que recientemente se anunci\u00f3 que en 2014 se apoyar\u00e1 a 50 proyectos del programa Fondo Nacional Emprendedor, as\u00ed como a 95 iniciativas del Fondo de Modernizaci\u00f3n Tecnol\u00f3gica de Micronegocios, con recursos cercanos a los 300 millones de pesos.<\/div>\n<div>\u201cUna inversi\u00f3n que estamos seguros, se traducir\u00e1 en un mayor dinamismo de nuestra econom\u00eda y en consecuencia, en mejores condiciones de vida para las familias\u201d, asever\u00f3. &nbsp;<\/div>\n<div>Al respecto, la directora General del Programa de Emprendedores y Financiamiento del Instituto Nacional del Emprendedor (Inadem) de la Secretar\u00eda de Econom\u00eda (SE), Adriana Guadalupe Tortajada Narv\u00e1ez, inform\u00f3 que como parte de esas acciones, en 2013 los Presidentes de M\u00e9xico, Enrique Pe\u00f1a Nieto, y de Estados Unidos, Barack Obama, unieron esfuerzos para arrancar el Consejo Binacional en Emprendimiento e Innovaci\u00f3n.<\/div>\n<div>Esta iniciativa, agreg\u00f3 la representante del titular de la SE, Ildefonso Guajardo Villarreal, est\u00e1 enfocada en potenciar esa nueva forma de hacer negocios en ambos pa\u00edses con una perspectiva de vanguardia para modificar el entorno en que se desenvuelven las Mipymes y los emprendedores, as\u00ed como para brindarles herramientas que les permitan innovar para trascender en el plano global.<\/div>\n<div>En su turno al habla, el rector de la Universidad Aut\u00f3noma de Nuevo Le\u00f3n (UANL), Jes\u00fas Ancer Rodr\u00edguez, destac\u00f3 que el objetivo de la 15\u00aa Conferencia Nacional de la AMCDPE es el de afrontar los retos en materia de formaci\u00f3n y vinculaci\u00f3n que se dan actualmente entre las instituciones de educaci\u00f3n superior (IES) y las Mipymes, as\u00ed como con los emprendedores.<\/div>\n<div>\u201cAs\u00ed, academia y empresariado nacional e internacional revisaremos, obtendremos e intercambiaremos informaci\u00f3n y planearemos estrategias para echarlas a andar en diversos frentes con el objetivo de apoyar el desarrollo de las Mipymes mexicanas para que tengan \u00e9xito y generen recursos y empleos, que se traduzcan en el bienestar social que disminuya la inequidad, la pobreza y la falta de oportunidades en el pa\u00eds\u201d, mencion\u00f3.<\/div>\n<div>A su vez, Jes\u00fas Vicente Flores Morf\u00edn, titular de Vinculaci\u00f3n y representante del director General del Tecnol\u00f3gico Nacional de M\u00e9xico, Juan Manuel Cant\u00fa V\u00e1zquez, dijo que en este foro los participantes podr\u00e1n comunicarse, colaborar, aprender y obtener resultados conjuntos, que permitan fortalecer las actividades de innovaci\u00f3n, emprendimiento, incubaci\u00f3n y consolidaci\u00f3n de negocios.<\/div>\n<div>Estuvieron presentes los delegados de las Secretar\u00edas de Educaci\u00f3n P\u00fablica (SEP), Wilberth Chi G\u00f3ngora, y Econom\u00eda, Adolfo Peniche P\u00e9rez; as\u00ed como la directora del Instituto Tecnol\u00f3gico de M\u00e9rida, Mirna Alejandra Manzanilla Romero, y los directores General y Regional del Centro de Desarrollo de la Peque\u00f1a Empresa de la Universidad de San Antonio, Texas, E.U., Charles Tee Rowe y Al Salgado, respectivamente, entre otros.<\/div>\n<div>\n<div class=\"separator\" style=\"clear: both;\"><a href=\"https:\/\/lh4.googleusercontent.com\/-xwCTJQ_d0Qw\/U_-gyBQUhqI\/AAAAAAAAjgo\/rXIxpjDlIJg\/s640\/blogger-image--634699336.jpg\" imageanchor=\"1\" style=\"margin-left: 1em; margin-right: 1em;\"><img decoding=\"async\" border=\"0\" src=\"https:\/\/lh4.googleusercontent.com\/-xwCTJQ_d0Qw\/U_-gyBQUhqI\/AAAAAAAAjgo\/rXIxpjDlIJg\/s640\/blogger-image--634699336.jpg\"><\/a><\/div>\n<p><\/div>\n<\/div>\n","protected":false},"excerpt":{"rendered":"<p>M\u00e9rida, Yucat\u00e1n, 28 de agosto de 2014.- En Yucat\u00e1n reconocemos la importancia de vincular la iniciativa de las micro, peque\u00f1as y medianas empresas (Mipymes) y emprendedores con la academia y<\/p>\n","protected":false},"author":1,"featured_media":15275,"comment_status":"open","ping_status":"open","sticky":false,"template":"","format":"standard","meta":{"jetpack_post_was_ever_published":false,"_jetpack_newsletter_access":"","_jetpack_dont_email_post_to_subs":false,"_jetpack_newsletter_tier_id":0,"_jetpack_memberships_contains_paywalled_content":false,"_jetpack_memberships_contains_paid_content":false,"footnotes":"","jetpack_publicize_message":"","jetpack_publicize_feature_enabled":true,"jetpack_social_post_already_shared":false,"jetpack_social_options":{"image_generator_settings":{"template":"highway","default_image_id":0,"font":"","enabled":false},"version":2}},"categories":[17,1],"tags":[],"class_list":["post-2582","post","type-post","status-publish","format-standard","has-post-thumbnail","hentry","category-politica-y-gobierno","category-sin-categoria"],"jetpack_publicize_connections":[],"jetpack_featured_media_url":"https:\/\/formalprision.com\/wp-content\/uploads\/2014\/08\/blogger-image-634699336.jpg","jetpack_sharing_enabled":true,"jetpack_shortlink":"https:\/\/wp.me\/p6id8p-FE","_links":{"self":[{"href":"https:\/\/formalprision.com\/index.php?rest_route=\/wp\/v2\/posts\/2582","targetHints":{"allow":["GET"]}}],"collection":[{"href":"https:\/\/formalprision.com\/index.php?rest_route=\/wp\/v2\/posts"}],"about":[{"href":"https:\/\/formalprision.com\/index.php?rest_route=\/wp\/v2\/types\/post"}],"author":[{"embeddable":true,"href":"https:\/\/formalprision.com\/index.php?rest_route=\/wp\/v2\/users\/1"}],"replies":[{"embeddable":true,"href":"https:\/\/formalprision.com\/index.php?rest_route=%2Fwp%2Fv2%2Fcomments&post=2582"}],"version-history":[{"count":0,"href":"https:\/\/formalprision.com\/index.php?rest_route=\/wp\/v2\/posts\/2582\/revisions"}],"wp:featuredmedia":[{"embeddable":true,"href":"https:\/\/formalprision.com\/index.php?rest_route=\/wp\/v2\/media\/15275"}],"wp:attachment":[{"href":"https:\/\/formalprision.com\/index.php?rest_route=%2Fwp%2Fv2%2Fmedia&parent=2582"}],"wp:term":[{"taxonomy":"category","embeddable":true,"href":"https:\/\/formalprision.com\/index.php?rest_route=%2Fwp%2Fv2%2Fcategories&post=2582"},{"taxonomy":"post_tag","embeddable":true,"href":"https:\/\/formalprision.com\/index.php?rest_route=%2Fwp%2Fv2%2Ftags&post=2582"}],"curies":[{"name":"wp","href":"https:\/\/api.w.org\/{rel}","templated":true}]}}