{"id":2583,"date":"2014-08-28T21:10:00","date_gmt":"2014-08-28T21:10:00","guid":{"rendered":"http:\/\/formalprision.info\/2014\/08\/28\/12-anos-de-carcel-por-abusar-de-una\/"},"modified":"2015-06-03T08:35:49","modified_gmt":"2015-06-03T08:35:49","slug":"12-anos-de-carcel-por-abusar-de-una","status":"publish","type":"post","link":"https:\/\/formalprision.com\/?p=2583","title":{"rendered":"12 a\u00f1os de c\u00e1rcel por abusar de discapacitada mental"},"content":{"rendered":"<div style=\"font-family: Noteworthy; font-size: 20px; font-weight: bold; line-height: 26px; -webkit-tap-highlight-color: rgba(26, 26, 26, 0.296875); -webkit-composition-fill-color: rgba(130, 98, 83, 0.0976563); -webkit-composition-frame-color: rgba(191, 107, 82, 0.496094); \">Por abusar de una mujer con retraso mental, Roberto Alberto Garc\u00eda Dzul (a) \u201cChuy\u201d fue sentenciado este d\u00eda a &nbsp;doce a\u00f1os y tres meses de c\u00e1rcel.<\/div>\n<div style=\"font-family: Noteworthy; font-size: 20px; font-weight: bold; line-height: 26px; -webkit-tap-highlight-color: rgba(26, 26, 26, 0.296875); -webkit-composition-fill-color: rgba(130, 98, 83, 0.0976563); -webkit-composition-frame-color: rgba(191, 107, 82, 0.496094); \">El Tribunal de Juicio Oral de Um\u00e1n lo hallo culpable por el delito de violaci\u00f3n equiparada y tambi\u00e9n se le impuso &nbsp;una multa de 275 d\u00edas de salario m\u00ednimo, equivalentes a 16,879.50 pesos, sustituibles con 137 jornadas de trabajo o 550 d\u00edas adicionales de reclusi\u00f3n.<\/div>\n<div style=\"font-family: Noteworthy; font-size: 20px; font-weight: bold; line-height: 26px; -webkit-tap-highlight-color: rgba(26, 26, 26, 0.296875); -webkit-composition-fill-color: rgba(130, 98, 83, 0.0976563); -webkit-composition-frame-color: rgba(191, 107, 82, 0.496094); \">Deber\u00e1 pagar 8,000 en favor de la v\u00edctima, por concepto de reparaci\u00f3n del da\u00f1o causado, adem\u00e1s de que cubrir\u00e1 los gastos &nbsp;del tratamiento psicol\u00f3gico para la madre de la joven porque result\u00f3 afectada tambi\u00e9n.<\/div>\n<div style=\"font-family: Noteworthy; font-size: 20px; font-weight: bold; line-height: 26px; -webkit-tap-highlight-color: rgba(26, 26, 26, 0.296875); -webkit-composition-fill-color: rgba(130, 98, 83, 0.0976563); -webkit-composition-frame-color: rgba(191, 107, 82, 0.496094); \">El tribunal determin\u00f3 igualmente que Roberto Alberto no podr\u00e1 &nbsp;acercarse a la v\u00edctima durante tres a\u00f1os, a partir de que obtenga su libertad, tras cubrir su condena.<\/div>\n<div style=\"font-family: Noteworthy; font-size: 20px; font-weight: bold; line-height: 26px; -webkit-tap-highlight-color: rgba(26, 26, 26, 0.296875); -webkit-composition-fill-color: rgba(130, 98, 83, 0.0976563); -webkit-composition-frame-color: rgba(191, 107, 82, 0.496094); \">Fue amonestado a fin de que no reincida y se le suspendieron los derechos pol\u00edtico electorales, es decir no podr\u00e1 votar o ser votado.<\/div>\n<div style=\"font-family: Noteworthy; font-size: 20px; font-weight: bold; line-height: 26px; -webkit-tap-highlight-color: rgba(26, 26, 26, 0.296875); -webkit-composition-fill-color: rgba(130, 98, 83, 0.0976563); -webkit-composition-frame-color: rgba(191, 107, 82, 0.496094); \">Se inform\u00f3 que el Tribunal de Juicio Oral consider\u00f3 que la Fiscal\u00eda General del Estado prob\u00f3, m\u00e1s all\u00e1 de toda duda razonable, su teor\u00eda del caso.<\/div>\n<div style=\"font-family: Noteworthy; font-size: 20px; font-weight: bold; line-height: 26px; -webkit-tap-highlight-color: rgba(26, 26, 26, 0.296875); -webkit-composition-fill-color: rgba(130, 98, 83, 0.0976563); -webkit-composition-frame-color: rgba(191, 107, 82, 0.496094); \">Los hechos se registraron el 24 de diciembre pasado en la comunidad de Cacao, comisar\u00eda de Abal\u00e1, donde el imputado aprovech\u00f3 que su v\u00edctima -de identidad reservada- se encontraba sola para introducirse a su domicilio y cometer el delito.<\/div>\n<div style=\"font-family: Noteworthy; font-size: 20px; font-weight: bold; line-height: 26px; -webkit-tap-highlight-color: rgba(26, 26, 26, 0.296875); -webkit-composition-fill-color: rgba(130, 98, 83, 0.0976563); -webkit-composition-frame-color: rgba(191, 107, 82, 0.496094); \">Un vecino de la afectada se percat\u00f3 del sujeto al entrar, por lo que fue a ver qu\u00e9 suced\u00eda &nbsp;y encontr\u00f3 al inculpado abusando de la mujer.<\/div>\n<div style=\"font-family: Noteworthy; font-size: 20px; font-weight: bold; line-height: 26px; -webkit-tap-highlight-color: rgba(26, 26, 26, 0.296875); -webkit-composition-fill-color: rgba(130, 98, 83, 0.0976563); -webkit-composition-frame-color: rgba(191, 107, 82, 0.496094); \">El sujeto huy\u00f3, peto fue detenido despu\u00e9s.<\/p>\n<div class=\"separator\" style=\"clear: both;\"><a href=\"https:\/\/lh6.googleusercontent.com\/-B1XJpl7kY3E\/U_-asJQe_jI\/AAAAAAAAjgY\/k71qDMRq9Ns\/s640\/blogger-image-327448305.jpg\" imageanchor=\"1\" style=\"margin-left: 1em; margin-right: 1em;\"><img decoding=\"async\" border=\"0\" src=\"https:\/\/lh6.googleusercontent.com\/-B1XJpl7kY3E\/U_-asJQe_jI\/AAAAAAAAjgY\/k71qDMRq9Ns\/s640\/blogger-image-327448305.jpg\"><\/a><\/div>\n<\/div>\n","protected":false},"excerpt":{"rendered":"<p>Por abusar de una mujer con retraso mental, Roberto Alberto Garc\u00eda Dzul (a) \u201cChuy\u201d fue sentenciado este d\u00eda a &nbsp;doce a\u00f1os y tres meses de c\u00e1rcel. El Tribunal de Juicio<\/p>\n","protected":false},"author":1,"featured_media":15277,"comment_status":"open","ping_status":"open","sticky":false,"template":"","format":"standard","meta":{"jetpack_post_was_ever_published":false,"_jetpack_newsletter_access":"","_jetpack_dont_email_post_to_subs":false,"_jetpack_newsletter_tier_id":0,"_jetpack_memberships_contains_paywalled_content":false,"_jetpack_memberships_contains_paid_content":false,"footnotes":"","jetpack_publicize_message":"","jetpack_publicize_feature_enabled":true,"jetpack_social_post_already_shared":false,"jetpack_social_options":{"image_generator_settings":{"template":"highway","default_image_id":0,"font":"","enabled":false},"version":2}},"categories":[10,3,1],"tags":[],"class_list":["post-2583","post","type-post","status-publish","format-standard","has-post-thumbnail","hentry","category-lectura-recomendada","category-portada","category-sin-categoria"],"jetpack_publicize_connections":[],"jetpack_featured_media_url":"https:\/\/formalprision.com\/wp-content\/uploads\/2014\/08\/blogger-image-327448305.jpg","jetpack_sharing_enabled":true,"jetpack_shortlink":"https:\/\/wp.me\/p6id8p-FF","_links":{"self":[{"href":"https:\/\/formalprision.com\/index.php?rest_route=\/wp\/v2\/posts\/2583","targetHints":{"allow":["GET"]}}],"collection":[{"href":"https:\/\/formalprision.com\/index.php?rest_route=\/wp\/v2\/posts"}],"about":[{"href":"https:\/\/formalprision.com\/index.php?rest_route=\/wp\/v2\/types\/post"}],"author":[{"embeddable":true,"href":"https:\/\/formalprision.com\/index.php?rest_route=\/wp\/v2\/users\/1"}],"replies":[{"embeddable":true,"href":"https:\/\/formalprision.com\/index.php?rest_route=%2Fwp%2Fv2%2Fcomments&post=2583"}],"version-history":[{"count":0,"href":"https:\/\/formalprision.com\/index.php?rest_route=\/wp\/v2\/posts\/2583\/revisions"}],"wp:featuredmedia":[{"embeddable":true,"href":"https:\/\/formalprision.com\/index.php?rest_route=\/wp\/v2\/media\/15277"}],"wp:attachment":[{"href":"https:\/\/formalprision.com\/index.php?rest_route=%2Fwp%2Fv2%2Fmedia&parent=2583"}],"wp:term":[{"taxonomy":"category","embeddable":true,"href":"https:\/\/formalprision.com\/index.php?rest_route=%2Fwp%2Fv2%2Fcategories&post=2583"},{"taxonomy":"post_tag","embeddable":true,"href":"https:\/\/formalprision.com\/index.php?rest_route=%2Fwp%2Fv2%2Ftags&post=2583"}],"curies":[{"name":"wp","href":"https:\/\/api.w.org\/{rel}","templated":true}]}}