{"id":2584,"date":"2014-08-28T17:47:00","date_gmt":"2014-08-28T17:47:00","guid":{"rendered":"http:\/\/formalprision.info\/2014\/08\/28\/definidos-los-grupos-de-la-champions\/"},"modified":"2015-06-03T08:35:49","modified_gmt":"2015-06-03T08:35:49","slug":"definidos-los-grupos-de-la-champions","status":"publish","type":"post","link":"https:\/\/formalprision.com\/?p=2584","title":{"rendered":"Definidos los grupos de la Champions League"},"content":{"rendered":"<div style=\"font-family: Noteworthy; font-size: 20px; font-weight: bold; line-height: 26px; -webkit-tap-highlight-color: rgba(26, 26, 26, 0.296875); -webkit-composition-fill-color: rgba(130, 98, 83, 0.0976563); -webkit-composition-frame-color: rgba(191, 107, 82, 0.496094); \">La nueva temporada en la UEFA Champions League ya qued\u00f3 definida. Este d\u00eda se realiz\u00f3 el sorteo para la conformaci\u00f3n de los grupos, donde los futbolistas mexicanos que tendr\u00e1n participaci\u00f3n en esta competencia resultaron con \u00abbuena suerte\u00bb junto a sus clubes.<\/div>\n<div style=\"font-family: Noteworthy; font-size: 20px; font-weight: bold; line-height: 26px; -webkit-tap-highlight-color: rgba(26, 26, 26, 0.296875); -webkit-composition-fill-color: rgba(130, 98, 83, 0.0976563); -webkit-composition-frame-color: rgba(191, 107, 82, 0.496094); \">El reci\u00e9n llegado al Atl\u00e9tico de Madrid, Ra\u00fal Jim\u00e9nez, vivir\u00e1 su primera experiencia en Champions League dentro del Grupo A, donde el equipo colchonerose enfrentar\u00e1 a Juventus, Olympiacos y Malm\u00f6.<\/div>\n<div style=\"font-family: Noteworthy; font-size: 20px; font-weight: bold; line-height: 26px; -webkit-tap-highlight-color: rgba(26, 26, 26, 0.296875); -webkit-composition-fill-color: rgba(130, 98, 83, 0.0976563); -webkit-composition-frame-color: rgba(191, 107, 82, 0.496094); \">Por su parte, H\u00e9ctor Herrra y Diego Reyes con el Porto, tuvieron tendr\u00e1n en teor\u00eda el mejor escenario para pensar en una clasificaci\u00f3n a Octavos de Final, ya que les toc\u00f3 en el Grupo H contra Shakhtar Donetsk, Athletic de Bilbao y Bate Borisov.<\/div>\n<div style=\"font-family: Noteworthy; font-size: 20px; font-weight: bold; line-height: 26px; -webkit-tap-highlight-color: rgba(26, 26, 26, 0.296875); -webkit-composition-fill-color: rgba(130, 98, 83, 0.0976563); -webkit-composition-frame-color: rgba(191, 107, 82, 0.496094); \">El vigente Campe\u00f3n de Europa, el Real Madrid, se ubic\u00f3 en el Grupo B, donde se medir\u00e1 con el FC Basel, Liverpool y Ludogorets.<\/div>\n<div style=\"font-family: Noteworthy; font-size: 20px; font-weight: bold; line-height: 26px; -webkit-tap-highlight-color: rgba(26, 26, 26, 0.296875); -webkit-composition-fill-color: rgba(130, 98, 83, 0.0976563); -webkit-composition-frame-color: rgba(191, 107, 82, 0.496094); \">El que ya se considera como el \u00abGrupo de la Muerte\u00bb es el E, donde jugar\u00e1n el Bayern Munich, Manchester City, CSKA Moskva y Roma.<\/div>\n<div style=\"font-family: Noteworthy; font-size: 20px; font-weight: bold; line-height: 26px; -webkit-tap-highlight-color: rgba(26, 26, 26, 0.296875); -webkit-composition-fill-color: rgba(130, 98, 83, 0.0976563); -webkit-composition-frame-color: rgba(191, 107, 82, 0.496094); \">Otro sector que luce muy fuerte es el F, donde cayeron el Barcelona, Paris Saint-Germain, Ajax y Apoel.<\/div>\n<div style=\"font-family: Noteworthy; font-size: 20px; font-weight: bold; line-height: 26px; -webkit-tap-highlight-color: rgba(26, 26, 26, 0.296875); -webkit-composition-fill-color: rgba(130, 98, 83, 0.0976563); -webkit-composition-frame-color: rgba(191, 107, 82, 0.496094); \">La Gran Final de esta temporada de la UEFA Champions League se disputar\u00e1 en Berl\u00edn el pr\u00f3ximo 6 de junio del 2015, y a partir de septiembre, los 32 equipos participantes iniciar\u00e1n la lucha por llegar a esa ciudad alemana en busca de la \u00abOrejona\u00bb.( Medio tiempo.com)<\/p>\n<div class=\"separator\" style=\"clear: both;\"><a href=\"https:\/\/lh4.googleusercontent.com\/-Rh4qd-QDvHk\/U_9rKcGTh1I\/AAAAAAAAjgA\/hPaAACTmJ6c\/s640\/blogger-image-1614773042.jpg\" imageanchor=\"1\" style=\"margin-left: 1em; margin-right: 1em;\"><img decoding=\"async\" border=\"0\" src=\"https:\/\/lh4.googleusercontent.com\/-Rh4qd-QDvHk\/U_9rKcGTh1I\/AAAAAAAAjgA\/hPaAACTmJ6c\/s640\/blogger-image-1614773042.jpg\"><\/a><\/div>\n<\/div>\n","protected":false},"excerpt":{"rendered":"<p>La nueva temporada en la UEFA Champions League ya qued\u00f3 definida. Este d\u00eda se realiz\u00f3 el sorteo para la conformaci\u00f3n de los grupos, donde los futbolistas mexicanos que tendr\u00e1n participaci\u00f3n<\/p>\n","protected":false},"author":1,"featured_media":15279,"comment_status":"open","ping_status":"open","sticky":false,"template":"","format":"standard","meta":{"jetpack_post_was_ever_published":false,"_jetpack_newsletter_access":"","_jetpack_dont_email_post_to_subs":false,"_jetpack_newsletter_tier_id":0,"_jetpack_memberships_contains_paywalled_content":false,"_jetpack_memberships_contains_paid_content":false,"footnotes":"","jetpack_publicize_message":"","jetpack_publicize_feature_enabled":true,"jetpack_social_post_already_shared":false,"jetpack_social_options":{"image_generator_settings":{"template":"highway","default_image_id":0,"font":"","enabled":false},"version":2}},"categories":[4,1],"tags":[],"class_list":["post-2584","post","type-post","status-publish","format-standard","has-post-thumbnail","hentry","category-deportes","category-sin-categoria"],"jetpack_publicize_connections":[],"jetpack_featured_media_url":"https:\/\/formalprision.com\/wp-content\/uploads\/2014\/08\/blogger-image-1614773042.jpg","jetpack_sharing_enabled":true,"jetpack_shortlink":"https:\/\/wp.me\/p6id8p-FG","_links":{"self":[{"href":"https:\/\/formalprision.com\/index.php?rest_route=\/wp\/v2\/posts\/2584","targetHints":{"allow":["GET"]}}],"collection":[{"href":"https:\/\/formalprision.com\/index.php?rest_route=\/wp\/v2\/posts"}],"about":[{"href":"https:\/\/formalprision.com\/index.php?rest_route=\/wp\/v2\/types\/post"}],"author":[{"embeddable":true,"href":"https:\/\/formalprision.com\/index.php?rest_route=\/wp\/v2\/users\/1"}],"replies":[{"embeddable":true,"href":"https:\/\/formalprision.com\/index.php?rest_route=%2Fwp%2Fv2%2Fcomments&post=2584"}],"version-history":[{"count":0,"href":"https:\/\/formalprision.com\/index.php?rest_route=\/wp\/v2\/posts\/2584\/revisions"}],"wp:featuredmedia":[{"embeddable":true,"href":"https:\/\/formalprision.com\/index.php?rest_route=\/wp\/v2\/media\/15279"}],"wp:attachment":[{"href":"https:\/\/formalprision.com\/index.php?rest_route=%2Fwp%2Fv2%2Fmedia&parent=2584"}],"wp:term":[{"taxonomy":"category","embeddable":true,"href":"https:\/\/formalprision.com\/index.php?rest_route=%2Fwp%2Fv2%2Fcategories&post=2584"},{"taxonomy":"post_tag","embeddable":true,"href":"https:\/\/formalprision.com\/index.php?rest_route=%2Fwp%2Fv2%2Ftags&post=2584"}],"curies":[{"name":"wp","href":"https:\/\/api.w.org\/{rel}","templated":true}]}}