{"id":2587,"date":"2014-08-28T04:03:00","date_gmt":"2014-08-28T04:03:00","guid":{"rendered":"http:\/\/formalprision.info\/2014\/08\/28\/decretan-prision-preventiva-por-seis\/"},"modified":"2015-06-03T08:35:49","modified_gmt":"2015-06-03T08:35:49","slug":"decretan-prision-preventiva-por-seis","status":"publish","type":"post","link":"https:\/\/formalprision.com\/?p=2587","title":{"rendered":"Decretan prisi\u00f3n preventiva a los psiquiatras acusados de matar a su\ncolega"},"content":{"rendered":"<div style=\"font-family: Noteworthy; font-size: 20px; font-weight: bold; line-height: 26px; -webkit-tap-highlight-color: rgba(26, 26, 26, 0.296875); -webkit-composition-fill-color: rgba(130, 98, 83, 0.0976563); -webkit-composition-frame-color: rgba(191, 107, 82, 0.496094); \">En medio de gran expectaci\u00f3n y un \u00ablleno completo\u00bb, la noche de este mi\u00e9rcoles el juez de Control Luis Mugarte Guerrero vincul\u00f3 a proceso a los psiquiatras Pablo Garc\u00eda Guti\u00e9rrez y Luis Enrique Lara Gonz\u00e1lez, acusados de la muerte del Dr., Felipe Triay Peniche.<\/div>\n<div style=\"font-family: Noteworthy; font-size: 20px; font-weight: bold; line-height: 26px; -webkit-tap-highlight-color: rgba(26, 26, 26, 0.296875); -webkit-composition-fill-color: rgba(130, 98, 83, 0.0976563); -webkit-composition-frame-color: rgba(191, 107, 82, 0.496094); \">Los dos enfrentar\u00e1n proceso por homicidio, con lo que no podr\u00e1n salir bajo fianza en lo que dura el juicio, es decir en los pr\u00f3ximos seis meses..<\/div>\n<div style=\"font-family: Noteworthy; font-size: 20px; font-weight: bold; line-height: 26px; -webkit-tap-highlight-color: rgba(26, 26, 26, 0.296875); -webkit-composition-fill-color: rgba(130, 98, 83, 0.0976563); -webkit-composition-frame-color: rgba(191, 107, 82, 0.496094); \">Tras los seis meses, el juez dictar\u00e1 sentencia, por lo que ambos podr\u00edan alcanzar 40 a\u00f1os de c\u00e1rcel o bien salir libre por falta de pruebas.<\/div>\n<div style=\"font-family: Noteworthy; font-size: 20px; font-weight: bold; line-height: 26px; -webkit-tap-highlight-color: rgba(26, 26, 26, 0.296875); -webkit-composition-fill-color: rgba(130, 98, 83, 0.0976563); -webkit-composition-frame-color: rgba(191, 107, 82, 0.496094); \">La audiencia de vinculaci\u00f3n se llevo a cabo en la tarde en el Centro de Justicia Oral de M\u00e9rida y poco despu\u00e9s de las 11 de la noche se dio el fallo.<\/div>\n<div style=\"font-family: Noteworthy; font-size: 20px; font-weight: bold; line-height: 26px; -webkit-tap-highlight-color: rgba(26, 26, 26, 0.296875); -webkit-composition-fill-color: rgba(130, 98, 83, 0.0976563); -webkit-composition-frame-color: rgba(191, 107, 82, 0.496094); \">El juez de Control Luis Mugarte Guerrero escuch\u00f3 a las partes y tras varias deliberaciones se decret\u00f3 la vinculaci\u00f3n a proceso, equivalente al auto de formal prisi\u00f3n en el antiguo sistema penal.<\/div>\n<div style=\"font-family: Noteworthy; font-size: 20px; font-weight: bold; line-height: 26px; -webkit-tap-highlight-color: rgba(26, 26, 26, 0.296875); -webkit-composition-fill-color: rgba(130, 98, 83, 0.0976563); -webkit-composition-frame-color: rgba(191, 107, 82, 0.496094); \">Adem\u00e1s, se determin\u00f3 la prisi\u00f3n preventiva para ambos por un lapso de seis meses, mientras que la Fiscal\u00eda dispondr\u00e1 de dos meses &nbsp;dentro de ese periodo para reunir pruebas y cerrar la investigaci\u00f3n.<\/div>\n<div style=\"font-family: Noteworthy; font-size: 20px; font-weight: bold; line-height: 26px; -webkit-tap-highlight-color: rgba(26, 26, 26, 0.296875); -webkit-composition-fill-color: rgba(130, 98, 83, 0.0976563); -webkit-composition-frame-color: rgba(191, 107, 82, 0.496094); \">\n<div style=\"-webkit-tap-highlight-color: rgba(26, 26, 26, 0.296875); \">En su veredicto, el juez Mugarte Guerrero se\u00f1al\u00f3 &nbsp;que un indicio importante fue que una de las cintas que sellaban una de las cajas, donde estaban los restos del cad\u00e1ver, se encontr\u00f3 una huella digital que al ser pasada por el sistema usado para tal fin determin\u00f3 que era coincidente con las de Pablo Santos.<\/div>\n<div style=\"-webkit-tap-highlight-color: rgba(26, 26, 26, 0.296875); \">En el caso de Luis Lara, el juez indic\u00f3 que la coator\u00eda qued\u00f3 demostrada en la declaraci\u00f3n que Pablo Santos rindi\u00f3 ante el Ministerio P\u00fablico, &nbsp;en la que se\u00f1al\u00f3 que el otro psiquiatra le ofreci\u00f3 150 mil pesos para matar al doctor Triay Peniche e incluso le dio 60 mil pesos de anticipo por el \u00abtrabajo\u201d.<\/div>\n<\/div>\n<div style=\"font-family: Noteworthy; font-size: 20px; font-weight: bold; line-height: 26px; -webkit-tap-highlight-color: rgba(26, 26, 26, 0.296875); -webkit-composition-fill-color: rgba(130, 98, 83, 0.0976563); -webkit-composition-frame-color: rgba(191, 107, 82, 0.496094); \">La Fiscal\u00eda tendr\u00e1 que trabajar arduamente, sobre todo en el caso del presidente de Psiquiatras, toda vez que no habr\u00eda participado f\u00edsicamente en el crimen, sino como autor intelectual, y por el momento solo se tiene la confesi\u00f3n que Pablo Garc\u00eda hizo en el M.P. incriminando a su coacusado.<\/div>\n<div style=\"font-family: Noteworthy; font-size: 20px; font-weight: bold; line-height: 26px; -webkit-tap-highlight-color: rgba(26, 26, 26, 0.296875); -webkit-composition-fill-color: rgba(130, 98, 83, 0.0976563); -webkit-composition-frame-color: rgba(191, 107, 82, 0.496094); \">Este caso ha generado gran inter\u00e9s entre litigantes y gente relacionada con el \u00e1mbito judicial, por lo que hubo nutrida asistencia en la diligencia celebrada en el Centro de Justicia Oral de M\u00e9rida, ubicado frente al reclusorio<\/div>\n<div style=\"font-family: Noteworthy; font-size: 20px; font-weight: bold; line-height: 26px; -webkit-tap-highlight-color: rgba(26, 26, 26, 0.296875); -webkit-composition-fill-color: rgba(130, 98, 83, 0.0976563); -webkit-composition-frame-color: rgba(191, 107, 82, 0.496094); \">\n<div style=\"-webkit-tap-highlight-color: rgba(26, 26, 26, 0.296875); -webkit-text-size-adjust: auto; \">&nbsp;El crimen, seg\u00fan la Fiscal\u00eda, se registr\u00f3 el pasado 16 de agosto en un predio de la&nbsp;<a href=\"x-apple-data-detectors:\/\/41\" x-apple-data-detectors=\"true\" x-apple-data-detectors-type=\"address\" x-apple-data-detectors-result=\"41\">calle 25 por 22<\/a>&nbsp;de la&nbsp;colonia Garc\u00eda Giner\u00e9s, a donde Triay Peniche fue conducido bajo enga\u00f1os para ser ultimado con un arma blanca.<\/div>\n<div><\/div>\n<div class=\"separator\" style=\"clear: both;\"><a href=\"https:\/\/lh4.googleusercontent.com\/-KwuM2fBfXw4\/U_6qI64GQsI\/AAAAAAAAjfA\/j0ipBSXZ_Cw\/s640\/blogger-image-1261757320.jpg\" imageanchor=\"1\" style=\"margin-left: 1em; margin-right: 1em;\"><img decoding=\"async\" border=\"0\" src=\"https:\/\/lh4.googleusercontent.com\/-KwuM2fBfXw4\/U_6qI64GQsI\/AAAAAAAAjfA\/j0ipBSXZ_Cw\/s640\/blogger-image-1261757320.jpg\"><\/a><\/div>\n<\/div>\n","protected":false},"excerpt":{"rendered":"<p>En medio de gran expectaci\u00f3n y un \u00ablleno completo\u00bb, la noche de este mi\u00e9rcoles el juez de Control Luis Mugarte Guerrero vincul\u00f3 a proceso a los psiquiatras Pablo Garc\u00eda Guti\u00e9rrez<\/p>\n","protected":false},"author":1,"featured_media":15285,"comment_status":"open","ping_status":"open","sticky":false,"template":"","format":"standard","meta":{"jetpack_post_was_ever_published":false,"_jetpack_newsletter_access":"","_jetpack_dont_email_post_to_subs":false,"_jetpack_newsletter_tier_id":0,"_jetpack_memberships_contains_paywalled_content":false,"_jetpack_memberships_contains_paid_content":false,"footnotes":"","jetpack_publicize_message":"","jetpack_publicize_feature_enabled":true,"jetpack_social_post_already_shared":false,"jetpack_social_options":{"image_generator_settings":{"template":"highway","default_image_id":0,"font":"","enabled":false},"version":2}},"categories":[3,1,49],"tags":[],"class_list":["post-2587","post","type-post","status-publish","format-standard","has-post-thumbnail","hentry","category-portada","category-sin-categoria","category-tocho-morocho"],"jetpack_publicize_connections":[],"jetpack_featured_media_url":"https:\/\/formalprision.com\/wp-content\/uploads\/2014\/08\/blogger-image-1261757320.jpg","jetpack_sharing_enabled":true,"jetpack_shortlink":"https:\/\/wp.me\/p6id8p-FJ","_links":{"self":[{"href":"https:\/\/formalprision.com\/index.php?rest_route=\/wp\/v2\/posts\/2587","targetHints":{"allow":["GET"]}}],"collection":[{"href":"https:\/\/formalprision.com\/index.php?rest_route=\/wp\/v2\/posts"}],"about":[{"href":"https:\/\/formalprision.com\/index.php?rest_route=\/wp\/v2\/types\/post"}],"author":[{"embeddable":true,"href":"https:\/\/formalprision.com\/index.php?rest_route=\/wp\/v2\/users\/1"}],"replies":[{"embeddable":true,"href":"https:\/\/formalprision.com\/index.php?rest_route=%2Fwp%2Fv2%2Fcomments&post=2587"}],"version-history":[{"count":0,"href":"https:\/\/formalprision.com\/index.php?rest_route=\/wp\/v2\/posts\/2587\/revisions"}],"wp:featuredmedia":[{"embeddable":true,"href":"https:\/\/formalprision.com\/index.php?rest_route=\/wp\/v2\/media\/15285"}],"wp:attachment":[{"href":"https:\/\/formalprision.com\/index.php?rest_route=%2Fwp%2Fv2%2Fmedia&parent=2587"}],"wp:term":[{"taxonomy":"category","embeddable":true,"href":"https:\/\/formalprision.com\/index.php?rest_route=%2Fwp%2Fv2%2Fcategories&post=2587"},{"taxonomy":"post_tag","embeddable":true,"href":"https:\/\/formalprision.com\/index.php?rest_route=%2Fwp%2Fv2%2Ftags&post=2587"}],"curies":[{"name":"wp","href":"https:\/\/api.w.org\/{rel}","templated":true}]}}