{"id":2591,"date":"2014-08-28T00:45:00","date_gmt":"2014-08-28T00:45:00","guid":{"rendered":"http:\/\/formalprision.info\/2014\/08\/28\/confirman-presencia-yucateca-en-la\/"},"modified":"2015-06-03T08:35:50","modified_gmt":"2015-06-03T08:35:50","slug":"confirman-presencia-yucateca-en-la","status":"publish","type":"post","link":"https:\/\/formalprision.com\/?p=2591","title":{"rendered":"Confirman presencia yucateca en la Feria Internacional Cismef"},"content":{"rendered":"<div style=\"font-family: Noteworthy; font-size: 20px; font-weight: bold; line-height: 26px; -webkit-tap-highlight-color: rgba(26, 26, 26, 0.296875); -webkit-composition-fill-color: rgba(130, 98, 83, 0.0976563); -webkit-composition-frame-color: rgba(191, 107, 82, 0.496094); \">M\u00e9rida, Yucat\u00e1n, 27 de agosto de 2014.- Un total de 14 empresas de Yucat\u00e1n participar\u00e1n en la 11\u00aa Feria Internacional de la Peque\u00f1a y Mediana Empresa de China (Cismef, por sus siglas en ingl\u00e9s) 2014, que se realizar\u00e1 en octubre pr\u00f3ximo en la provincia de Guangzhou, evento al cual fue invitado el Gobernador Rolando Zapata Bello, como resultado del impulso que se ha dado a este sector en la entidad.<\/div>\n<div style=\"font-family: Noteworthy; font-size: 20px; font-weight: bold; line-height: 26px; -webkit-tap-highlight-color: rgba(26, 26, 26, 0.296875); -webkit-composition-fill-color: rgba(130, 98, 83, 0.0976563); -webkit-composition-frame-color: rgba(191, 107, 82, 0.496094); \">Durante su reciente visita de trabajo al estado, el presidente del Instituto Nacional del Emprendedor (Inadem), Enrique Jacob Rocha, realiz\u00f3 la invitaci\u00f3n formal al mandatario para asistir a dicho foro, en el cual tomar\u00e1n parte 100 compa\u00f1\u00edas mexicanas, entre las que destacan 14 micro, peque\u00f1as y medianas empresas (Mipymes) yucatecas.<\/div>\n<div style=\"font-family: Noteworthy; font-size: 20px; font-weight: bold; line-height: 26px; -webkit-tap-highlight-color: rgba(26, 26, 26, 0.296875); -webkit-composition-fill-color: rgba(130, 98, 83, 0.0976563); -webkit-composition-frame-color: rgba(191, 107, 82, 0.496094); \">Al aceptar la invitaci\u00f3n de parte de Jacob Rocha, el Gobernador afirm\u00f3 que la Cismef representa el marco propicio para entablar negociaciones con empresarios chinos, con lo cual se podr\u00e1 realizar una adecuada y focalizada promoci\u00f3n de Yucat\u00e1n en esa naci\u00f3n.<\/div>\n<div style=\"font-family: Noteworthy; font-size: 20px; font-weight: bold; line-height: 26px; -webkit-tap-highlight-color: rgba(26, 26, 26, 0.296875); -webkit-composition-fill-color: rgba(130, 98, 83, 0.0976563); -webkit-composition-frame-color: rgba(191, 107, 82, 0.496094); \">Asever\u00f3 que el viaje permitir\u00e1 proyectar un espacio de oportunidad que sirva como polo de atracci\u00f3n de inversionistas extranjeros y conlleven la instalaci\u00f3n de empresas del gigante asi\u00e1tico en la entidad, con lo que ser\u00e1 posible detonar la generaci\u00f3n de empleos en beneficio de los yucatecos y sus familias.<\/div>\n<div style=\"font-family: Noteworthy; font-size: 20px; font-weight: bold; line-height: 26px; -webkit-tap-highlight-color: rgba(26, 26, 26, 0.296875); -webkit-composition-fill-color: rgba(130, 98, 83, 0.0976563); -webkit-composition-frame-color: rgba(191, 107, 82, 0.496094); \">La presencia en ese pa\u00eds, se\u00f1al\u00f3, responder\u00e1 a la propuesta del presidente de la Rep\u00fablica Popular de China, Xi Jinping, quien estuvo en esta regi\u00f3n en junio de 2013. En aquella ocasi\u00f3n, el primer mandatario asi\u00e1tico manifest\u00f3 su inter\u00e9s por establecer relaciones m\u00e1s cercanas con M\u00e9xico y, particularmente, con el estado.<\/div>\n<div style=\"font-family: Noteworthy; font-size: 20px; font-weight: bold; line-height: 26px; -webkit-tap-highlight-color: rgba(26, 26, 26, 0.296875); -webkit-composition-fill-color: rgba(130, 98, 83, 0.0976563); -webkit-composition-frame-color: rgba(191, 107, 82, 0.496094); \">Puntualiz\u00f3 que a partir de ello la Embajada de China en M\u00e9xico retom\u00f3 de inmediato la intenci\u00f3n de concretar la visita, proponiendo que los lazos de colaboraci\u00f3n entre Yucat\u00e1n y ese pa\u00eds de Asia se dieran con la provincia de Anhui.<\/div>\n<div style=\"font-family: Noteworthy; font-size: 20px; font-weight: bold; line-height: 26px; -webkit-tap-highlight-color: rgba(26, 26, 26, 0.296875); -webkit-composition-fill-color: rgba(130, 98, 83, 0.0976563); -webkit-composition-frame-color: rgba(191, 107, 82, 0.496094); \">En el marco del viaje se firmar\u00e1 un acuerdo de cooperaci\u00f3n entre el Gobierno del Estado y dicha regi\u00f3n, documento que ya cuenta con el dictamen de procedencia de la Canciller\u00eda Mexicana.<\/div>\n<div style=\"font-family: Noteworthy; font-size: 20px; font-weight: bold; line-height: 26px; -webkit-tap-highlight-color: rgba(26, 26, 26, 0.296875); -webkit-composition-fill-color: rgba(130, 98, 83, 0.0976563); -webkit-composition-frame-color: rgba(191, 107, 82, 0.496094); \">La visita oficial que realizar\u00e1 Zapata Bello servir\u00e1 tambi\u00e9n para establecer v\u00ednculos y relaciones con el Parque Cient\u00edfico de Hong Kong, esto como parte de la agenda de trabajo que el titular del Ejecutivo yucateco seguir\u00e1 en esas tierras.<\/div>\n<div style=\"font-family: Noteworthy; font-size: 20px; font-weight: bold; line-height: 26px; -webkit-tap-highlight-color: rgba(26, 26, 26, 0.296875); -webkit-composition-fill-color: rgba(130, 98, 83, 0.0976563); -webkit-composition-frame-color: rgba(191, 107, 82, 0.496094); \">Asimismo, las actividades que desarrollar\u00e1 est\u00e1n encaminadas a la promoci\u00f3n de inversiones y la generaci\u00f3n de un mayor flujo de turistas entre ambos pa\u00edses, as\u00ed como al intercambio comercial y cultural entre las regiones. (Comunicado)<\/p>\n<div class=\"separator\" style=\"clear: both;\"><a href=\"https:\/\/lh4.googleusercontent.com\/-HGudULl74b4\/U_57uYOMpLI\/AAAAAAAAjd4\/NaNPF9CY5KI\/s640\/blogger-image-602608386.jpg\" imageanchor=\"1\" style=\"margin-left: 1em; margin-right: 1em;\"><img decoding=\"async\" border=\"0\" src=\"https:\/\/lh4.googleusercontent.com\/-HGudULl74b4\/U_57uYOMpLI\/AAAAAAAAjd4\/NaNPF9CY5KI\/s640\/blogger-image-602608386.jpg\"><\/a><\/div>\n<\/div>\n","protected":false},"excerpt":{"rendered":"<p>M\u00e9rida, Yucat\u00e1n, 27 de agosto de 2014.- Un total de 14 empresas de Yucat\u00e1n participar\u00e1n en la 11\u00aa Feria Internacional de la Peque\u00f1a y Mediana Empresa de China (Cismef, por<\/p>\n","protected":false},"author":1,"featured_media":15293,"comment_status":"open","ping_status":"open","sticky":false,"template":"","format":"standard","meta":{"jetpack_post_was_ever_published":false,"_jetpack_newsletter_access":"","_jetpack_dont_email_post_to_subs":false,"_jetpack_newsletter_tier_id":0,"_jetpack_memberships_contains_paywalled_content":false,"_jetpack_memberships_contains_paid_content":false,"footnotes":"","jetpack_publicize_message":"","jetpack_publicize_feature_enabled":true,"jetpack_social_post_already_shared":false,"jetpack_social_options":{"image_generator_settings":{"template":"highway","default_image_id":0,"font":"","enabled":false},"version":2}},"categories":[17,1],"tags":[],"class_list":["post-2591","post","type-post","status-publish","format-standard","has-post-thumbnail","hentry","category-politica-y-gobierno","category-sin-categoria"],"jetpack_publicize_connections":[],"jetpack_featured_media_url":"https:\/\/formalprision.com\/wp-content\/uploads\/2014\/08\/blogger-image-602608386.jpg","jetpack_sharing_enabled":true,"jetpack_shortlink":"https:\/\/wp.me\/p6id8p-FN","_links":{"self":[{"href":"https:\/\/formalprision.com\/index.php?rest_route=\/wp\/v2\/posts\/2591","targetHints":{"allow":["GET"]}}],"collection":[{"href":"https:\/\/formalprision.com\/index.php?rest_route=\/wp\/v2\/posts"}],"about":[{"href":"https:\/\/formalprision.com\/index.php?rest_route=\/wp\/v2\/types\/post"}],"author":[{"embeddable":true,"href":"https:\/\/formalprision.com\/index.php?rest_route=\/wp\/v2\/users\/1"}],"replies":[{"embeddable":true,"href":"https:\/\/formalprision.com\/index.php?rest_route=%2Fwp%2Fv2%2Fcomments&post=2591"}],"version-history":[{"count":0,"href":"https:\/\/formalprision.com\/index.php?rest_route=\/wp\/v2\/posts\/2591\/revisions"}],"wp:featuredmedia":[{"embeddable":true,"href":"https:\/\/formalprision.com\/index.php?rest_route=\/wp\/v2\/media\/15293"}],"wp:attachment":[{"href":"https:\/\/formalprision.com\/index.php?rest_route=%2Fwp%2Fv2%2Fmedia&parent=2591"}],"wp:term":[{"taxonomy":"category","embeddable":true,"href":"https:\/\/formalprision.com\/index.php?rest_route=%2Fwp%2Fv2%2Fcategories&post=2591"},{"taxonomy":"post_tag","embeddable":true,"href":"https:\/\/formalprision.com\/index.php?rest_route=%2Fwp%2Fv2%2Ftags&post=2591"}],"curies":[{"name":"wp","href":"https:\/\/api.w.org\/{rel}","templated":true}]}}