{"id":2595,"date":"2014-08-27T19:54:00","date_gmt":"2014-08-27T19:54:00","guid":{"rendered":"http:\/\/formalprision.info\/2014\/08\/27\/mueren-dos-pescadores-uno-por\/"},"modified":"2015-06-03T08:35:50","modified_gmt":"2015-06-03T08:35:50","slug":"mueren-dos-pescadores-uno-por","status":"publish","type":"post","link":"https:\/\/formalprision.com\/?p=2595","title":{"rendered":"Mueren dos pescadores; uno por descompresi\u00f3n y otro infartado"},"content":{"rendered":"<div style=\"-webkit-composition-fill-color: rgba(130, 98, 83, 0.0976563); -webkit-composition-frame-color: rgba(191, 107, 82, 0.496094); -webkit-tap-highlight-color: rgba(26, 26, 26, 0.296875); font-family: Noteworthy; font-size: 20px; font-weight: bold; line-height: 26px;\">\nDos pescadores yucatecos fallecieron en las \u00faltimas horas, uno por descompresi\u00f3n y otro de un infarto en altamar.<\/div>\n<div style=\"-webkit-composition-fill-color: rgba(130, 98, 83, 0.0976563); -webkit-composition-frame-color: rgba(191, 107, 82, 0.496094); -webkit-tap-highlight-color: rgba(26, 26, 26, 0.296875); font-family: Noteworthy; font-size: 20px; font-weight: bold; line-height: 26px;\">\nEl primer deceso fue reportado en una cl\u00ednica que cuenta con c\u00e1mara hiperb\u00e1rica, en la calle 33-A n\u00famero 472-D entre 52 y 54 de esta ciudad, donde daban atenci\u00f3n a Jos\u00e9 Luis Burgos Gasca, de 29 a\u00f1os de edad.&nbsp;<\/div>\n<div style=\"-webkit-composition-fill-color: rgba(130, 98, 83, 0.0976563); -webkit-composition-frame-color: rgba(191, 107, 82, 0.496094); -webkit-tap-highlight-color: rgba(26, 26, 26, 0.296875); font-family: Noteworthy; font-size: 20px; font-weight: bold; line-height: 26px;\">\nEl fue tra\u00eddo de Celest\u00fan por descompresi\u00f3n, pues se dedicaba al buceo de especies marinas.<\/div>\n<div style=\"-webkit-composition-fill-color: rgba(130, 98, 83, 0.0976563); -webkit-composition-frame-color: rgba(191, 107, 82, 0.496094); -webkit-tap-highlight-color: rgba(26, 26, 26, 0.296875); font-family: Noteworthy; font-size: 20px; font-weight: bold; line-height: 26px;\">\nIdentific\u00f3 el cuerpo su esposa Karla Dur\u00e1n, quien dijo que ayer por la tarde pareja fue a bucear a Celest\u00fan y se descompresion\u00f3.<\/div>\n<div style=\"-webkit-composition-fill-color: rgba(130, 98, 83, 0.0976563); -webkit-composition-frame-color: rgba(191, 107, 82, 0.496094); -webkit-tap-highlight-color: rgba(26, 26, 26, 0.296875); font-family: Noteworthy; font-size: 20px; font-weight: bold; line-height: 26px;\">\n&nbsp;La causa de la muerte fue por una &nbsp;embolia gaseosa pulmonar.<\/div>\n<div style=\"-webkit-composition-fill-color: rgba(130, 98, 83, 0.0976563); -webkit-composition-frame-color: rgba(191, 107, 82, 0.496094); -webkit-tap-highlight-color: rgba(26, 26, 26, 0.296875); font-family: Noteworthy; font-size: 20px; font-weight: bold; line-height: 26px;\">\nEl otro deceso ocurri\u00f3 en altamar, a &nbsp;bordo de una embarcaci\u00f3n pesquera.<\/div>\n<div style=\"-webkit-composition-fill-color: rgba(130, 98, 83, 0.0976563); -webkit-composition-frame-color: rgba(191, 107, 82, 0.496094); -webkit-tap-highlight-color: rgba(26, 26, 26, 0.296875); font-family: Noteworthy; font-size: 20px; font-weight: bold; line-height: 26px;\">\nEl pescador solo fue identificado como Daniel Gurubel Escalante, de 58 a\u00f1os, quien viajaba a bordo de la embarcaci\u00f3n pesquera \u00abCherna V\u00bb.<\/div>\n<div style=\"-webkit-composition-fill-color: rgba(130, 98, 83, 0.0976563); -webkit-composition-frame-color: rgba(191, 107, 82, 0.496094); -webkit-tap-highlight-color: rgba(26, 26, 26, 0.296875); font-family: Noteworthy; font-size: 20px; font-weight: bold; line-height: 26px;\">\nLos tripulantes emitieron una llamada de auxilio a la central del Capitan\u00eda de Puerto, se\u00f1alando que uno de sus compa\u00f1eros ya hab\u00eda fallecido, estando a unas 45 millas del puerto de Progreso.&nbsp;<\/div>\n<div style=\"-webkit-composition-fill-color: rgba(130, 98, 83, 0.0976563); -webkit-composition-frame-color: rgba(191, 107, 82, 0.496094); -webkit-tap-highlight-color: rgba(26, 26, 26, 0.296875); font-family: Noteworthy; font-size: 20px; font-weight: bold; line-height: 26px;\">\nLa embarcaci\u00f3n sali\u00f3 desde el pasado 23 de agosto para la captura de pulpo<\/p>\n<div class=\"separator\" style=\"clear: both;\">\n<a href=\"https:\/\/lh5.googleusercontent.com\/-kaH3SiDPo2g\/U_43e7CPkPI\/AAAAAAAAjdE\/gaGbk-tR5NQ\/s640\/blogger-image--1487456908.jpg\" imageanchor=\"1\" style=\"margin-left: 1em; margin-right: 1em;\"><img decoding=\"async\" border=\"0\" src=\"https:\/\/lh5.googleusercontent.com\/-kaH3SiDPo2g\/U_43e7CPkPI\/AAAAAAAAjdE\/gaGbk-tR5NQ\/s640\/blogger-image--1487456908.jpg\" \/><\/a><\/div>\n<\/div>\n","protected":false},"excerpt":{"rendered":"<p>Dos pescadores yucatecos fallecieron en las \u00faltimas horas, uno por descompresi\u00f3n y otro de un infarto en altamar. El primer deceso fue reportado en una cl\u00ednica que cuenta con c\u00e1mara<\/p>\n","protected":false},"author":1,"featured_media":15301,"comment_status":"open","ping_status":"open","sticky":false,"template":"","format":"standard","meta":{"jetpack_post_was_ever_published":false,"_jetpack_newsletter_access":"","_jetpack_dont_email_post_to_subs":false,"_jetpack_newsletter_tier_id":0,"_jetpack_memberships_contains_paywalled_content":false,"_jetpack_memberships_contains_paid_content":false,"footnotes":"","jetpack_publicize_message":"","jetpack_publicize_feature_enabled":true,"jetpack_social_post_already_shared":false,"jetpack_social_options":{"image_generator_settings":{"template":"highway","default_image_id":0,"font":"","enabled":false},"version":2}},"categories":[9,1],"tags":[],"class_list":["post-2595","post","type-post","status-publish","format-standard","has-post-thumbnail","hentry","category-destacadas","category-sin-categoria"],"jetpack_publicize_connections":[],"jetpack_featured_media_url":"https:\/\/formalprision.com\/wp-content\/uploads\/2014\/08\/blogger-image-1487456908.jpg","jetpack_sharing_enabled":true,"jetpack_shortlink":"https:\/\/wp.me\/p6id8p-FR","_links":{"self":[{"href":"https:\/\/formalprision.com\/index.php?rest_route=\/wp\/v2\/posts\/2595","targetHints":{"allow":["GET"]}}],"collection":[{"href":"https:\/\/formalprision.com\/index.php?rest_route=\/wp\/v2\/posts"}],"about":[{"href":"https:\/\/formalprision.com\/index.php?rest_route=\/wp\/v2\/types\/post"}],"author":[{"embeddable":true,"href":"https:\/\/formalprision.com\/index.php?rest_route=\/wp\/v2\/users\/1"}],"replies":[{"embeddable":true,"href":"https:\/\/formalprision.com\/index.php?rest_route=%2Fwp%2Fv2%2Fcomments&post=2595"}],"version-history":[{"count":0,"href":"https:\/\/formalprision.com\/index.php?rest_route=\/wp\/v2\/posts\/2595\/revisions"}],"wp:featuredmedia":[{"embeddable":true,"href":"https:\/\/formalprision.com\/index.php?rest_route=\/wp\/v2\/media\/15301"}],"wp:attachment":[{"href":"https:\/\/formalprision.com\/index.php?rest_route=%2Fwp%2Fv2%2Fmedia&parent=2595"}],"wp:term":[{"taxonomy":"category","embeddable":true,"href":"https:\/\/formalprision.com\/index.php?rest_route=%2Fwp%2Fv2%2Fcategories&post=2595"},{"taxonomy":"post_tag","embeddable":true,"href":"https:\/\/formalprision.com\/index.php?rest_route=%2Fwp%2Fv2%2Ftags&post=2595"}],"curies":[{"name":"wp","href":"https:\/\/api.w.org\/{rel}","templated":true}]}}