{"id":26,"date":"2015-06-01T16:37:00","date_gmt":"2015-06-01T16:37:00","guid":{"rendered":"http:\/\/formalprision.info\/2015\/06\/01\/nuevas-nuevo-arzobispo-de-yucatan\/"},"modified":"2015-06-03T08:20:49","modified_gmt":"2015-06-03T08:20:49","slug":"nuevas-nuevo-arzobispo-de-yucatan","status":"publish","type":"post","link":"https:\/\/formalprision.com\/?p=26","title":{"rendered":"Nombran nuevo arzobispo de Yucat\u00e1n"},"content":{"rendered":"<p>Monse\u00f1or Gustavo Rodr\u00edguez Vega, obispo de Nuevo Laredo, fue nombrado hoy arzobispo de Yucat\u00e1n, en sustituci\u00f3n de Emilio Carlos Berlie Belaunzar\u00e1n.A trav\u00e9s de un comunicado, se informa de la designaci\u00f3n hecha por el papa Francisco, quien acepta la dimisi\u00f3n que monse\u00f1or Berlie Belaunzar\u00e1n present\u00f3, por disposici\u00f3n eclesi\u00e1stica, el 4 de noviembre pasado, al cumplir 75 a\u00f1os de edad.\u201cS.E. Mons. Gustavo Rodr\u00edguez Vega naci\u00f3 en Monterrey el 7 de marzo de 1955. Realiz\u00f3 sus estudios eclesi\u00e1sticos en Monterrey, luego complet\u00f3 su formaci\u00f3n asistiendo a la Sede de la Sabidur\u00eda Instituto en la Ciudad de M\u00e9xico. Fue ordenado sacerdote el 15 de agosto de 1980. Obtuvo la licenciatura en Teolog\u00eda con especialidad en Doctrina Social de la Iglesia, en la Pontificia Universidad Gregoriana.\u201cComo sacerdote fue prefecto de disciplina y estudios en el Seminario Menor de Monterrey, prefecto y profesor del Seminario Mayor, y Asistente de C\u00e1ritas Cat\u00f3lica, Director Arquidiocesano de la Secretar\u00eda de Evangelizaci\u00f3n y Catequesis y finalmente Rector del Seminario Monterrey.\u201cEl 27 de junio 2001 fue elegido obispo titular de Obba y Auxiliar de la Arquidi\u00f3cesis de Monterrey, recibiendo la ordenaci\u00f3n episcopal el 14 de agosto pr\u00f3ximo.\u201cEl 8 de octubre de 2008 fue nombrado obispo de Nuevo Laredo.\u201cRecientemente fue elegido Presidente de la Comisi\u00f3n de Pastoral Social(Caritas) del Consejo Episcopal Latinoamericano (CELAM)\u201d.<\/p>\n<div class=\"separator\" style=\"clear: both;\"><a href=\"https:\/\/lh3.googleusercontent.com\/-iZ_j8F2aFJQ\/VWyKg0kGB4I\/AAAAAAAAoZA\/dcQXcxQxaIA\/s640\/blogger-image-182554799.jpg\" imageanchor=\"1\" style=\"margin-left: 1em; margin-right: 1em;\"><img decoding=\"async\" border=\"0\" src=\"https:\/\/lh3.googleusercontent.com\/-iZ_j8F2aFJQ\/VWyKg0kGB4I\/AAAAAAAAoZA\/dcQXcxQxaIA\/s640\/blogger-image-182554799.jpg\"><\/a><\/div>\n<p><\/p>\n<div><\/div>\n","protected":false},"excerpt":{"rendered":"<p>Monse\u00f1or Gustavo Rodr\u00edguez Vega, obispo de Nuevo Laredo, fue nombrado hoy arzobispo de Yucat\u00e1n, en sustituci\u00f3n de Emilio Carlos Berlie Belaunzar\u00e1n.A trav\u00e9s de un comunicado, se informa de la designaci\u00f3n<\/p>\n","protected":false},"author":1,"featured_media":10048,"comment_status":"open","ping_status":"open","sticky":false,"template":"","format":"standard","meta":{"jetpack_post_was_ever_published":false,"_jetpack_newsletter_access":"","_jetpack_dont_email_post_to_subs":false,"_jetpack_newsletter_tier_id":0,"_jetpack_memberships_contains_paywalled_content":false,"_jetpack_memberships_contains_paid_content":false,"footnotes":"","jetpack_publicize_message":"","jetpack_publicize_feature_enabled":true,"jetpack_social_post_already_shared":false,"jetpack_social_options":{"image_generator_settings":{"template":"highway","default_image_id":0,"font":"","enabled":false},"version":2}},"categories":[1,49],"tags":[],"class_list":["post-26","post","type-post","status-publish","format-standard","has-post-thumbnail","hentry","category-sin-categoria","category-tocho-morocho"],"jetpack_publicize_connections":[],"jetpack_featured_media_url":"https:\/\/formalprision.com\/wp-content\/uploads\/2015\/06\/blogger-image-182554799.jpg","jetpack_sharing_enabled":true,"jetpack_shortlink":"https:\/\/wp.me\/p6id8p-q","_links":{"self":[{"href":"https:\/\/formalprision.com\/index.php?rest_route=\/wp\/v2\/posts\/26","targetHints":{"allow":["GET"]}}],"collection":[{"href":"https:\/\/formalprision.com\/index.php?rest_route=\/wp\/v2\/posts"}],"about":[{"href":"https:\/\/formalprision.com\/index.php?rest_route=\/wp\/v2\/types\/post"}],"author":[{"embeddable":true,"href":"https:\/\/formalprision.com\/index.php?rest_route=\/wp\/v2\/users\/1"}],"replies":[{"embeddable":true,"href":"https:\/\/formalprision.com\/index.php?rest_route=%2Fwp%2Fv2%2Fcomments&post=26"}],"version-history":[{"count":0,"href":"https:\/\/formalprision.com\/index.php?rest_route=\/wp\/v2\/posts\/26\/revisions"}],"wp:featuredmedia":[{"embeddable":true,"href":"https:\/\/formalprision.com\/index.php?rest_route=\/wp\/v2\/media\/10048"}],"wp:attachment":[{"href":"https:\/\/formalprision.com\/index.php?rest_route=%2Fwp%2Fv2%2Fmedia&parent=26"}],"wp:term":[{"taxonomy":"category","embeddable":true,"href":"https:\/\/formalprision.com\/index.php?rest_route=%2Fwp%2Fv2%2Fcategories&post=26"},{"taxonomy":"post_tag","embeddable":true,"href":"https:\/\/formalprision.com\/index.php?rest_route=%2Fwp%2Fv2%2Ftags&post=26"}],"curies":[{"name":"wp","href":"https:\/\/api.w.org\/{rel}","templated":true}]}}