{"id":2612,"date":"2014-08-26T03:55:00","date_gmt":"2014-08-26T03:55:00","guid":{"rendered":"http:\/\/formalprision.info\/2014\/08\/26\/puebla-anuncia-al-como-su-nuevo-tecnico\/"},"modified":"2015-06-03T08:35:54","modified_gmt":"2015-06-03T08:35:54","slug":"puebla-anuncia-al-como-su-nuevo-tecnico","status":"publish","type":"post","link":"https:\/\/formalprision.com\/?p=2612","title":{"rendered":"Puebla anuncia al &quot;Chelis&quot; como su nuevo t\u00e9cnico"},"content":{"rendered":"<div style=\"font-family: Noteworthy; font-size: 20px; font-weight: bold; line-height: 26px; -webkit-tap-highlight-color: rgba(26, 26, 26, 0.296875); -webkit-composition-fill-color: rgba(130, 98, 83, 0.0976563); -webkit-composition-frame-color: rgba(191, 107, 82, 0.496094); \">La tercera es la vencida para Jos\u00e9 Luis S\u00e1nchez Sol\u00e1, quien fue nombrado como nuevo t\u00e9cnico del Puebla, tras el cese de Rub\u00e9n Omar Romano.<\/div>\n<div style=\"font-family: Noteworthy; font-size: 20px; font-weight: bold; line-height: 26px; -webkit-tap-highlight-color: rgba(26, 26, 26, 0.296875); -webkit-composition-fill-color: rgba(130, 98, 83, 0.0976563); -webkit-composition-frame-color: rgba(191, 107, 82, 0.496094); \">En un breve comunicado de prensa, la directiva de La Franja hizo oficial el regreso del &#8216;Chel\u00eds&#8217; al banquillo camotero, esto despu\u00e9s de que en el torneo actual el equipo s\u00f3lo sumara cinco puntos de los 18 que se han disputado.<\/div>\n<div style=\"font-family: Noteworthy; font-size: 20px; font-weight: bold; line-height: 26px; -webkit-tap-highlight-color: rgba(26, 26, 26, 0.296875); -webkit-composition-fill-color: rgba(130, 98, 83, 0.0976563); -webkit-composition-frame-color: rgba(191, 107, 82, 0.496094); \">\u00abEl Puebla FC informa la designaci\u00f3n de Jos\u00e9 Luis S\u00e1nchez Sol\u00e1 como nuevo Director T\u00e9cnico del equipo\u00bb, se lee en el documento enviado por la escuadra poblana.<\/div>\n<div style=\"font-family: Noteworthy; font-size: 20px; font-weight: bold; line-height: 26px; -webkit-tap-highlight-color: rgba(26, 26, 26, 0.296875); -webkit-composition-fill-color: rgba(130, 98, 83, 0.0976563); -webkit-composition-frame-color: rgba(191, 107, 82, 0.496094); \">Esa ser\u00e1 la tercera ocasi\u00f3n en que la dirigencia del equipo poblano recurra a S\u00e1nchez Sol\u00e1 para dirigir al equipo. La \u00faltima vez que el &#8216;Chel\u00eds&#8217; hab\u00eda estado en la direcci\u00f3n t\u00e9cnica del Puebla fue en el Torneo Apertura 2010, pero fue cesado en la Jornada 5.<\/div>\n<div style=\"font-family: Noteworthy; font-size: 20px; font-weight: bold; line-height: 26px; -webkit-tap-highlight-color: rgba(26, 26, 26, 0.296875); -webkit-composition-fill-color: rgba(130, 98, 83, 0.0976563); -webkit-composition-frame-color: rgba(191, 107, 82, 0.496094); \">Rub\u00e9n Omar Romano tom\u00f3 las riendas del equipo camotero en la fecha 6 despu\u00e9s del cese de Manuel Lapuente en el Torneo Apertura 2013.<\/div>\n<div style=\"font-family: Noteworthy; font-size: 20px; font-weight: bold; line-height: 26px; -webkit-tap-highlight-color: rgba(26, 26, 26, 0.296875); -webkit-composition-fill-color: rgba(130, 98, 83, 0.0976563); -webkit-composition-frame-color: rgba(191, 107, 82, 0.496094); \">Por medio de Twitter, Sol\u00e1 agradeci\u00f3 a la gente que lo apoy\u00f3 para convertirse en nuevo t\u00e9cnico del conjunto poblano.(R\u00e9cord)<\/p>\n<div class=\"separator\" style=\"clear: both;\"><a href=\"https:\/\/lh6.googleusercontent.com\/-rAPE57BhPUo\/U_wFJzTe3jI\/AAAAAAAAjYI\/qHqd2cRHRkU\/s640\/blogger-image-1334195699.jpg\" imageanchor=\"1\" style=\"margin-left: 1em; margin-right: 1em;\"><img decoding=\"async\" border=\"0\" src=\"https:\/\/lh6.googleusercontent.com\/-rAPE57BhPUo\/U_wFJzTe3jI\/AAAAAAAAjYI\/qHqd2cRHRkU\/s640\/blogger-image-1334195699.jpg\"><\/a><\/div>\n<\/div>\n","protected":false},"excerpt":{"rendered":"<p>La tercera es la vencida para Jos\u00e9 Luis S\u00e1nchez Sol\u00e1, quien fue nombrado como nuevo t\u00e9cnico del Puebla, tras el cese de Rub\u00e9n Omar Romano. En un breve comunicado de<\/p>\n","protected":false},"author":1,"featured_media":15335,"comment_status":"open","ping_status":"open","sticky":false,"template":"","format":"standard","meta":{"jetpack_post_was_ever_published":false,"_jetpack_newsletter_access":"","_jetpack_dont_email_post_to_subs":false,"_jetpack_newsletter_tier_id":0,"_jetpack_memberships_contains_paywalled_content":false,"_jetpack_memberships_contains_paid_content":false,"footnotes":"","jetpack_publicize_message":"","jetpack_publicize_feature_enabled":true,"jetpack_social_post_already_shared":false,"jetpack_social_options":{"image_generator_settings":{"template":"highway","default_image_id":0,"font":"","enabled":false},"version":2}},"categories":[4,1],"tags":[],"class_list":["post-2612","post","type-post","status-publish","format-standard","has-post-thumbnail","hentry","category-deportes","category-sin-categoria"],"jetpack_publicize_connections":[],"jetpack_featured_media_url":"https:\/\/formalprision.com\/wp-content\/uploads\/2014\/08\/blogger-image-1334195699.jpg","jetpack_sharing_enabled":true,"jetpack_shortlink":"https:\/\/wp.me\/p6id8p-G8","_links":{"self":[{"href":"https:\/\/formalprision.com\/index.php?rest_route=\/wp\/v2\/posts\/2612","targetHints":{"allow":["GET"]}}],"collection":[{"href":"https:\/\/formalprision.com\/index.php?rest_route=\/wp\/v2\/posts"}],"about":[{"href":"https:\/\/formalprision.com\/index.php?rest_route=\/wp\/v2\/types\/post"}],"author":[{"embeddable":true,"href":"https:\/\/formalprision.com\/index.php?rest_route=\/wp\/v2\/users\/1"}],"replies":[{"embeddable":true,"href":"https:\/\/formalprision.com\/index.php?rest_route=%2Fwp%2Fv2%2Fcomments&post=2612"}],"version-history":[{"count":0,"href":"https:\/\/formalprision.com\/index.php?rest_route=\/wp\/v2\/posts\/2612\/revisions"}],"wp:featuredmedia":[{"embeddable":true,"href":"https:\/\/formalprision.com\/index.php?rest_route=\/wp\/v2\/media\/15335"}],"wp:attachment":[{"href":"https:\/\/formalprision.com\/index.php?rest_route=%2Fwp%2Fv2%2Fmedia&parent=2612"}],"wp:term":[{"taxonomy":"category","embeddable":true,"href":"https:\/\/formalprision.com\/index.php?rest_route=%2Fwp%2Fv2%2Fcategories&post=2612"},{"taxonomy":"post_tag","embeddable":true,"href":"https:\/\/formalprision.com\/index.php?rest_route=%2Fwp%2Fv2%2Ftags&post=2612"}],"curies":[{"name":"wp","href":"https:\/\/api.w.org\/{rel}","templated":true}]}}