{"id":2614,"date":"2014-08-25T21:15:00","date_gmt":"2014-08-25T21:15:00","guid":{"rendered":"http:\/\/formalprision.info\/2014\/08\/25\/psiquiatras-acusados-de-homicidio\/"},"modified":"2015-06-03T08:35:54","modified_gmt":"2015-06-03T08:35:54","slug":"psiquiatras-acusados-de-homicidio","status":"publish","type":"post","link":"https:\/\/formalprision.com\/?p=2614","title":{"rendered":"Psiquiatras asesinos alegan inocencia"},"content":{"rendered":"<div style=\"font-family: Noteworthy; font-size: 20px; font-weight: bold; line-height: 26px; -webkit-tap-highlight-color: rgba(26, 26, 26, 0.296875); -webkit-composition-fill-color: rgba(130, 98, 83, 0.0976563); -webkit-composition-frame-color: rgba(191, 107, 82, 0.496094); -webkit-text-size-adjust: auto; \">\n<div>Los psiquiatras Luis Enrique &nbsp;Lara Gonzalez y Pablo Santos Garc\u00eda Guti\u00e9rrez, detenidos por el asesinato de su colega Felipe de Jes\u00fas Triay Peniche, fueron presentados este d\u00eda ante un juez de Oralidad.<\/div>\n<div>Los dos negaron su participaci\u00f3n en el crimen y se quejaron de que fueron detenidos sin motivo alguno.<\/div>\n<div>Sin embargo, la Fiscal\u00eda asegur\u00f3 que tiene pruebas cient\u00edficas contra ambos, &nbsp;como el cuchillo con el que fue asesinado el profesionista, reiterando adem\u00e1s que el m\u00f3vil del crimen fue por \u00abcelos profesionales\u00bb y una diferencia de \u00edndole econ\u00f3mico.<\/div>\n<div>Hoy, Lara Gonz\u00e1lez, presidente del Colegio de Psiquiatras, y Garc\u00eda Guti\u00e9rrez, m\u00e9dico del IMSS, fueron presentados ante el juez Luis Mugarte, Guerrero, acusados del homicidio de Triay Peniche, para que se les informara de la imputaci\u00f3n del delito y la decisi\u00f3n del juzgador calificando como legal la detenci\u00f3n de los implicados.<\/div>\n<div>Aunque en la diligencia no hicieron declaraci\u00f3n sobre los hechos, si manifestaron una presunta ilegalidad en la captura y confirmaron que tras el hallazgo del cuerpo de su colega ambos segu\u00edan con su \u00abvida normal\u00bb .<\/div>\n<div>Garc\u00eda Guti\u00e9rrez, oriundo del Distrito Federal y de 33 a\u00f1os, exhibi\u00f3 un \u00abojo morado\u00bb, asegurando que es producto de golpes que recibi\u00f3 de los hombres encapuchados y armados que lo capturaron cuando sal\u00eda de su trabajo.<\/div>\n<div>Sin embargo, la Fiscal\u00eda le abri\u00f3 otro expediente en el que se asegura que el psiquiatra Garc\u00eda se vio involucrado en un incodente de transito, se enfrent\u00f3 a los agentes que tomaron conocimiento del hecho &nbsp;y opuso resistencia f\u00edsica a la captura.<\/div>\n<div>\n<div style=\"-webkit-tap-highlight-color: rgba(26, 26, 26, 0.296875); -webkit-text-size-adjust: none; \">El expediente de este caso indica que el s\u00e1bado cuando conduc\u00eda el Jetta matr\u00edcula MJP-3578, del Edomex,&nbsp;Pablo Santos no respet\u00f3 un se\u00f1alamiento de tr\u00e1nsito en &nbsp;la&nbsp;calle 16 A&nbsp;de la Colonia Maya&nbsp;y se le marc\u00f3 el alto.<\/div>\n<div style=\"-webkit-tap-highlight-color: rgba(26, 26, 26, 0.296875); -webkit-text-size-adjust: none; \">El guiador se detuvo &nbsp;sobre la&nbsp;calle 28 de esa colonia, &nbsp;pero se puso impertinente y mordi\u00f3 a un agente en el antebrazo&nbsp;izquierdo y a otro &nbsp;le dio una patada, por lo que los polic\u00edas usaron la fuerza para someterlo.<\/div>\n<div style=\"-webkit-tap-highlight-color: rgba(26, 26, 26, 0.296875); -webkit-text-size-adjust: none; \">El &nbsp;detenido se&nbsp;encontraba sucio de las ropas y argument\u00f3 que fue porque &nbsp;se hab\u00eda peleado momentos antes.<\/div>\n<\/div>\n<div>De hecho, el acusado admiti\u00f3 ante el juez que fue retenido por este incidente y fue liberado hoy por la ma\u00f1ana, pero solo alcanz\u00f3 a caminar algunos pasos dentro del edificio de la Fuscal\u00eda, pues fue capturado de nuevo, ahora por el crimen del Dr., Triay.<\/div>\n<div>Por su parte, Lara Gonz\u00e1lez asegur\u00f3 que fue detenido cuando viajaba con su esposa, sus hijos y su dom\u00e9stica en las inmediaciones de Conkal.<\/div>\n<div>Ambos dijeron a los polic\u00edas que los detuvieron que no mataron a nadie, incluso el presidente del Colegio de Psiquiatras se\u00f1al\u00f3 que estaba en Cozumel cuando se supone que fue asesinado Triay Peniche.<\/div>\n<div>Asegur\u00f3 que se le detuvo porque supuestamente iba en un veh\u00edculo robado, lo cual rechaz\u00f3.<\/div>\n<div>Mencion\u00f3 que lo acusaron de atacar a un servidor p\u00fablico y hoy mismo lo liberaron en la Fiscal\u00eda, pero a los pocos instantes lo recapturaron exhibi\u00e9ndole una orden de aprehensi\u00f3n.<\/div>\n<div>Pese a esto, ante el juez ambos prefirieron no expresar nada sobre la imputaci\u00f3n que se les hizo, por lo que ser\u00e1 el mi\u00e9rcoles cuando se realice la siguiente diligencia para saber si se les vincula a proceso o de les deja libres.<\/div>\n<div>Como informamos, la Fiscal\u00eda dio a conocer hoy mismo que el homicidio se perpetr\u00f3 en el departamento de Pablo Santos Garc\u00eda, ubicado en la&nbsp;<a href=\"x-apple-data-detectors:\/\/0\" x-apple-data-detectors=\"true\" x-apple-data-detectors-type=\"address\" x-apple-data-detectors-result=\"0\">calle 25 por 22<\/a>&nbsp;en la colonia Garc\u00eda Giner\u00e9s, hasta donde llev\u00f3 a la v\u00edctima a base de enga\u00f1os a fin de ultimarlo, tal como hab\u00edan planeado desde d\u00edas antes.<\/div>\n<div>El m\u00f3vil del crimen, seg\u00fan la autoridad, est\u00e1 relacionado con intereses econ\u00f3micos vinculados con la obtenci\u00f3n de un cargo laboral que el reconocido m\u00e9dico obtendr\u00eda en pr\u00f3ximos d\u00edas y por el cual uno de los involucrados estaba pujando.<\/div>\n<div>El cuerpo fue desmembraron el cuerpo y lo mantuvieron &nbsp;en hielo durante varios d\u00edas a fin de planear bien como deshacerse del cad\u00e1ver.<\/div>\n<div>En la diligencia de hoy, los acusados se mantuvieron con la vista alta y no se les vio nerviosos, aunque Lara Gonz\u00e1lez se quej\u00f3 de que desde que fue detenido no le permitieron tomar sus medicamentos para un mal card\u00edaco y el otro psiquiatra dijo tener dolores por los presuntos golpes recibidos, de manera que se orde\u00f1\u00f3 revisi\u00f3n m\u00e9dica para los dos.<\/div>\n<div>En la diligencia, los psiquiatras estuvieron asistidos por defensores de oficio, pero al t\u00e9rmino de presento un abogado particular para Lara Gonz\u00e1lez y el pap\u00e1 de Pablo Garc\u00eda, quien dijo que es abogado de profesi\u00f3n y que se nombrar\u00eda para defender a su hijo.<\/div>\n<div>El psiquiatra Pablo Garc\u00eda tambi\u00e9n dijo que devengaba un salario de entr\u00e9 $12,000 y $15,000 mensuales, mientras que Luis Enrique Lara tiene ingresos al mes por $54,000&#8242;<\/div>\n<div>Los dos permanecer\u00e1n en el penal meridano hasta el mi\u00e9rcoles, cuando ser\u00e1n llevados de nuevo ante el juez para conocer si ir\u00e1n a juicio.<\/div>\n<div>En una entrevista concedida hoy, la fiscal Celua Mar\u00eda Rivas reiter\u00f3 que hay pruebas suficientes para incriminar a los psiquiatras.<\/div>\n<div>\u201cTenemos las huellas, el cuchillo que ocasion\u00f3 la muerte del doctor, que tiene las huellas de uno de los presuntos responsables, se hicieron pruebas de planimetr\u00eda, d\u00e1ctilosc\u00f3picas, y con luminol\u201c, resalt\u00f3.<\/p>\n<div class=\"separator\" style=\"clear: both;\"><a href=\"https:\/\/lh6.googleusercontent.com\/-LioW2Q1Z-xg\/U_unV1FLBoI\/AAAAAAAAjXY\/m0oARt-Zs34\/s640\/blogger-image--1339269967.jpg\" imageanchor=\"1\" style=\"margin-left: 1em; margin-right: 1em;\"><img decoding=\"async\" border=\"0\" src=\"https:\/\/lh6.googleusercontent.com\/-LioW2Q1Z-xg\/U_unV1FLBoI\/AAAAAAAAjXY\/m0oARt-Zs34\/s640\/blogger-image--1339269967.jpg\"><\/a><\/div>\n<\/div>\n<div><\/div>\n<\/div>\n","protected":false},"excerpt":{"rendered":"<p>Los psiquiatras Luis Enrique &nbsp;Lara Gonzalez y Pablo Santos Garc\u00eda Guti\u00e9rrez, detenidos por el asesinato de su colega Felipe de Jes\u00fas Triay Peniche, fueron presentados este d\u00eda ante un juez<\/p>\n","protected":false},"author":1,"featured_media":15339,"comment_status":"open","ping_status":"open","sticky":false,"template":"","format":"standard","meta":{"jetpack_post_was_ever_published":false,"_jetpack_newsletter_access":"","_jetpack_dont_email_post_to_subs":false,"_jetpack_newsletter_tier_id":0,"_jetpack_memberships_contains_paywalled_content":false,"_jetpack_memberships_contains_paid_content":false,"footnotes":"","jetpack_publicize_message":"","jetpack_publicize_feature_enabled":true,"jetpack_social_post_already_shared":false,"jetpack_social_options":{"image_generator_settings":{"template":"highway","default_image_id":0,"font":"","enabled":false},"version":2}},"categories":[7,3,1],"tags":[],"class_list":["post-2614","post","type-post","status-publish","format-standard","has-post-thumbnail","hentry","category-breves","category-portada","category-sin-categoria"],"jetpack_publicize_connections":[],"jetpack_featured_media_url":"https:\/\/formalprision.com\/wp-content\/uploads\/2014\/08\/blogger-image-1339269967.jpg","jetpack_sharing_enabled":true,"jetpack_shortlink":"https:\/\/wp.me\/p6id8p-Ga","_links":{"self":[{"href":"https:\/\/formalprision.com\/index.php?rest_route=\/wp\/v2\/posts\/2614","targetHints":{"allow":["GET"]}}],"collection":[{"href":"https:\/\/formalprision.com\/index.php?rest_route=\/wp\/v2\/posts"}],"about":[{"href":"https:\/\/formalprision.com\/index.php?rest_route=\/wp\/v2\/types\/post"}],"author":[{"embeddable":true,"href":"https:\/\/formalprision.com\/index.php?rest_route=\/wp\/v2\/users\/1"}],"replies":[{"embeddable":true,"href":"https:\/\/formalprision.com\/index.php?rest_route=%2Fwp%2Fv2%2Fcomments&post=2614"}],"version-history":[{"count":0,"href":"https:\/\/formalprision.com\/index.php?rest_route=\/wp\/v2\/posts\/2614\/revisions"}],"wp:featuredmedia":[{"embeddable":true,"href":"https:\/\/formalprision.com\/index.php?rest_route=\/wp\/v2\/media\/15339"}],"wp:attachment":[{"href":"https:\/\/formalprision.com\/index.php?rest_route=%2Fwp%2Fv2%2Fmedia&parent=2614"}],"wp:term":[{"taxonomy":"category","embeddable":true,"href":"https:\/\/formalprision.com\/index.php?rest_route=%2Fwp%2Fv2%2Fcategories&post=2614"},{"taxonomy":"post_tag","embeddable":true,"href":"https:\/\/formalprision.com\/index.php?rest_route=%2Fwp%2Fv2%2Ftags&post=2614"}],"curies":[{"name":"wp","href":"https:\/\/api.w.org\/{rel}","templated":true}]}}