{"id":2621,"date":"2014-08-24T19:43:00","date_gmt":"2014-08-24T19:43:00","guid":{"rendered":"http:\/\/formalprision.info\/2014\/08\/24\/anuncia-rolando-zapata-ampliacion-de\/"},"modified":"2015-06-03T08:35:55","modified_gmt":"2015-06-03T08:35:55","slug":"anuncia-rolando-zapata-ampliacion-de","status":"publish","type":"post","link":"https:\/\/formalprision.com\/?p=2621","title":{"rendered":"Anuncia Rolando Zapata ampliaci\u00f3n del Centro de Salud de Hunucm\u00e1"},"content":{"rendered":"<div style=\"font-family: Noteworthy; font-size: 20px; font-weight: bold; line-height: 26px; -webkit-tap-highlight-color: rgba(26, 26, 26, 0.296875); -webkit-composition-fill-color: rgba(130, 98, 83, 0.0976563); -webkit-composition-frame-color: rgba(191, 107, 82, 0.496094); \">Hunucm\u00e1, Yucat\u00e1n, 24 de agosto de 2014.- A fin de fortalecer la infraestructura y consolidar una atenci\u00f3n &nbsp;m\u00e9dica de calidad en la entidad, el &nbsp;Gobierno del Estado invierte cerca de tres millones de pesos en obras de mejora para el Centro de Salud y Servicios Ampliados (Cessa) de Hunucm\u00e1, las cuales beneficiar\u00e1n a todas las familias de la regi\u00f3n.<\/div>\n<div style=\"font-family: Noteworthy; font-size: 20px; font-weight: bold; line-height: 26px; -webkit-tap-highlight-color: rgba(26, 26, 26, 0.296875); -webkit-composition-fill-color: rgba(130, 98, 83, 0.0976563); -webkit-composition-frame-color: rgba(191, 107, 82, 0.496094); \">El titular del Poder Ejecutivo, Rolando Zapata Bello, dio el banderazo de inicio de los trabajos de construcci\u00f3n de la nueva etapa del nosocomio y anunci\u00f3 la creaci\u00f3n de las \u00e1reas de Odontolog\u00eda y Psicolog\u00eda, para cubrir las necesidades de quienes habitan en la zona, a fin de que ya no tengan que trasladarse a otros lugares para ser atendidos.<\/div>\n<div style=\"font-family: Noteworthy; font-size: 20px; font-weight: bold; line-height: 26px; -webkit-tap-highlight-color: rgba(26, 26, 26, 0.296875); -webkit-composition-fill-color: rgba(130, 98, 83, 0.0976563); -webkit-composition-frame-color: rgba(191, 107, 82, 0.496094); \">\u201cSe va a duplicar la construcci\u00f3n y ser\u00e1 un Centro de Salud con mayor capacidad y mayores posibilidades de brindar servicios de calidad, adem\u00e1s de los que ya se ofrecen. Le damos la instrucci\u00f3n al secretario de Salud, Jorge Eduardo Mendoza M\u00e9zquita para que se incluyan el personal, el equipamiento y el espacio de Odontolog\u00eda y de Psicolog\u00eda\u201d, asegur\u00f3.<\/div>\n<div style=\"font-family: Noteworthy; font-size: 20px; font-weight: bold; line-height: 26px; -webkit-tap-highlight-color: rgba(26, 26, 26, 0.296875); -webkit-composition-fill-color: rgba(130, 98, 83, 0.0976563); -webkit-composition-frame-color: rgba(191, 107, 82, 0.496094); \">Durante el evento, Zapata Bello &nbsp;asever\u00f3 que las obras incluyen la creaci\u00f3n de &nbsp;un cuarto m\u00e9dico con ba\u00f1o para uso del personal, lo que posibilitar\u00e1 que se brinde un servicio de 24 horas.<\/div>\n<div style=\"font-family: Noteworthy; font-size: 20px; font-weight: bold; line-height: 26px; -webkit-tap-highlight-color: rgba(26, 26, 26, 0.296875); -webkit-composition-fill-color: rgba(130, 98, 83, 0.0976563); -webkit-composition-frame-color: rgba(191, 107, 82, 0.496094); \">Indic\u00f3 que desde el primero de julio, se puso en marcha la primera etapa del Centro de Salud, el cual ofrece servicios de calidad a la poblaci\u00f3n y cuenta con las \u00e1reas de medicina general, nutrici\u00f3n y prevenci\u00f3n, adem\u00e1s de un almac\u00e9n para resguardo de medicamentos.<\/div>\n<div style=\"font-family: Noteworthy; font-size: 20px; font-weight: bold; line-height: 26px; -webkit-tap-highlight-color: rgba(26, 26, 26, 0.296875); -webkit-composition-fill-color: rgba(130, 98, 83, 0.0976563); -webkit-composition-frame-color: rgba(191, 107, 82, 0.496094); \">Por su parte, Mendoza M\u00e9zquita inform\u00f3 que los trabajos puestos en marcha este d\u00eda, contemplan la creaci\u00f3n de dos consultorios de medicina general, sala de espera ampliada, cuarto de curaciones y usos m\u00faltiples, observaci\u00f3n y el Centro Docente Asistencial de Terapia de Hidrataci\u00f3n Oral y Saneamiento (Cedathos) con dos camas en tr\u00e1nsito.<\/div>\n<div style=\"font-family: Noteworthy; font-size: 20px; font-weight: bold; line-height: 26px; -webkit-tap-highlight-color: rgba(26, 26, 26, 0.296875); -webkit-composition-fill-color: rgba(130, 98, 83, 0.0976563); -webkit-composition-frame-color: rgba(191, 107, 82, 0.496094); \">Tambi\u00e9n incluir\u00e1n &nbsp;farmacia, almac\u00e9n, \u00e1rea de aseo s\u00e9ptico, de vacunaci\u00f3n y ba\u00f1os p\u00fablicos, acciones que permitir\u00e1n duplicar la capacidad de atenci\u00f3n diaria.<\/div>\n<div style=\"font-family: Noteworthy; font-size: 20px; font-weight: bold; line-height: 26px; -webkit-tap-highlight-color: rgba(26, 26, 26, 0.296875); -webkit-composition-fill-color: rgba(130, 98, 83, 0.0976563); -webkit-composition-frame-color: rgba(191, 107, 82, 0.496094); \">\u201cCon espacios m\u00e1s amplios y mayor equipamiento podremos brindar m\u00e1s servicios del ramo a los habitantes del municipio y alrededores, por lo que en breve se percibir\u00e1 la justicia social que visiona el Gobierno estatal\u201d, afirm\u00f3 en presencia del director del Centro de Salud de Hunucm\u00e1, Felipe Le\u00f3n Canul.<\/div>\n<div style=\"font-family: Noteworthy; font-size: 20px; font-weight: bold; line-height: 26px; -webkit-tap-highlight-color: rgba(26, 26, 26, 0.296875); -webkit-composition-fill-color: rgba(130, 98, 83, 0.0976563); -webkit-composition-frame-color: rgba(191, 107, 82, 0.496094); \">El funcionario inform\u00f3 que con una inversi\u00f3n cercana a los tres millones de pesos, se consolidar\u00e1 la atenci\u00f3n que brinda el nosocomio, en el que se invirtieron cerca de 450 mil pesos para realizar los trabajos de la primera etapa y cuya erogaci\u00f3n de la segunda asciende un mill\u00f3n 350 mil pesos, a los cuales se adicionar\u00e1 el monto por equipamiento y contrataci\u00f3n de personal.<\/div>\n<div style=\"font-family: Noteworthy; font-size: 20px; font-weight: bold; line-height: 26px; -webkit-tap-highlight-color: rgba(26, 26, 26, 0.296875); -webkit-composition-fill-color: rgba(130, 98, 83, 0.0976563); -webkit-composition-frame-color: rgba(191, 107, 82, 0.496094); \">Zapata Bello realiz\u00f3 un recorrido por el lugar y constat\u00f3 el funcionamiento de las \u00e1reas de curaciones y usos m\u00faltiples, aseo s\u00e9ptico, sala de espera, consultorio con sanitario y almac\u00e9n.&nbsp;<\/div>\n<div style=\"font-family: Noteworthy; font-size: 20px; font-weight: bold; line-height: 26px; -webkit-tap-highlight-color: rgba(26, 26, 26, 0.296875); -webkit-composition-fill-color: rgba(130, 98, 83, 0.0976563); -webkit-composition-frame-color: rgba(191, 107, 82, 0.496094); \">Por su parte, el alcalde de Hunucm\u00e1, Delio Jaime P\u00e9rez Tzab, se\u00f1al\u00f3 que el nuevo edificio es trascendente para la vida de los ciudadanos, pues ya no gastar\u00e1n tiempo y dinero al trasladarse a la capital de la entidad en busca &nbsp;de servicios m\u00e9dicos y sus urgencias ser\u00e1n atendidas a la brevedad.<\/div>\n<div style=\"font-family: Noteworthy; font-size: 20px; font-weight: bold; line-height: 26px; -webkit-tap-highlight-color: rgba(26, 26, 26, 0.296875); -webkit-composition-fill-color: rgba(130, 98, 83, 0.0976563); -webkit-composition-frame-color: rgba(191, 107, 82, 0.496094); \">En representaci\u00f3n de los usuarios del Cessa, la se\u00f1ora Mar\u00eda Rosal\u00eda Mart\u00edn Canul agradeci\u00f3 a nombre de las familias de Hunucm\u00e1 por la inversi\u00f3n en materia de salud en su municipio y dijo que es una muestra de que el Gobierno est\u00e1 pendiente de los yucatecos y de las necesidades m\u00e1s apremiantes.<\/div>\n<div style=\"font-family: Noteworthy; font-size: 20px; font-weight: bold; line-height: 26px; -webkit-tap-highlight-color: rgba(26, 26, 26, 0.296875); -webkit-composition-fill-color: rgba(130, 98, 83, 0.0976563); -webkit-composition-frame-color: rgba(191, 107, 82, 0.496094); \">Asistieron al evento, los diputados &nbsp;por el V &nbsp;y VIII Distritos, Marco Vela Reyes y &nbsp;Jos\u00e9 Castillo Ruz, y el director General del Instituto de Desarrollo Regional y Municipal (Inderm), Juan Jos\u00e9 Canul P\u00e9rez.<\/div>\n<div style=\"font-family: Noteworthy; font-size: 20px; font-weight: bold; line-height: 26px; -webkit-tap-highlight-color: rgba(26, 26, 26, 0.296875); -webkit-composition-fill-color: rgba(130, 98, 83, 0.0976563); -webkit-composition-frame-color: rgba(191, 107, 82, 0.496094); \">De igual manera el secretario General del Sindicato Nacional de Trabajadores de la Secretar\u00eda de Salud, Eulogio Pi\u00f1a Brice\u00f1o, y la jefa de la Jurisdicci\u00f3n Sanitaria n\u00famero 1, Mar\u00eda Esther Rangel Ram\u00edrez.<\/p>\n<div class=\"separator\" style=\"clear: both;\"><a href=\"https:\/\/lh5.googleusercontent.com\/-xRiP5YVGmX4\/U_pASEN6ZHI\/AAAAAAAAjU8\/CgBr7bSIPoY\/s640\/blogger-image-2103086076.jpg\" imageanchor=\"1\" style=\"margin-left: 1em; margin-right: 1em;\"><img decoding=\"async\" border=\"0\" src=\"https:\/\/lh5.googleusercontent.com\/-xRiP5YVGmX4\/U_pASEN6ZHI\/AAAAAAAAjU8\/CgBr7bSIPoY\/s640\/blogger-image-2103086076.jpg\"><\/a><\/div>\n<\/div>\n<div style=\"font-family: Noteworthy; font-size: 20px; font-weight: bold; line-height: 26px; -webkit-tap-highlight-color: rgba(26, 26, 26, 0.296875); -webkit-composition-fill-color: rgba(130, 98, 83, 0.0976563); -webkit-composition-frame-color: rgba(191, 107, 82, 0.496094); \"><\/div>\n","protected":false},"excerpt":{"rendered":"<p>Hunucm\u00e1, Yucat\u00e1n, 24 de agosto de 2014.- A fin de fortalecer la infraestructura y consolidar una atenci\u00f3n &nbsp;m\u00e9dica de calidad en la entidad, el &nbsp;Gobierno del Estado invierte cerca de<\/p>\n","protected":false},"author":1,"featured_media":15353,"comment_status":"open","ping_status":"open","sticky":false,"template":"","format":"standard","meta":{"jetpack_post_was_ever_published":false,"_jetpack_newsletter_access":"","_jetpack_dont_email_post_to_subs":false,"_jetpack_newsletter_tier_id":0,"_jetpack_memberships_contains_paywalled_content":false,"_jetpack_memberships_contains_paid_content":false,"footnotes":"","jetpack_publicize_message":"","jetpack_publicize_feature_enabled":true,"jetpack_social_post_already_shared":false,"jetpack_social_options":{"image_generator_settings":{"template":"highway","default_image_id":0,"font":"","enabled":false},"version":2}},"categories":[17,1],"tags":[],"class_list":["post-2621","post","type-post","status-publish","format-standard","has-post-thumbnail","hentry","category-politica-y-gobierno","category-sin-categoria"],"jetpack_publicize_connections":[],"jetpack_featured_media_url":"https:\/\/formalprision.com\/wp-content\/uploads\/2014\/08\/blogger-image-2103086076.jpg","jetpack_sharing_enabled":true,"jetpack_shortlink":"https:\/\/wp.me\/p6id8p-Gh","_links":{"self":[{"href":"https:\/\/formalprision.com\/index.php?rest_route=\/wp\/v2\/posts\/2621","targetHints":{"allow":["GET"]}}],"collection":[{"href":"https:\/\/formalprision.com\/index.php?rest_route=\/wp\/v2\/posts"}],"about":[{"href":"https:\/\/formalprision.com\/index.php?rest_route=\/wp\/v2\/types\/post"}],"author":[{"embeddable":true,"href":"https:\/\/formalprision.com\/index.php?rest_route=\/wp\/v2\/users\/1"}],"replies":[{"embeddable":true,"href":"https:\/\/formalprision.com\/index.php?rest_route=%2Fwp%2Fv2%2Fcomments&post=2621"}],"version-history":[{"count":0,"href":"https:\/\/formalprision.com\/index.php?rest_route=\/wp\/v2\/posts\/2621\/revisions"}],"wp:featuredmedia":[{"embeddable":true,"href":"https:\/\/formalprision.com\/index.php?rest_route=\/wp\/v2\/media\/15353"}],"wp:attachment":[{"href":"https:\/\/formalprision.com\/index.php?rest_route=%2Fwp%2Fv2%2Fmedia&parent=2621"}],"wp:term":[{"taxonomy":"category","embeddable":true,"href":"https:\/\/formalprision.com\/index.php?rest_route=%2Fwp%2Fv2%2Fcategories&post=2621"},{"taxonomy":"post_tag","embeddable":true,"href":"https:\/\/formalprision.com\/index.php?rest_route=%2Fwp%2Fv2%2Ftags&post=2621"}],"curies":[{"name":"wp","href":"https:\/\/api.w.org\/{rel}","templated":true}]}}