{"id":2624,"date":"2014-08-24T01:08:00","date_gmt":"2014-08-24T01:08:00","guid":{"rendered":"http:\/\/formalprision.info\/2014\/08\/24\/orquesta-tipica-yukalpeten-abrira\/"},"modified":"2015-06-03T08:35:55","modified_gmt":"2015-06-03T08:35:55","slug":"orquesta-tipica-yukalpeten-abrira","status":"publish","type":"post","link":"https:\/\/formalprision.com\/?p=2624","title":{"rendered":"Orquesta T\u00edpica Yukalpet\u00e9n abrir\u00e1 Festival Internacional de Tamaulipas*"},"content":{"rendered":"<div style=\"font-family: Noteworthy; font-size: 20px; font-weight: bold; line-height: 26px; -webkit-tap-highlight-color: rgba(26, 26, 26, 0.296875); -webkit-composition-fill-color: rgba(130, 98, 83, 0.0976563); -webkit-composition-frame-color: rgba(191, 107, 82, 0.496094); \">Ciudad Victoria, Tamaulipas, 23 de agosto de 2014.- El ritmo y comp\u00e1s de la&nbsp;jarana se escuchar\u00e1n desde el Noreste del pa\u00eds con la Orquesta T\u00edpica&nbsp;Yukalpet\u00e9n (OTY) y el Ballet Folcl\u00f3rico del Estado, agrupaciones que se&nbsp;encargar\u00e1n de abrir el Festival Internacional de Tamaulipas (FIT) 2014, el&nbsp;pr\u00f3ximo 25 de septiembre con el espect\u00e1culo \u201cFiesta en Yucat\u00e1n\u201d.<\/div>\n<div style=\"font-family: Noteworthy; font-size: 20px; font-weight: bold; line-height: 26px; -webkit-tap-highlight-color: rgba(26, 26, 26, 0.296875); -webkit-composition-fill-color: rgba(130, 98, 83, 0.0976563); -webkit-composition-frame-color: rgba(191, 107, 82, 0.496094); \">Durante la gala de presentaci\u00f3n de la edici\u00f3n de este a\u00f1o, que se realiz\u00f3&nbsp;la noche del pasado viernes en esta ciudad, el titular de la Secretar\u00eda de&nbsp;la Cultura y las Artes (Sedeculta), Roger Metri Duarte, en representaci\u00f3n&nbsp;del Gobernador Rolando Zapata Bello, junto con el mandatario tamaulipeco,&nbsp;Egidio Torre Cant\u00fa, inform\u00f3 que el evento de apertura se llevar\u00e1 a cabo en&nbsp;la Plaza Principal de esta ciudad, en donde tambi\u00e9n habr\u00e1 una muestra&nbsp;gastron\u00f3mica y artesanal.<\/div>\n<div style=\"font-family: Noteworthy; font-size: 20px; font-weight: bold; line-height: 26px; -webkit-tap-highlight-color: rgba(26, 26, 26, 0.296875); -webkit-composition-fill-color: rgba(130, 98, 83, 0.0976563); -webkit-composition-frame-color: rgba(191, 107, 82, 0.496094); \">La OTY, la m\u00e1xima instituci\u00f3n de m\u00fasica vern\u00e1cula en el Sureste del pa\u00eds,&nbsp;deleitar\u00e1 con lo mejor de su repertorio al p\u00fablico de esta entidad,&nbsp;juntamente con sus solistas Jes\u00fas Armando, Maricarmen P\u00e9rez y Emma Alcocer;&nbsp;mientras que el Ballet Folcl\u00f3rico del Estado llenar\u00e1 de colorido la&nbsp;ceremonia de inauguraci\u00f3n al comp\u00e1s del contagioso ritmo de la jarana, en&nbsp;una fiesta que se llenar\u00e1 de algarab\u00eda.<\/div>\n<div style=\"font-family: Noteworthy; font-size: 20px; font-weight: bold; line-height: 26px; -webkit-tap-highlight-color: rgba(26, 26, 26, 0.296875); -webkit-composition-fill-color: rgba(130, 98, 83, 0.0976563); -webkit-composition-frame-color: rgba(191, 107, 82, 0.496094); \">En el evento, celebrado en la Casa del Arte, un centenario edificio ubicado&nbsp;en el Centro Hist\u00f3rico de esta capital, Metri Duarte se\u00f1al\u00f3 que con este&nbsp;Festival dos m\u00e1rgenes de la geograf\u00eda nacional unidas a trav\u00e9s de las aguas&nbsp;del Golfo de M\u00e9xico, de Cabo Catoche al r\u00edo Bravo, de M\u00e9rida a Ciudad&nbsp;Victoria, lo estar\u00e1n tambi\u00e9n por el arte.<\/div>\n<div style=\"font-family: Noteworthy; font-size: 20px; font-weight: bold; line-height: 26px; -webkit-tap-highlight-color: rgba(26, 26, 26, 0.296875); -webkit-composition-fill-color: rgba(130, 98, 83, 0.0976563); -webkit-composition-frame-color: rgba(191, 107, 82, 0.496094); \">\u201cVendremos desde la Pen\u00ednsula yucateca, del extremo Sureste de la Patria,&nbsp;para confirmar con ustedes, que la cultura nos une y decir juntos: arriba&nbsp;Tamaulipas\u201d, asever\u00f3 ante representantes de la comunidad art\u00edstica,&nbsp;sociedad civil, diplom\u00e1ticos, alcaldes, legisladores y empresarios de esta&nbsp;entidad.<\/div>\n<div style=\"font-family: Noteworthy; font-size: 20px; font-weight: bold; line-height: 26px; -webkit-tap-highlight-color: rgba(26, 26, 26, 0.296875); -webkit-composition-fill-color: rgba(130, 98, 83, 0.0976563); -webkit-composition-frame-color: rgba(191, 107, 82, 0.496094); \">En su turno, Torre Cant\u00fa expres\u00f3 que la cultura es un derecho ciudadano y&nbsp;elemento integrador de las comunidades, pues representa una fuerza&nbsp;transformadora de la vida y la cohesi\u00f3n social.<\/div>\n<div style=\"font-family: Noteworthy; font-size: 20px; font-weight: bold; line-height: 26px; -webkit-tap-highlight-color: rgba(26, 26, 26, 0.296875); -webkit-composition-fill-color: rgba(130, 98, 83, 0.0976563); -webkit-composition-frame-color: rgba(191, 107, 82, 0.496094); \">Ante el embajador uruguayo en M\u00e9xico, Jorge Alberto Delgado Fern\u00e1ndez y el&nbsp;mexicano en Uruguay, Felipe Enr\u00edquez Hern\u00e1ndez, el mandatario manifest\u00f3 que&nbsp;el FIT 2014 m\u00e1s que un encuentro con las artes, representa un di\u00e1logo con&nbsp;la diversidad, oportunidad de contacto y trascendencia a trav\u00e9s de la&nbsp;creaci\u00f3n.<\/div>\n<div style=\"font-family: Noteworthy; font-size: 20px; font-weight: bold; line-height: 26px; -webkit-tap-highlight-color: rgba(26, 26, 26, 0.296875); -webkit-composition-fill-color: rgba(130, 98, 83, 0.0976563); -webkit-composition-frame-color: rgba(191, 107, 82, 0.496094); \">\u201cLa cultura nos une. Tener como invitado al estado de Yucat\u00e1n, es compartir&nbsp;lo mejor de su cultura, aqu\u00ed los esperamos para que juntos arranquemos este&nbsp;Festival, que es una oportunidad de hacer de esta celebraci\u00f3n cultural un&nbsp;puente de solidaridad y progreso compartido\u201d, finaliz\u00f3.<\/div>\n<div style=\"font-family: Noteworthy; font-size: 20px; font-weight: bold; line-height: 26px; -webkit-tap-highlight-color: rgba(26, 26, 26, 0.296875); -webkit-composition-fill-color: rgba(130, 98, 83, 0.0976563); -webkit-composition-frame-color: rgba(191, 107, 82, 0.496094); \">Bajo el lema \u201cLa cultura nos une\u201d, el Festival Internacional de&nbsp;Tamaulipas &nbsp;contempla la realizaci\u00f3n de 650 actividades en los 43&nbsp;municipios de la entidad norte\u00f1a y la participaci\u00f3n de m\u00e1s de mil figuras&nbsp;en escena. &nbsp;<\/div>\n<div style=\"font-family: Noteworthy; font-size: 20px; font-weight: bold; line-height: 26px; -webkit-tap-highlight-color: rgba(26, 26, 26, 0.296875); -webkit-composition-fill-color: rgba(130, 98, 83, 0.0976563); -webkit-composition-frame-color: rgba(191, 107, 82, 0.496094); \">Tiene como pa\u00eds y estado invitado a la Rep\u00fablica Oriental del&nbsp;Uruguay y Yucat\u00e1n, respectivamente, los cuales comparten magn\u00edficas&nbsp;propuestas que se conjuntan con artistas de Espa\u00f1a, Paraguay, Cuba,&nbsp;Inglaterra y M\u00e9xico.<\/div>\n<div style=\"font-family: Noteworthy; font-size: 20px; font-weight: bold; line-height: 26px; -webkit-tap-highlight-color: rgba(26, 26, 26, 0.296875); -webkit-composition-fill-color: rgba(130, 98, 83, 0.0976563); -webkit-composition-frame-color: rgba(191, 107, 82, 0.496094); \">La representaci\u00f3n yucateca se conforma por Armando Manzanero y Mar\u00eda&nbsp;Medina, los Juglares, puestas en escena de Conchi Le\u00f3n y Silvia K\u00e1ter, as\u00ed&nbsp;como una exposici\u00f3n de creadores visuales de la entidad.<\/div>\n<div style=\"font-family: Noteworthy; font-size: 20px; font-weight: bold; line-height: 26px; -webkit-tap-highlight-color: rgba(26, 26, 26, 0.296875); -webkit-composition-fill-color: rgba(130, 98, 83, 0.0976563); -webkit-composition-frame-color: rgba(191, 107, 82, 0.496094); \">Al hacer uso de la palabra, la directora del Instituto Tamaulipeco de l&nbsp;Cultura y las Artes (ITCA), Libertad Garc\u00eda Cabriales, reconoci\u00f3 que la&nbsp;participaci\u00f3n de Yucat\u00e1n en el FIT 2014 permitir\u00e1 desplegar el vitalismo de&nbsp;su extraordinario legado en la altiva y heroica Tamaulipas.<\/div>\n<div style=\"font-family: Noteworthy; font-size: 20px; font-weight: bold; line-height: 26px; -webkit-tap-highlight-color: rgba(26, 26, 26, 0.296875); -webkit-composition-fill-color: rgba(130, 98, 83, 0.0976563); -webkit-composition-frame-color: rgba(191, 107, 82, 0.496094); \">\u201cPorque la cultura tenemos que concebirla como el recurso estrat\u00e9gico para&nbsp;el desarrollo y herramienta insustituible para favorecer la unidad y la&nbsp;armon\u00eda, ya que en ella se manifiestan nuestras formas de estar juntos, de&nbsp;vivir y convivir, sumando voluntades que alientan la paz\u201d, puntualiz\u00f3.<\/div>\n<div style=\"font-family: Noteworthy; font-size: 20px; font-weight: bold; line-height: 26px; -webkit-tap-highlight-color: rgba(26, 26, 26, 0.296875); -webkit-composition-fill-color: rgba(130, 98, 83, 0.0976563); -webkit-composition-frame-color: rgba(191, 107, 82, 0.496094); \">Al gala de presentaci\u00f3n asistieron la presidenta del Patronato del Sistema&nbsp;para el Desarrollo Integral de la Familia (DIF) Tamaulipas, Mar\u00eda del Pilar&nbsp;Gonz\u00e1lez de Torre y el alcalde de Ciudad Victoria, Alejandro Etienne Llano.(comunicado)<\/p>\n<div class=\"separator\" style=\"clear: both;\"><a href=\"https:\/\/lh3.googleusercontent.com\/-YEkjoJ_Gi58\/U_k7HkLfHBI\/AAAAAAAAjUM\/0SnfsGa5NNc\/s640\/blogger-image--699212394.jpg\" imageanchor=\"1\" style=\"margin-left: 1em; margin-right: 1em;\"><img decoding=\"async\" border=\"0\" src=\"https:\/\/lh3.googleusercontent.com\/-YEkjoJ_Gi58\/U_k7HkLfHBI\/AAAAAAAAjUM\/0SnfsGa5NNc\/s640\/blogger-image--699212394.jpg\"><\/a><\/div>\n<\/div>\n","protected":false},"excerpt":{"rendered":"<p>Ciudad Victoria, Tamaulipas, 23 de agosto de 2014.- El ritmo y comp\u00e1s de la&nbsp;jarana se escuchar\u00e1n desde el Noreste del pa\u00eds con la Orquesta T\u00edpica&nbsp;Yukalpet\u00e9n (OTY) y el Ballet Folcl\u00f3rico<\/p>\n","protected":false},"author":1,"featured_media":15359,"comment_status":"open","ping_status":"open","sticky":false,"template":"","format":"standard","meta":{"jetpack_post_was_ever_published":false,"_jetpack_newsletter_access":"","_jetpack_dont_email_post_to_subs":false,"_jetpack_newsletter_tier_id":0,"_jetpack_memberships_contains_paywalled_content":false,"_jetpack_memberships_contains_paid_content":false,"footnotes":"","jetpack_publicize_message":"","jetpack_publicize_feature_enabled":true,"jetpack_social_post_already_shared":false,"jetpack_social_options":{"image_generator_settings":{"template":"highway","default_image_id":0,"font":"","enabled":false},"version":2}},"categories":[1,49],"tags":[],"class_list":["post-2624","post","type-post","status-publish","format-standard","has-post-thumbnail","hentry","category-sin-categoria","category-tocho-morocho"],"jetpack_publicize_connections":[],"jetpack_featured_media_url":"https:\/\/formalprision.com\/wp-content\/uploads\/2014\/08\/blogger-image-699212394.jpg","jetpack_sharing_enabled":true,"jetpack_shortlink":"https:\/\/wp.me\/p6id8p-Gk","_links":{"self":[{"href":"https:\/\/formalprision.com\/index.php?rest_route=\/wp\/v2\/posts\/2624","targetHints":{"allow":["GET"]}}],"collection":[{"href":"https:\/\/formalprision.com\/index.php?rest_route=\/wp\/v2\/posts"}],"about":[{"href":"https:\/\/formalprision.com\/index.php?rest_route=\/wp\/v2\/types\/post"}],"author":[{"embeddable":true,"href":"https:\/\/formalprision.com\/index.php?rest_route=\/wp\/v2\/users\/1"}],"replies":[{"embeddable":true,"href":"https:\/\/formalprision.com\/index.php?rest_route=%2Fwp%2Fv2%2Fcomments&post=2624"}],"version-history":[{"count":0,"href":"https:\/\/formalprision.com\/index.php?rest_route=\/wp\/v2\/posts\/2624\/revisions"}],"wp:featuredmedia":[{"embeddable":true,"href":"https:\/\/formalprision.com\/index.php?rest_route=\/wp\/v2\/media\/15359"}],"wp:attachment":[{"href":"https:\/\/formalprision.com\/index.php?rest_route=%2Fwp%2Fv2%2Fmedia&parent=2624"}],"wp:term":[{"taxonomy":"category","embeddable":true,"href":"https:\/\/formalprision.com\/index.php?rest_route=%2Fwp%2Fv2%2Fcategories&post=2624"},{"taxonomy":"post_tag","embeddable":true,"href":"https:\/\/formalprision.com\/index.php?rest_route=%2Fwp%2Fv2%2Ftags&post=2624"}],"curies":[{"name":"wp","href":"https:\/\/api.w.org\/{rel}","templated":true}]}}