{"id":2626,"date":"2014-08-23T19:38:00","date_gmt":"2014-08-23T19:38:00","guid":{"rendered":"http:\/\/formalprision.info\/2014\/08\/23\/interrogan-dos-sospechosos-del-crimen\/"},"modified":"2015-06-03T08:35:56","modified_gmt":"2015-06-03T08:35:56","slug":"interrogan-dos-sospechosos-del-crimen","status":"publish","type":"post","link":"https:\/\/formalprision.com\/?p=2626","title":{"rendered":"Capturan a involucrados en el asesinato de un m\u00e9dico yucateco"},"content":{"rendered":"<div>La Polic\u00eda Ministerial ha detenido a los ssospechosos del crimen del m\u00e9dico psiquiatra Felipe de Jes\u00fas Triay&nbsp;&nbsp;Peniche.<\/div>\n<div>\n<div style=\"font-family: Noteworthy; font-size: 20px; font-weight: bold; line-height: 26px; -webkit-tap-highlight-color: rgba(26, 26, 26, 0.296875); -webkit-composition-fill-color: rgba(130, 98, 83, 0.0976563); -webkit-composition-frame-color: rgba(191, 107, 82, 0.496094); \">\n<div>Pese al hermetismo de los investigadores, trascendi\u00f3 que los dos sospechosos fueron detenidos luego de que se les interrog\u00f3 junto con otras 10 personas relacionadas con el m\u00e9dico.<\/div>\n<div>El crimen, seg\u00fan estas versiones, se habr\u00eda perpetrado en un predio de la Colonia Garc\u00eda Giner\u00e9s, cerca de donde &nbsp;funcionaba el &nbsp;consultorio &nbsp;de Triay Peniche,.<\/div>\n<div>Una versi\u00f3n indica que agentes de la Polic\u00eda Ministerial detuvieron inicialmente dos implicados, entre los que estar\u00edan dos m\u00e9dicos tambi\u00e9n psiquiatras &nbsp;de la musma especialidad , lo que indiva que el crimen se perpetr\u00f3 por \u00abcelos profesionales\u00bb y aparentemente tambi\u00e9n por un desacuerdo econ\u00f3mico en un negocio enntre ambos.<\/div>\n<div>Pese a que la autoridad guard\u00f3 hermetismo, trascendi\u00f3 que uno de la capturados, un m\u00e9dico capitalino de apellido Garc\u00eda, ser\u00eda el autor intelectual y el otro ser\u00eda un directivo del Colegio de Psiquiatras , al parecer su presidente Enrique Lara, adem\u00e1s de que tambi\u00e9n se busca a una mujer, quien sirvi\u00f3 como \u00abgancho\u00bb para llevar al Dr. Triay &nbsp;al sitio donde fue ultimado la noche del viernes 16 de agosto.<\/div>\n<div>Pese ha que no se ha informado oficialmente de &nbsp;la detenci\u00f3n de los implicados, \u00e9stos iban a ser puestos a disposicion de un juez la madrugada de este domingo, tras la detenci\u00f3n lograda luego de los an\u00e1lisis que hizo personal de inteligencia de la SSP a los v\u00eddeos de las c\u00e1maras de seguridad en varios puntos de la ciudad y luego de haber interrogado a familiares y conocidos de la v\u00edctima.<\/div>\n<div>La Fiscal\u00eda aun no hace p\u00fablico el m\u00f3vil, los nombres de los capturados y la relaci\u00f3n con la v\u00edctima, pero fuentes cercanas a la investigaci\u00f3n se\u00f1alan que &nbsp;son gente del c\u00edrculo laboral de la v\u00edctima, quien trabajaba tambi\u00e9n en el sector p\u00fablico.<\/div>\n<div>Los detenidos participaron en el crimen, pero habr\u00edan m\u00e1s &nbsp;implicados que intervinieron trasladando el cuerpo descuartizado al sitio donde fue abandonado.<\/div>\n<div>Por la tarde de este s\u00e1bado, seg\u00fan fuentes cercanas a la investigacion, la Fiscal\u00eda ten\u00eda ya las \u00f3rdenes de captura contra algunos de los implicados, por lo que no se sabe a ciencia cierta a quienes se detuvo y qui\u00e9nes est\u00e1n pr\u00f3fugos.<\/div>\n<div>En c\u00edrculos policiacos se habla sobre la captura inminente de m\u00e1s implicados, pues en total habr\u00edan participado entre tres y seis sujetos.<\/div>\n<div>A\u00fan no se precisa porqu\u00e9 fue desmembrado el cuerpo antes de ser abandonado en el autom\u00f3vil del m\u00e9dico.<\/div>\n<div><\/div>\n<div>&nbsp;<\/div>\n<div>\n<div class=\"separator\" style=\"clear: both;\"><a href=\"https:\/\/lh5.googleusercontent.com\/-zwrzQpTHa8k\/U_jtoNv4RdI\/AAAAAAAAjTc\/OLWuur3saF8\/s640\/blogger-image-207172430.jpg\" imageanchor=\"1\" style=\"margin-left: 1em; margin-right: 1em;\"><img decoding=\"async\" border=\"0\" src=\"https:\/\/lh5.googleusercontent.com\/-zwrzQpTHa8k\/U_jtoNv4RdI\/AAAAAAAAjTc\/OLWuur3saF8\/s640\/blogger-image-207172430.jpg\"><\/a><\/div>\n<\/div>\n<\/div>\n<div style=\"font-family: Noteworthy; font-size: 20px; font-weight: bold; line-height: 26px; -webkit-tap-highlight-color: rgba(26, 26, 26, 0.296875); -webkit-composition-fill-color: rgba(130, 98, 83, 0.0976563); -webkit-composition-frame-color: rgba(191, 107, 82, 0.496094); \"><\/div>\n<\/div>\n","protected":false},"excerpt":{"rendered":"<p>La Polic\u00eda Ministerial ha detenido a los ssospechosos del crimen del m\u00e9dico psiquiatra Felipe de Jes\u00fas Triay&nbsp;&nbsp;Peniche. Pese al hermetismo de los investigadores, trascendi\u00f3 que los dos sospechosos fueron detenidos<\/p>\n","protected":false},"author":1,"featured_media":15363,"comment_status":"open","ping_status":"open","sticky":false,"template":"","format":"standard","meta":{"jetpack_post_was_ever_published":false,"_jetpack_newsletter_access":"","_jetpack_dont_email_post_to_subs":false,"_jetpack_newsletter_tier_id":0,"_jetpack_memberships_contains_paywalled_content":false,"_jetpack_memberships_contains_paid_content":false,"footnotes":"","jetpack_publicize_message":"","jetpack_publicize_feature_enabled":true,"jetpack_social_post_already_shared":false,"jetpack_social_options":{"image_generator_settings":{"template":"highway","default_image_id":0,"font":"","enabled":false},"version":2}},"categories":[6,1],"tags":[],"class_list":["post-2626","post","type-post","status-publish","format-standard","has-post-thumbnail","hentry","category-lo-mas-leido","category-sin-categoria"],"jetpack_publicize_connections":[],"jetpack_featured_media_url":"https:\/\/formalprision.com\/wp-content\/uploads\/2014\/08\/blogger-image-207172430.jpg","jetpack_sharing_enabled":true,"jetpack_shortlink":"https:\/\/wp.me\/p6id8p-Gm","_links":{"self":[{"href":"https:\/\/formalprision.com\/index.php?rest_route=\/wp\/v2\/posts\/2626","targetHints":{"allow":["GET"]}}],"collection":[{"href":"https:\/\/formalprision.com\/index.php?rest_route=\/wp\/v2\/posts"}],"about":[{"href":"https:\/\/formalprision.com\/index.php?rest_route=\/wp\/v2\/types\/post"}],"author":[{"embeddable":true,"href":"https:\/\/formalprision.com\/index.php?rest_route=\/wp\/v2\/users\/1"}],"replies":[{"embeddable":true,"href":"https:\/\/formalprision.com\/index.php?rest_route=%2Fwp%2Fv2%2Fcomments&post=2626"}],"version-history":[{"count":0,"href":"https:\/\/formalprision.com\/index.php?rest_route=\/wp\/v2\/posts\/2626\/revisions"}],"wp:featuredmedia":[{"embeddable":true,"href":"https:\/\/formalprision.com\/index.php?rest_route=\/wp\/v2\/media\/15363"}],"wp:attachment":[{"href":"https:\/\/formalprision.com\/index.php?rest_route=%2Fwp%2Fv2%2Fmedia&parent=2626"}],"wp:term":[{"taxonomy":"category","embeddable":true,"href":"https:\/\/formalprision.com\/index.php?rest_route=%2Fwp%2Fv2%2Fcategories&post=2626"},{"taxonomy":"post_tag","embeddable":true,"href":"https:\/\/formalprision.com\/index.php?rest_route=%2Fwp%2Fv2%2Ftags&post=2626"}],"curies":[{"name":"wp","href":"https:\/\/api.w.org\/{rel}","templated":true}]}}