{"id":2652,"date":"2014-08-20T23:18:00","date_gmt":"2014-08-20T23:18:00","guid":{"rendered":"http:\/\/formalprision.info\/2014\/08\/20\/se-consolida-infraestructura-de-parque\/"},"modified":"2015-06-03T08:35:59","modified_gmt":"2015-06-03T08:35:59","slug":"se-consolida-infraestructura-de-parque","status":"publish","type":"post","link":"https:\/\/formalprision.com\/?p=2652","title":{"rendered":"Se consolida infraestructura de Parque Cient\u00edfico y Tecnol\u00f3gico"},"content":{"rendered":"<div style=\"font-family: Noteworthy; font-size: 20px; font-weight: bold; line-height: 26px; -webkit-tap-highlight-color: rgba(26, 26, 26, 0.296875); -webkit-composition-fill-color: rgba(130, 98, 83, 0.0976563); -webkit-composition-frame-color: rgba(191, 107, 82, 0.496094); \">M\u00e9rida, Yucat\u00e1n, 20 de agosto de 2014.- El Parque Cient\u00edfico y Tecnol\u00f3gico (PCyT) de la entidad sigue consolid\u00e1ndose como un espacio apto para las actividades relacionadas con la generaci\u00f3n de conocimiento, tras la inauguraci\u00f3n de nuevas instalaciones y la puesta en marcha de la segunda etapa de este espacio, para la cual se anunci\u00f3 una inversi\u00f3n de 66 millones de pesos en infraestructura b\u00e1sica que estar\u00e1 en las 22 hect\u00e1reas que comprender\u00e1 la misma.<\/div>\n<div style=\"font-family: Noteworthy; font-size: 20px; font-weight: bold; line-height: 26px; -webkit-tap-highlight-color: rgba(26, 26, 26, 0.296875); -webkit-composition-fill-color: rgba(130, 98, 83, 0.0976563); -webkit-composition-frame-color: rgba(191, 107, 82, 0.496094); \">El Gobernador Rolando Zapata Bello y el director General del Consejo Nacional de Ciencia y Tecnolog\u00eda (Conacyt), Enrique Cabrero Mendoza, inauguraron \u00e1reas en el Parque como m\u00f3dulos, laboratorios y la planta piloto procesadora de alimentos del Centro de Investigaci\u00f3n y Asistencia en Tecnolog\u00eda y Dise\u00f1o del Estado de Jalisco (Ciatej), as\u00ed como la primera torre de residencias estudiantiles y acad\u00e9micas.<\/div>\n<div style=\"font-family: Noteworthy; font-size: 20px; font-weight: bold; line-height: 26px; -webkit-tap-highlight-color: rgba(26, 26, 26, 0.296875); -webkit-composition-fill-color: rgba(130, 98, 83, 0.0976563); -webkit-composition-frame-color: rgba(191, 107, 82, 0.496094); \">Tambi\u00e9n se entregaron las oficinas de la Secretar\u00eda de Desarrollo Rural (Seder) y se presentaron los proyectos de la Unidad M\u00e9rida del Centro de Investigaci\u00f3n en Matem\u00e1ticas (Cimat), al igual que de las empresas que tendr\u00e1n su sede en la segunda etapa del PCyT.<\/div>\n<div style=\"font-family: Noteworthy; font-size: 20px; font-weight: bold; line-height: 26px; -webkit-tap-highlight-color: rgba(26, 26, 26, 0.296875); -webkit-composition-fill-color: rgba(130, 98, 83, 0.0976563); -webkit-composition-frame-color: rgba(191, 107, 82, 0.496094); \">Al dirigir un mensaje, el titular del Poder Ejecutivo asegur\u00f3 que la suma de esfuerzos y voluntades es el motor que hace posible la materializaci\u00f3n del Parque como un ecosistema que coloca a la entidad como un polo propicio para el crecimiento econ\u00f3mico a partir de la generaci\u00f3n de conocimientos.<\/div>\n<div style=\"font-family: Noteworthy; font-size: 20px; font-weight: bold; line-height: 26px; -webkit-tap-highlight-color: rgba(26, 26, 26, 0.296875); -webkit-composition-fill-color: rgba(130, 98, 83, 0.0976563); -webkit-composition-frame-color: rgba(191, 107, 82, 0.496094); \">En presencia de representantes de la comunidad cient\u00edfica y acad\u00e9mica del estado, el mandatario estatal anunci\u00f3 que se utilizar\u00e1n 66 millones de pesos para la infraestructura b\u00e1sica que habr\u00e1 en las 22 hect\u00e1reas que comprenden los terrenos de la segunda etapa, los cuales se encuentran asignados y lotificados.<\/div>\n<div style=\"font-family: Noteworthy; font-size: 20px; font-weight: bold; line-height: 26px; -webkit-tap-highlight-color: rgba(26, 26, 26, 0.296875); -webkit-composition-fill-color: rgba(130, 98, 83, 0.0976563); -webkit-composition-frame-color: rgba(191, 107, 82, 0.496094); \">Por su parte, Cabrero Mendoza coment\u00f3 que el PCyT es una referencia nacional y de inter\u00e9s internacional, ya que proyecta un ejemplo de vinculaci\u00f3n de los tres componentes que forman una sociedad de conocimiento: trabajo de investigaci\u00f3n, apoyo de Gobierno y la presencia del sector privado.<\/div>\n<div style=\"font-family: Noteworthy; font-size: 20px; font-weight: bold; line-height: 26px; -webkit-tap-highlight-color: rgba(26, 26, 26, 0.296875); -webkit-composition-fill-color: rgba(130, 98, 83, 0.0976563); -webkit-composition-frame-color: rgba(191, 107, 82, 0.496094); \">El director a\u00f1adi\u00f3 que el Parque tambi\u00e9n es un modelo de lo que se debe hacer con las pol\u00edticas p\u00fablicas enfocadas al desarrollo de la ciencia y la tecnolog\u00eda, por lo que indic\u00f3 que Yucat\u00e1n sigue contando con el apoyo del Conacyt para futuros planes.<\/div>\n<div style=\"font-family: Noteworthy; font-size: 20px; font-weight: bold; line-height: 26px; -webkit-tap-highlight-color: rgba(26, 26, 26, 0.296875); -webkit-composition-fill-color: rgba(130, 98, 83, 0.0976563); -webkit-composition-frame-color: rgba(191, 107, 82, 0.496094); \">Al iniciar el recorrido el Gobernador y el funcionario federal cortaron el list\u00f3n inaugural de las instalaciones del Ciatej, en lo cual se invirtieron m\u00e1s de 44 millones de pesos. El recinto cuenta con &nbsp;laboratorios de tecnolog\u00eda y conservaci\u00f3n de alimentos, de procesos biotecnol\u00f3gicos y de calidad. Asimismo, tiene una planta piloto procesadora que brindar\u00e1 soluciones tecnol\u00f3gicas a las necesidades de la agroindustria, para aumentar la competitividad de la regi\u00f3n.<\/div>\n<div style=\"font-family: Noteworthy; font-size: 20px; font-weight: bold; line-height: 26px; -webkit-tap-highlight-color: rgba(26, 26, 26, 0.296875); -webkit-composition-fill-color: rgba(130, 98, 83, 0.0976563); -webkit-composition-frame-color: rgba(191, 107, 82, 0.496094); \">Posteriormente, las autoridades pusieron a disposici\u00f3n de estudiantes de posgrado y acad\u00e9micos que laboran en el Parque, la primera torre de residencia con capacidad de albergar a 50 personas. En total habr\u00e1 siete edificios con servicios b\u00e1sicos, consejer\u00eda, dispensario m\u00e9dico, departamentos para matrimonios y grupos de investigaci\u00f3n.<\/div>\n<div style=\"font-family: Noteworthy; font-size: 20px; font-weight: bold; line-height: 26px; -webkit-tap-highlight-color: rgba(26, 26, 26, 0.296875); -webkit-composition-fill-color: rgba(130, 98, 83, 0.0976563); -webkit-composition-frame-color: rgba(191, 107, 82, 0.496094); \">En el marco de la visita, Zapata Bello le entreg\u00f3 la llave de la Direcci\u00f3n de Desarrollo y Comercializaci\u00f3n de la Seder que est\u00e1 en el PCyT a Felipe Cervera Hern\u00e1ndez.<\/div>\n<div style=\"font-family: Noteworthy; font-size: 20px; font-weight: bold; line-height: 26px; -webkit-tap-highlight-color: rgba(26, 26, 26, 0.296875); -webkit-composition-fill-color: rgba(130, 98, 83, 0.0976563); -webkit-composition-frame-color: rgba(191, 107, 82, 0.496094); \">La oficina tendr\u00e1 como principal objetivo vincular a productores y cient\u00edficos en el desarrollo y mejora de los bienes que genera el campo local.<\/div>\n<div style=\"font-family: Noteworthy; font-size: 20px; font-weight: bold; line-height: 26px; -webkit-tap-highlight-color: rgba(26, 26, 26, 0.296875); -webkit-composition-fill-color: rgba(130, 98, 83, 0.0976563); -webkit-composition-frame-color: rgba(191, 107, 82, 0.496094); \">De la misma manera se realiz\u00f3 una exposici\u00f3n de las empresas que estar\u00e1n en la segunda etapa del PCyT, las cuales son Plenum Soft, Znova Agroindustriales, Cl\u00ednica de Enfermedades Cr\u00f3nicas y Procedimientos Especiales (Cecype), Frutech International Corporation de M\u00e9xico, PP Mar y Enersureste.<\/div>\n<div style=\"font-family: Noteworthy; font-size: 20px; font-weight: bold; line-height: 26px; -webkit-tap-highlight-color: rgba(26, 26, 26, 0.296875); -webkit-composition-fill-color: rgba(130, 98, 83, 0.0976563); -webkit-composition-frame-color: rgba(191, 107, 82, 0.496094); \">Adem\u00e1s habr\u00e1 un cl\u00faster de tecnolog\u00edas de la informaci\u00f3n a cargo de la Secretar\u00eda de Fomento Econ\u00f3mico (Sefoe).<\/div>\n<div style=\"font-family: Noteworthy; font-size: 20px; font-weight: bold; line-height: 26px; -webkit-tap-highlight-color: rgba(26, 26, 26, 0.296875); -webkit-composition-fill-color: rgba(130, 98, 83, 0.0976563); -webkit-composition-frame-color: rgba(191, 107, 82, 0.496094); \">Las autoridades y los acad\u00e9micos tambi\u00e9n participaron en la presentaci\u00f3n de la Unidad M\u00e9rida del Centro de Investigaci\u00f3n en Matem\u00e1ticas (Cimat), que enfocar\u00e1 sus labores a vincular los conocimientos en esta materia con los de la naturaleza y el cambio clim\u00e1tico. Adem\u00e1s contar\u00e1 con el trabajo de cinco j\u00f3venes ganadores de c\u00e1tedras del Conacyt.<\/div>\n<div style=\"font-family: Noteworthy; font-size: 20px; font-weight: bold; line-height: 26px; -webkit-tap-highlight-color: rgba(26, 26, 26, 0.296875); -webkit-composition-fill-color: rgba(130, 98, 83, 0.0976563); -webkit-composition-frame-color: rgba(191, 107, 82, 0.496094); \">A los eventos asistieron el presidente de la Junta de Gobierno y Coordinaci\u00f3n Pol\u00edtica del Congreso local, Luis Hevia Jim\u00e9nez; el secretario de Educaci\u00f3n del Estado, Ra\u00fal Godoy Monta\u00f1ez; el delegado de la Secretar\u00eda de Educaci\u00f3n P\u00fablica, Wilberth Chi G\u00f3ngora; la directora de la Unidad Sureste del Ciatej, Ingrid Rodr\u00edguez Buenfil, y el director del Cimat, Jos\u00e9 Antonio de la Pe\u00f1a Mena. (Comunicado)<\/p>\n<div class=\"separator\" style=\"clear: both;\"><a href=\"https:\/\/lh5.googleusercontent.com\/-8K4IaWbbOv4\/U_UsrS8aa4I\/AAAAAAAAjMk\/zgTs_DRNyjg\/s640\/blogger-image-361685849.jpg\" imageanchor=\"1\" style=\"margin-left: 1em; margin-right: 1em;\"><img decoding=\"async\" border=\"0\" src=\"https:\/\/lh5.googleusercontent.com\/-8K4IaWbbOv4\/U_UsrS8aa4I\/AAAAAAAAjMk\/zgTs_DRNyjg\/s640\/blogger-image-361685849.jpg\"><\/a><\/div>\n<\/div>\n","protected":false},"excerpt":{"rendered":"<p>M\u00e9rida, Yucat\u00e1n, 20 de agosto de 2014.- El Parque Cient\u00edfico y Tecnol\u00f3gico (PCyT) de la entidad sigue consolid\u00e1ndose como un espacio apto para las actividades relacionadas con la generaci\u00f3n de<\/p>\n","protected":false},"author":1,"featured_media":15415,"comment_status":"open","ping_status":"open","sticky":false,"template":"","format":"standard","meta":{"jetpack_post_was_ever_published":false,"_jetpack_newsletter_access":"","_jetpack_dont_email_post_to_subs":false,"_jetpack_newsletter_tier_id":0,"_jetpack_memberships_contains_paywalled_content":false,"_jetpack_memberships_contains_paid_content":false,"footnotes":"","jetpack_publicize_message":"","jetpack_publicize_feature_enabled":true,"jetpack_social_post_already_shared":false,"jetpack_social_options":{"image_generator_settings":{"template":"highway","default_image_id":0,"font":"","enabled":false},"version":2}},"categories":[17,1],"tags":[],"class_list":["post-2652","post","type-post","status-publish","format-standard","has-post-thumbnail","hentry","category-politica-y-gobierno","category-sin-categoria"],"jetpack_publicize_connections":[],"jetpack_featured_media_url":"https:\/\/formalprision.com\/wp-content\/uploads\/2014\/08\/blogger-image-361685849.jpg","jetpack_sharing_enabled":true,"jetpack_shortlink":"https:\/\/wp.me\/p6id8p-GM","_links":{"self":[{"href":"https:\/\/formalprision.com\/index.php?rest_route=\/wp\/v2\/posts\/2652","targetHints":{"allow":["GET"]}}],"collection":[{"href":"https:\/\/formalprision.com\/index.php?rest_route=\/wp\/v2\/posts"}],"about":[{"href":"https:\/\/formalprision.com\/index.php?rest_route=\/wp\/v2\/types\/post"}],"author":[{"embeddable":true,"href":"https:\/\/formalprision.com\/index.php?rest_route=\/wp\/v2\/users\/1"}],"replies":[{"embeddable":true,"href":"https:\/\/formalprision.com\/index.php?rest_route=%2Fwp%2Fv2%2Fcomments&post=2652"}],"version-history":[{"count":0,"href":"https:\/\/formalprision.com\/index.php?rest_route=\/wp\/v2\/posts\/2652\/revisions"}],"wp:featuredmedia":[{"embeddable":true,"href":"https:\/\/formalprision.com\/index.php?rest_route=\/wp\/v2\/media\/15415"}],"wp:attachment":[{"href":"https:\/\/formalprision.com\/index.php?rest_route=%2Fwp%2Fv2%2Fmedia&parent=2652"}],"wp:term":[{"taxonomy":"category","embeddable":true,"href":"https:\/\/formalprision.com\/index.php?rest_route=%2Fwp%2Fv2%2Fcategories&post=2652"},{"taxonomy":"post_tag","embeddable":true,"href":"https:\/\/formalprision.com\/index.php?rest_route=%2Fwp%2Fv2%2Ftags&post=2652"}],"curies":[{"name":"wp","href":"https:\/\/api.w.org\/{rel}","templated":true}]}}