{"id":2653,"date":"2014-08-20T23:08:00","date_gmt":"2014-08-20T23:08:00","guid":{"rendered":"http:\/\/formalprision.info\/2014\/08\/20\/niegan-libertad-domestica-que-hizo-trio\/"},"modified":"2015-06-03T08:36:00","modified_gmt":"2015-06-03T08:36:00","slug":"niegan-libertad-domestica-que-hizo-trio","status":"publish","type":"post","link":"https:\/\/formalprision.com\/?p=2653","title":{"rendered":"Niegan libertad a dom\u00e9stica que hizo tr\u00edo sexual con su patr\u00f3n y una\nadolescente"},"content":{"rendered":"<div style=\"font-family: Noteworthy; font-size: 20px; font-weight: bold; line-height: 26px; -webkit-tap-highlight-color: rgba(26, 26, 26, 0.296875); -webkit-composition-fill-color: rgba(130, 98, 83, 0.0976563); -webkit-composition-frame-color: rgba(191, 107, 82, 0.496094); \">El Juzgado Primero Penal neg\u00f3 libertad bajo fianza a La dom\u00e9stica Mar\u00eda del Carmen Monte Villalmonte, &nbsp;acusada de hacer un tr\u00edo sexual con su patr\u00f3n y una adolescente de 16 a\u00f1os en una casa de Montes de Am\u00e9.<\/div>\n<div style=\"font-family: Noteworthy; font-size: 20px; font-weight: bold; line-height: 26px; -webkit-tap-highlight-color: rgba(26, 26, 26, 0.296875); -webkit-composition-fill-color: rgba(130, 98, 83, 0.0976563); -webkit-composition-frame-color: rgba(191, 107, 82, 0.496094); \">Adem\u00e1s, ese tribunal dict\u00f3 auto de formal prisi\u00f3n contra la mujer pese a que ella neg\u00f3 el abus\u00f3.<\/div>\n<div style=\"font-family: Noteworthy; font-size: 20px; font-weight: bold; line-height: 26px; -webkit-tap-highlight-color: rgba(26, 26, 26, 0.296875); -webkit-composition-fill-color: rgba(130, 98, 83, 0.0976563); -webkit-composition-frame-color: rgba(191, 107, 82, 0.496094); \">Sin embargo, la acusada podr\u00eda recuperar en poco tiempo su libertad, ya que la adolescente que la acusa se retract\u00f3 ya de las imputaciones que hizo contra el principal implicado, Carlos Mario Castillo Conde, patr\u00f3n de Mar\u00eda del Carmen, a quien adem\u00e1s se acusa de la muerte del \u201cRey de los Gitanos\u201d Pablo Luvinoff y de la hija de este, Nancy Luvinoff Afanacio, il\u00edcitos cometidos en el 2008 en la capital del pa\u00eds.<\/div>\n<div style=\"font-family: Noteworthy; font-size: 20px; font-weight: bold; line-height: 26px; -webkit-tap-highlight-color: rgba(26, 26, 26, 0.296875); -webkit-composition-fill-color: rgba(130, 98, 83, 0.0976563); -webkit-composition-frame-color: rgba(191, 107, 82, 0.496094); \">Este d\u00eda, Monte Villalmonte fue noticada de la decisi\u00f3n del juez Primero Penal, Luis Felipe Santana Sandoval, en el sentido denegarle la libertad bajo fianza y dictarle la formal prisi\u00f3n por los delitos de &nbsp;violaci\u00f3n equiparada y corrupci\u00f3n de menores.<\/div>\n<div style=\"font-family: Noteworthy; font-size: 20px; font-weight: bold; line-height: 26px; -webkit-tap-highlight-color: rgba(26, 26, 26, 0.296875); -webkit-composition-fill-color: rgba(130, 98, 83, 0.0976563); -webkit-composition-frame-color: rgba(191, 107, 82, 0.496094); \">Como informamos, la dom\u00e9stica fue detenida la semana pasada porque el 11 de marzo de 2014 abus\u00f3 de la adolescente Karina S. B., a quien conoci\u00f3 en una estancia para adultos mayores.<\/div>\n<div style=\"font-family: Noteworthy; font-size: 20px; font-weight: bold; line-height: 26px; -webkit-tap-highlight-color: rgba(26, 26, 26, 0.296875); -webkit-composition-fill-color: rgba(130, 98, 83, 0.0976563); -webkit-composition-frame-color: rgba(191, 107, 82, 0.496094); \">Los hechos ocurrieron en &nbsp;la casa de &nbsp;Carlos Mario, &nbsp;en la calle 81 entre 34 y 36 de &nbsp;Montes de Am\u00e9, donde la menor fue \u00abinvitada\u00bb a tomar tequila.<\/div>\n<div style=\"font-family: Noteworthy; font-size: 20px; font-weight: bold; line-height: 26px; -webkit-tap-highlight-color: rgba(26, 26, 26, 0.296875); -webkit-composition-fill-color: rgba(130, 98, 83, 0.0976563); -webkit-composition-frame-color: rgba(191, 107, 82, 0.496094); \">Seg\u00fan el expediente, la adolescente estaba tan ebria que no pod\u00eda levantarse, &nbsp;situaci\u00f3n que aprovecharon sus acompa\u00f1antes para llevarla a una habitaci\u00f3n en donde se aprovecharon sexualmente de ella, el hombre imponi\u00e9ndole la c\u00f3pula y ella haci\u00e9ndole sexo oral y bes\u00e1ndole los senos.<\/div>\n<div style=\"font-family: Noteworthy; font-size: 20px; font-weight: bold; line-height: 26px; -webkit-tap-highlight-color: rgba(26, 26, 26, 0.296875); -webkit-composition-fill-color: rgba(130, 98, 83, 0.0976563); -webkit-composition-frame-color: rgba(191, 107, 82, 0.496094); \">En su declaraci\u00f3n de la semana pasada, &nbsp;la dom\u00e9stica neg\u00f3 los hechos y dijo que no se percat\u00f3 si el due\u00f1o de la casa abus\u00f3 de la adolescente porque ella se qued\u00f3 dormida.<\/div>\n<div style=\"font-family: Noteworthy; font-size: 20px; font-weight: bold; line-height: 26px; -webkit-tap-highlight-color: rgba(26, 26, 26, 0.296875); -webkit-composition-fill-color: rgba(130, 98, 83, 0.0976563); -webkit-composition-frame-color: rgba(191, 107, 82, 0.496094); \">Admiti\u00f3 que conoci\u00f3 a la menor en una estancia para ancianos del fraccionamiento \u201cLas Am\u00e9ricas\u201d, donde presuntamente los due\u00f1os dl. Lugar, &nbsp;Jos\u00e9 Antonio Escobar Garc\u00eda y Ferdi Moguel, sostuvieron relaciones con la adolescente luego de que los cuatro se embriagaron juntos.<\/div>\n<div style=\"font-family: Noteworthy; font-size: 20px; font-weight: bold; line-height: 26px; -webkit-tap-highlight-color: rgba(26, 26, 26, 0.296875); -webkit-composition-fill-color: rgba(130, 98, 83, 0.0976563); -webkit-composition-frame-color: rgba(191, 107, 82, 0.496094); \">Dijo que la menor le confes\u00f3 que se &nbsp;enamor\u00f3 de Jos\u00e9 Antonio y que la madre y un t\u00edo de la joven trataron de chantajear a Escobar Garc\u00eda, pidi\u00e9ndole 70 mil pesos por su silencio y eso ocasion\u00f3 que su amiga se deprimiera e intentara<\/div>\n<div style=\"font-family: Noteworthy; font-size: 20px; font-weight: bold; line-height: 26px; -webkit-tap-highlight-color: rgba(26, 26, 26, 0.296875); -webkit-composition-fill-color: rgba(130, 98, 83, 0.0976563); -webkit-composition-frame-color: rgba(191, 107, 82, 0.496094); \">suicidarse en dicha estancia.<\/div>\n<div style=\"font-family: Noteworthy; font-size: 20px; font-weight: bold; line-height: 26px; -webkit-tap-highlight-color: rgba(26, 26, 26, 0.296875); -webkit-composition-fill-color: rgba(130, 98, 83, 0.0976563); -webkit-composition-frame-color: rgba(191, 107, 82, 0.496094); \">El 11 de marzo pasado, se comunic\u00f3 con ella y su madre, para ayudarla a salir de su depresi\u00f3n y &nbsp;fueron a tomar un helado.<\/div>\n<div style=\"font-family: Noteworthy; font-size: 20px; font-weight: bold; line-height: 26px; -webkit-tap-highlight-color: rgba(26, 26, 26, 0.296875); -webkit-composition-fill-color: rgba(130, 98, 83, 0.0976563); -webkit-composition-frame-color: rgba(191, 107, 82, 0.496094); \">Luego fueron a casa de su patr\u00f3n, quien &nbsp;las invit\u00f3 a tomar tequila y la adolescente se tom\u00f3 cinco tragos, quedando ebria.<\/div>\n<div style=\"font-family: Noteworthy; font-size: 20px; font-weight: bold; line-height: 26px; -webkit-tap-highlight-color: rgba(26, 26, 26, 0.296875); -webkit-composition-fill-color: rgba(130, 98, 83, 0.0976563); -webkit-composition-frame-color: rgba(191, 107, 82, 0.496094); \">La &nbsp;llevaron a la recamara del patr\u00f3n y los tres se acostaron en la misma cama, pero como ella estaba algo cansada se qued\u00f3 dormida, por lo que dijo no saber si su patr\u00f3n abus\u00f3 de la adolescent.<\/p>\n<div class=\"separator\" style=\"clear: both;\"><a href=\"https:\/\/lh4.googleusercontent.com\/-pB9yKQecAU8\/U_UqXH0C3TI\/AAAAAAAAjMc\/_0LjDRHuRJU\/s640\/blogger-image-1582982776.jpg\" imageanchor=\"1\" style=\"margin-left: 1em; margin-right: 1em;\"><img decoding=\"async\" border=\"0\" src=\"https:\/\/lh4.googleusercontent.com\/-pB9yKQecAU8\/U_UqXH0C3TI\/AAAAAAAAjMc\/_0LjDRHuRJU\/s640\/blogger-image-1582982776.jpg\"><\/a><\/div>\n<\/div>\n","protected":false},"excerpt":{"rendered":"<p>El Juzgado Primero Penal neg\u00f3 libertad bajo fianza a La dom\u00e9stica Mar\u00eda del Carmen Monte Villalmonte, &nbsp;acusada de hacer un tr\u00edo sexual con su patr\u00f3n y una adolescente de 16<\/p>\n","protected":false},"author":1,"featured_media":15417,"comment_status":"open","ping_status":"open","sticky":false,"template":"","format":"standard","meta":{"jetpack_post_was_ever_published":false,"_jetpack_newsletter_access":"","_jetpack_dont_email_post_to_subs":false,"_jetpack_newsletter_tier_id":0,"_jetpack_memberships_contains_paywalled_content":false,"_jetpack_memberships_contains_paid_content":false,"footnotes":"","jetpack_publicize_message":"","jetpack_publicize_feature_enabled":true,"jetpack_social_post_already_shared":false,"jetpack_social_options":{"image_generator_settings":{"template":"highway","default_image_id":0,"font":"","enabled":false},"version":2}},"categories":[7,3,1],"tags":[],"class_list":["post-2653","post","type-post","status-publish","format-standard","has-post-thumbnail","hentry","category-breves","category-portada","category-sin-categoria"],"jetpack_publicize_connections":[],"jetpack_featured_media_url":"https:\/\/formalprision.com\/wp-content\/uploads\/2014\/08\/blogger-image-1582982776.jpg","jetpack_sharing_enabled":true,"jetpack_shortlink":"https:\/\/wp.me\/p6id8p-GN","_links":{"self":[{"href":"https:\/\/formalprision.com\/index.php?rest_route=\/wp\/v2\/posts\/2653","targetHints":{"allow":["GET"]}}],"collection":[{"href":"https:\/\/formalprision.com\/index.php?rest_route=\/wp\/v2\/posts"}],"about":[{"href":"https:\/\/formalprision.com\/index.php?rest_route=\/wp\/v2\/types\/post"}],"author":[{"embeddable":true,"href":"https:\/\/formalprision.com\/index.php?rest_route=\/wp\/v2\/users\/1"}],"replies":[{"embeddable":true,"href":"https:\/\/formalprision.com\/index.php?rest_route=%2Fwp%2Fv2%2Fcomments&post=2653"}],"version-history":[{"count":0,"href":"https:\/\/formalprision.com\/index.php?rest_route=\/wp\/v2\/posts\/2653\/revisions"}],"wp:featuredmedia":[{"embeddable":true,"href":"https:\/\/formalprision.com\/index.php?rest_route=\/wp\/v2\/media\/15417"}],"wp:attachment":[{"href":"https:\/\/formalprision.com\/index.php?rest_route=%2Fwp%2Fv2%2Fmedia&parent=2653"}],"wp:term":[{"taxonomy":"category","embeddable":true,"href":"https:\/\/formalprision.com\/index.php?rest_route=%2Fwp%2Fv2%2Fcategories&post=2653"},{"taxonomy":"post_tag","embeddable":true,"href":"https:\/\/formalprision.com\/index.php?rest_route=%2Fwp%2Fv2%2Ftags&post=2653"}],"curies":[{"name":"wp","href":"https:\/\/api.w.org\/{rel}","templated":true}]}}