{"id":2665,"date":"2014-08-18T22:04:00","date_gmt":"2014-08-18T22:04:00","guid":{"rendered":"http:\/\/formalprision.info\/2014\/08\/18\/fortalecen-planteles-educativos-con\/"},"modified":"2015-06-03T08:36:05","modified_gmt":"2015-06-03T08:36:05","slug":"fortalecen-planteles-educativos-con","status":"publish","type":"post","link":"https:\/\/formalprision.com\/?p=2665","title":{"rendered":"Fortalecen a planteles educativos con infraestructura de calidad"},"content":{"rendered":"<div style=\"font-family: Noteworthy; font-size: 20px; font-weight: bold; line-height: 26px; -webkit-tap-highlight-color: rgba(26, 26, 26, 0.296875); -webkit-composition-fill-color: rgba(130, 98, 83, 0.0976563); -webkit-composition-frame-color: rgba(191, 107, 82, 0.496094); \">M\u00e9rida, Yucat\u00e1n, 18 de agosto de 2014.- A fin de fortalecer y mantener el nivel de calidad de la ense\u00f1anza en Yucat\u00e1n, el Gobierno del Estado ech\u00f3 a andar la primera etapa de los programas de dotaci\u00f3n de pintura y equipo de mantenimiento para escuelas de educaci\u00f3n b\u00e1sica, estrategias que significan una inversi\u00f3n superior a los siete millones de pesos.<\/div>\n<div style=\"font-family: Noteworthy; font-size: 20px; font-weight: bold; line-height: 26px; -webkit-tap-highlight-color: rgba(26, 26, 26, 0.296875); -webkit-composition-fill-color: rgba(130, 98, 83, 0.0976563); -webkit-composition-frame-color: rgba(191, 107, 82, 0.496094); \">En el evento realizado en la primaria \u00abManuel Cepeda Peraza\u00bb de M\u00e9rida, el Gobernador Rolando Zapata Bello comenz\u00f3 la entrega de m\u00e1s de 15 mil botes de pintura y 100 paquetes de herramientas para la realizaci\u00f3n de actividades cotidianas de prevenci\u00f3n y conservaci\u00f3n de los espacios educativos, complemento del esquema de mantenimiento que se implement\u00f3 durante la temporada vacacional en los planteles del nivel.<\/div>\n<div style=\"font-family: Noteworthy; font-size: 20px; font-weight: bold; line-height: 26px; -webkit-tap-highlight-color: rgba(26, 26, 26, 0.296875); -webkit-composition-fill-color: rgba(130, 98, 83, 0.0976563); -webkit-composition-frame-color: rgba(191, 107, 82, 0.496094); \">\u00abContar con la infraestructura propicia y un ecosistema preciso para que los alumnos tomen sus clases, es uno de los elementos para garantizar una educaci\u00f3n de calidad\u00bb, indic\u00f3 el mandatario.<\/div>\n<div style=\"font-family: Noteworthy; font-size: 20px; font-weight: bold; line-height: 26px; -webkit-tap-highlight-color: rgba(26, 26, 26, 0.296875); -webkit-composition-fill-color: rgba(130, 98, 83, 0.0976563); -webkit-composition-frame-color: rgba(191, 107, 82, 0.496094); \">Acompa\u00f1ado por el director de la escuela anfitriona, Mart\u00edn Ad\u00e1n Escalante Cetina, Zapata Bello asegur\u00f3 que a partir del 25 de agosto, fecha en la que los ni\u00f1os de todo el estado regresar\u00e1n a clases, 800 planteles contar\u00e1n con inmuebles en las mejores condiciones.<\/div>\n<div style=\"font-family: Noteworthy; font-size: 20px; font-weight: bold; line-height: 26px; -webkit-tap-highlight-color: rgba(26, 26, 26, 0.296875); -webkit-composition-fill-color: rgba(130, 98, 83, 0.0976563); -webkit-composition-frame-color: rgba(191, 107, 82, 0.496094); \">Al hacer uso de la palabra, el secretario de Educaci\u00f3n del Estado, Ra\u00fal Godoy Monta\u00f1ez, detall\u00f3 que cada uno de los 100 paquetes que se entregaron a igual n\u00famero de recintos est\u00e1n conformados por una escalera de extensi\u00f3n, lentes ajustables de seguridad, machete, tijera tipo americana para poda, guantes de carnaza, escoba met\u00e1lica reforzada de 24 dientes, podadoras de motor de gasolina y de altura, fumigadora, desmalezadora y botas jardineras.<\/div>\n<div style=\"font-family: Noteworthy; font-size: 20px; font-weight: bold; line-height: 26px; -webkit-tap-highlight-color: rgba(26, 26, 26, 0.296875); -webkit-composition-fill-color: rgba(130, 98, 83, 0.0976563); -webkit-composition-frame-color: rgba(191, 107, 82, 0.496094); \">\u00abCon el equipo de mantenimiento que hoy reciben las escuelas, se beneficiar\u00e1 a m\u00e1s de 28 mil estudiantes y desaparece lo que antes era una cadena de gesti\u00f3n, adem\u00e1s, sistem\u00e1ticamente cada segundo a\u00f1o llegar\u00e1n los paquetes de pintura a las escuelas, garantizando infraestructura de calidad y la protecci\u00f3n de la salud de m\u00e1s ni\u00f1os\u00bb, expres\u00f3.<\/div>\n<div style=\"font-family: Noteworthy; font-size: 20px; font-weight: bold; line-height: 26px; -webkit-tap-highlight-color: rgba(26, 26, 26, 0.296875); -webkit-composition-fill-color: rgba(130, 98, 83, 0.0976563); -webkit-composition-frame-color: rgba(191, 107, 82, 0.496094); \">Godoy Monta\u00f1ez agreg\u00f3 que este d\u00eda se entregar\u00e1n certificados ISO <a href=\"tel:9001-2008\" x-apple-data-detectors=\"true\" x-apple-data-detectors-type=\"telephone\" x-apple-data-detectors-result=\"0\">9001-2008<\/a> a los Centros de Desarrollo Educativo (CEDE) de &nbsp;Valladolid, Tizim\u00edn, Maxcan\u00fa, Izamal y Tekax, adem\u00e1s de 25 unidades vehiculares para garantizar servicios de calidad a maestros y alumnos.<\/div>\n<div style=\"font-family: Noteworthy; font-size: 20px; font-weight: bold; line-height: 26px; -webkit-tap-highlight-color: rgba(26, 26, 26, 0.296875); -webkit-composition-fill-color: rgba(130, 98, 83, 0.0976563); -webkit-composition-frame-color: rgba(191, 107, 82, 0.496094); \">Durante su intervenci\u00f3n, la directora de la escuela \u00abGabriela Mistral\u00bb, A\u00edda Borges Jim\u00e9nez, puntualiz\u00f3 que 100 trabajadores de los planteles beneficiados participaron en el Programa de Capacitaci\u00f3n para Intendentes, que se realiz\u00f3 del 12 al 14 de agosto, acci\u00f3n que demuestra el buen ritmo de trabajo del Gobierno estatal en pro de la ense\u00f1anza.<\/div>\n<div style=\"font-family: Noteworthy; font-size: 20px; font-weight: bold; line-height: 26px; -webkit-tap-highlight-color: rgba(26, 26, 26, 0.296875); -webkit-composition-fill-color: rgba(130, 98, 83, 0.0976563); -webkit-composition-frame-color: rgba(191, 107, 82, 0.496094); \">Asistieron al evento los diputados federal, Mauricio Sahu\u00ed Rivero, y local, Flor D\u00edaz Castillo; as\u00ed como el delegado de la Secretar\u00eda de Educaci\u00f3n P\u00fablica en el estado, Wilberth Chi G\u00f3ngora. (Comunicado)<\/p>\n<div class=\"separator\" style=\"clear: both;\"><a href=\"https:\/\/lh5.googleusercontent.com\/-swvANGTLWDI\/U_J4ZF4aJHI\/AAAAAAAAjDo\/MXvnkX33iP8\/s640\/blogger-image--585700810.jpg\" imageanchor=\"1\" style=\"margin-left: 1em; margin-right: 1em;\"><img decoding=\"async\" border=\"0\" src=\"https:\/\/lh5.googleusercontent.com\/-swvANGTLWDI\/U_J4ZF4aJHI\/AAAAAAAAjDo\/MXvnkX33iP8\/s640\/blogger-image--585700810.jpg\"><\/a><\/div>\n<\/div>\n<div><\/div>\n","protected":false},"excerpt":{"rendered":"<p>M\u00e9rida, Yucat\u00e1n, 18 de agosto de 2014.- A fin de fortalecer y mantener el nivel de calidad de la ense\u00f1anza en Yucat\u00e1n, el Gobierno del Estado ech\u00f3 a andar la<\/p>\n","protected":false},"author":1,"featured_media":15441,"comment_status":"open","ping_status":"open","sticky":false,"template":"","format":"standard","meta":{"jetpack_post_was_ever_published":false,"_jetpack_newsletter_access":"","_jetpack_dont_email_post_to_subs":false,"_jetpack_newsletter_tier_id":0,"_jetpack_memberships_contains_paywalled_content":false,"_jetpack_memberships_contains_paid_content":false,"footnotes":"","jetpack_publicize_message":"","jetpack_publicize_feature_enabled":true,"jetpack_social_post_already_shared":false,"jetpack_social_options":{"image_generator_settings":{"template":"highway","default_image_id":0,"font":"","enabled":false},"version":2}},"categories":[17,1],"tags":[],"class_list":["post-2665","post","type-post","status-publish","format-standard","has-post-thumbnail","hentry","category-politica-y-gobierno","category-sin-categoria"],"jetpack_publicize_connections":[],"jetpack_featured_media_url":"https:\/\/formalprision.com\/wp-content\/uploads\/2014\/08\/blogger-image-585700810.jpg","jetpack_sharing_enabled":true,"jetpack_shortlink":"https:\/\/wp.me\/p6id8p-GZ","_links":{"self":[{"href":"https:\/\/formalprision.com\/index.php?rest_route=\/wp\/v2\/posts\/2665","targetHints":{"allow":["GET"]}}],"collection":[{"href":"https:\/\/formalprision.com\/index.php?rest_route=\/wp\/v2\/posts"}],"about":[{"href":"https:\/\/formalprision.com\/index.php?rest_route=\/wp\/v2\/types\/post"}],"author":[{"embeddable":true,"href":"https:\/\/formalprision.com\/index.php?rest_route=\/wp\/v2\/users\/1"}],"replies":[{"embeddable":true,"href":"https:\/\/formalprision.com\/index.php?rest_route=%2Fwp%2Fv2%2Fcomments&post=2665"}],"version-history":[{"count":0,"href":"https:\/\/formalprision.com\/index.php?rest_route=\/wp\/v2\/posts\/2665\/revisions"}],"wp:featuredmedia":[{"embeddable":true,"href":"https:\/\/formalprision.com\/index.php?rest_route=\/wp\/v2\/media\/15441"}],"wp:attachment":[{"href":"https:\/\/formalprision.com\/index.php?rest_route=%2Fwp%2Fv2%2Fmedia&parent=2665"}],"wp:term":[{"taxonomy":"category","embeddable":true,"href":"https:\/\/formalprision.com\/index.php?rest_route=%2Fwp%2Fv2%2Fcategories&post=2665"},{"taxonomy":"post_tag","embeddable":true,"href":"https:\/\/formalprision.com\/index.php?rest_route=%2Fwp%2Fv2%2Ftags&post=2665"}],"curies":[{"name":"wp","href":"https:\/\/api.w.org\/{rel}","templated":true}]}}