{"id":2667,"date":"2014-08-18T19:35:00","date_gmt":"2014-08-18T19:35:00","guid":{"rendered":"http:\/\/formalprision.info\/2014\/08\/18\/guillermo-vazquez-nuevo-entrenador-de\/"},"modified":"2015-06-03T08:36:05","modified_gmt":"2015-06-03T08:36:05","slug":"guillermo-vazquez-nuevo-entrenador-de","status":"publish","type":"post","link":"https:\/\/formalprision.com\/?p=2667","title":{"rendered":"Guillermo V\u00e1zquez nuevo entrenador de Pumas"},"content":{"rendered":"<div style=\"font-family: Noteworthy; font-size: 20px; font-weight: bold; line-height: 26px; -webkit-tap-highlight-color: rgba(26, 26, 26, 0.296875); -webkit-composition-fill-color: rgba(130, 98, 83, 0.0976563); -webkit-composition-frame-color: rgba(191, 107, 82, 0.496094); \">Los Pumas hicieron oficial la llegada de Guillermo V\u00e1zquez como nuevo entrenador del equipo felino luego del cese de Jos\u00e9 Luis Trejo.<\/div>\n<div style=\"font-family: Noteworthy; font-size: 20px; font-weight: bold; line-height: 26px; -webkit-tap-highlight-color: rgba(26, 26, 26, 0.296875); -webkit-composition-fill-color: rgba(130, 98, 83, 0.0976563); -webkit-composition-frame-color: rgba(191, 107, 82, 0.496094); \">Con V\u00e1zquez Jr. se integra tambi\u00e9n Antonio Sancho como Vicepresidente Deportivo, inform\u00f3 la instituci\u00f3n en un comunicado en el que resalt\u00f3 que ambos personajes han tenido un paso \u00abexitoso\u00bb fuera del club auriazul.<\/div>\n<div style=\"font-family: Noteworthy; font-size: 20px; font-weight: bold; line-height: 26px; -webkit-tap-highlight-color: rgba(26, 26, 26, 0.296875); -webkit-composition-fill-color: rgba(130, 98, 83, 0.0976563); -webkit-composition-frame-color: rgba(191, 107, 82, 0.496094); \">Memo V\u00e1zquez Jr. fue Auxiliar T\u00e9cnico de Ricardo Ferretti entre 2006 y 2009. En este \u00faltimo a\u00f1o el equipo fue Campe\u00f3n en el Clausura 09. Tras la \u00e9poca de Ferretti, tuvo la oportunidad de dirigir al club y logr\u00f3 el t\u00edtulo del Clausura 2011.<\/div>\n<div style=\"font-family: Noteworthy; font-size: 20px; font-weight: bold; line-height: 26px; -webkit-tap-highlight-color: rgba(26, 26, 26, 0.296875); -webkit-composition-fill-color: rgba(130, 98, 83, 0.0976563); -webkit-composition-frame-color: rgba(191, 107, 82, 0.496094); \">En 2012 tom\u00f3 las riendas de Cruz Azul y aunque dirigi\u00f3 la Final del Clausura 2013 la perdi\u00f3 ante el Am\u00e9rica.<\/div>\n<div style=\"font-family: Noteworthy; font-size: 20px; font-weight: bold; line-height: 26px; -webkit-tap-highlight-color: rgba(26, 26, 26, 0.296875); -webkit-composition-fill-color: rgba(130, 98, 83, 0.0976563); -webkit-composition-frame-color: rgba(191, 107, 82, 0.496094); \">Por otro lado, Antonio Sancho fue jugador de Pumas en la d\u00e9cada de los 90 y tras su retiro como futbolista se dedic\u00f3 a la dirigencia deportiva con Tigres. En esta etapa, acompa\u00f1\u00f3 a la Directiva del club norte\u00f1o en el t\u00edtulo obtenido en el Apertura 2011<\/div>\n<div style=\"font-family: Noteworthy; font-size: 20px; font-weight: bold; line-height: 26px; -webkit-tap-highlight-color: rgba(26, 26, 26, 0.296875); -webkit-composition-fill-color: rgba(130, 98, 83, 0.0976563); -webkit-composition-frame-color: rgba(191, 107, 82, 0.496094); \">En el comunicado se agradeci\u00f3 el apoyo del club Tigres de la Universidad Aut\u00f3noma de Nuevo Le\u00f3n por hacer posible la llegada de Sancho.<\/div>\n<div style=\"font-family: Noteworthy; font-size: 20px; font-weight: bold; line-height: 26px; -webkit-tap-highlight-color: rgba(26, 26, 26, 0.296875); -webkit-composition-fill-color: rgba(130, 98, 83, 0.0976563); -webkit-composition-frame-color: rgba(191, 107, 82, 0.496094); \">[MEDIOTIEMPO]<\/p>\n<div class=\"separator\" style=\"clear: both;\"><a href=\"https:\/\/lh5.googleusercontent.com\/-Omfvx0qwMyM\/U_JVlp0A20I\/AAAAAAAAjDQ\/k8_4Zh6IyP4\/s640\/blogger-image-433338190.jpg\" imageanchor=\"1\" style=\"margin-left: 1em; margin-right: 1em;\"><img decoding=\"async\" border=\"0\" src=\"https:\/\/lh5.googleusercontent.com\/-Omfvx0qwMyM\/U_JVlp0A20I\/AAAAAAAAjDQ\/k8_4Zh6IyP4\/s640\/blogger-image-433338190.jpg\"><\/a><\/div>\n<\/div>\n","protected":false},"excerpt":{"rendered":"<p>Los Pumas hicieron oficial la llegada de Guillermo V\u00e1zquez como nuevo entrenador del equipo felino luego del cese de Jos\u00e9 Luis Trejo. Con V\u00e1zquez Jr. se integra tambi\u00e9n Antonio Sancho<\/p>\n","protected":false},"author":1,"featured_media":15445,"comment_status":"open","ping_status":"open","sticky":false,"template":"","format":"standard","meta":{"jetpack_post_was_ever_published":false,"_jetpack_newsletter_access":"","_jetpack_dont_email_post_to_subs":false,"_jetpack_newsletter_tier_id":0,"_jetpack_memberships_contains_paywalled_content":false,"_jetpack_memberships_contains_paid_content":false,"footnotes":"","jetpack_publicize_message":"","jetpack_publicize_feature_enabled":true,"jetpack_social_post_already_shared":false,"jetpack_social_options":{"image_generator_settings":{"template":"highway","default_image_id":0,"font":"","enabled":false},"version":2}},"categories":[4,1],"tags":[],"class_list":["post-2667","post","type-post","status-publish","format-standard","has-post-thumbnail","hentry","category-deportes","category-sin-categoria"],"jetpack_publicize_connections":[],"jetpack_featured_media_url":"https:\/\/formalprision.com\/wp-content\/uploads\/2014\/08\/blogger-image-433338190.jpg","jetpack_sharing_enabled":true,"jetpack_shortlink":"https:\/\/wp.me\/p6id8p-H1","_links":{"self":[{"href":"https:\/\/formalprision.com\/index.php?rest_route=\/wp\/v2\/posts\/2667","targetHints":{"allow":["GET"]}}],"collection":[{"href":"https:\/\/formalprision.com\/index.php?rest_route=\/wp\/v2\/posts"}],"about":[{"href":"https:\/\/formalprision.com\/index.php?rest_route=\/wp\/v2\/types\/post"}],"author":[{"embeddable":true,"href":"https:\/\/formalprision.com\/index.php?rest_route=\/wp\/v2\/users\/1"}],"replies":[{"embeddable":true,"href":"https:\/\/formalprision.com\/index.php?rest_route=%2Fwp%2Fv2%2Fcomments&post=2667"}],"version-history":[{"count":0,"href":"https:\/\/formalprision.com\/index.php?rest_route=\/wp\/v2\/posts\/2667\/revisions"}],"wp:featuredmedia":[{"embeddable":true,"href":"https:\/\/formalprision.com\/index.php?rest_route=\/wp\/v2\/media\/15445"}],"wp:attachment":[{"href":"https:\/\/formalprision.com\/index.php?rest_route=%2Fwp%2Fv2%2Fmedia&parent=2667"}],"wp:term":[{"taxonomy":"category","embeddable":true,"href":"https:\/\/formalprision.com\/index.php?rest_route=%2Fwp%2Fv2%2Fcategories&post=2667"},{"taxonomy":"post_tag","embeddable":true,"href":"https:\/\/formalprision.com\/index.php?rest_route=%2Fwp%2Fv2%2Ftags&post=2667"}],"curies":[{"name":"wp","href":"https:\/\/api.w.org\/{rel}","templated":true}]}}