{"id":2669,"date":"2014-08-18T18:32:00","date_gmt":"2014-08-18T18:32:00","guid":{"rendered":"http:\/\/formalprision.info\/2014\/08\/18\/vaquero-yucateco-herido-de-un-escopetazo\/"},"modified":"2015-06-03T08:36:05","modified_gmt":"2015-06-03T08:36:05","slug":"vaquero-yucateco-herido-de-un-escopetazo","status":"publish","type":"post","link":"https:\/\/formalprision.com\/?p=2669","title":{"rendered":"Vaquero yucateco herido de un escopetazo"},"content":{"rendered":"<div style=\"font-family: Noteworthy; font-size: 20px; font-weight: bold; line-height: 26px; -webkit-tap-highlight-color: rgba(26, 26, 26, 0.296875); -webkit-composition-fill-color: rgba(130, 98, 83, 0.0976563); -webkit-composition-frame-color: rgba(191, 107, 82, 0.496094); \">\n<div>Un vaquero yucateco result\u00f3 lesionado al dispararse accidentalmente su escopeta,<\/div>\n<div>El herido es Jos\u00e9 Carlos Chan May, de 33 a\u00f1os, con domicilio en Kanxoc, Valladolid.&nbsp;<\/div>\n<div>El mismo dijo a las autoridades que &nbsp;hoy aproximadamente a las 11:00 horas, estaba en el rancho Santa Cruz y colg\u00f3 en un alambre de la puerta de la casa su escopeta calibre 16,&nbsp;<\/div>\n<div>Sin embargo, de pronto el arma &nbsp;cay\u00f3 al suelo y se accion\u00f3, impact\u00e1ndolo en el pie,<\/div>\n<div>Fue llevado al Hospital Regional de Valladolid, donde se inform\u00f3 que presenta fractura expuesta en el pie derecho.<\/p>\n<div class=\"separator\" style=\"clear: both;\"><a href=\"https:\/\/lh6.googleusercontent.com\/-uwtIeT32CKY\/U_JGtBFvxqI\/AAAAAAAAjC0\/bmzegqwBDyM\/s640\/blogger-image-166221779.jpg\" imageanchor=\"1\" style=\"margin-left: 1em; margin-right: 1em;\"><img decoding=\"async\" border=\"0\" src=\"https:\/\/lh6.googleusercontent.com\/-uwtIeT32CKY\/U_JGtBFvxqI\/AAAAAAAAjC0\/bmzegqwBDyM\/s640\/blogger-image-166221779.jpg\"><\/a><\/div>\n<\/div>\n<div><\/div>\n<\/div>\n","protected":false},"excerpt":{"rendered":"<p>Un vaquero yucateco result\u00f3 lesionado al dispararse accidentalmente su escopeta, El herido es Jos\u00e9 Carlos Chan May, de 33 a\u00f1os, con domicilio en Kanxoc, Valladolid.&nbsp; El mismo dijo a las<\/p>\n","protected":false},"author":1,"featured_media":15449,"comment_status":"open","ping_status":"open","sticky":false,"template":"","format":"standard","meta":{"jetpack_post_was_ever_published":false,"_jetpack_newsletter_access":"","_jetpack_dont_email_post_to_subs":false,"_jetpack_newsletter_tier_id":0,"_jetpack_memberships_contains_paywalled_content":false,"_jetpack_memberships_contains_paid_content":false,"footnotes":"","jetpack_publicize_message":"","jetpack_publicize_feature_enabled":true,"jetpack_social_post_already_shared":false,"jetpack_social_options":{"image_generator_settings":{"template":"highway","default_image_id":0,"font":"","enabled":false},"version":2}},"categories":[3,1,49],"tags":[],"class_list":["post-2669","post","type-post","status-publish","format-standard","has-post-thumbnail","hentry","category-portada","category-sin-categoria","category-tocho-morocho"],"jetpack_publicize_connections":[],"jetpack_featured_media_url":"https:\/\/formalprision.com\/wp-content\/uploads\/2014\/08\/blogger-image-166221779.jpg","jetpack_sharing_enabled":true,"jetpack_shortlink":"https:\/\/wp.me\/p6id8p-H3","_links":{"self":[{"href":"https:\/\/formalprision.com\/index.php?rest_route=\/wp\/v2\/posts\/2669","targetHints":{"allow":["GET"]}}],"collection":[{"href":"https:\/\/formalprision.com\/index.php?rest_route=\/wp\/v2\/posts"}],"about":[{"href":"https:\/\/formalprision.com\/index.php?rest_route=\/wp\/v2\/types\/post"}],"author":[{"embeddable":true,"href":"https:\/\/formalprision.com\/index.php?rest_route=\/wp\/v2\/users\/1"}],"replies":[{"embeddable":true,"href":"https:\/\/formalprision.com\/index.php?rest_route=%2Fwp%2Fv2%2Fcomments&post=2669"}],"version-history":[{"count":0,"href":"https:\/\/formalprision.com\/index.php?rest_route=\/wp\/v2\/posts\/2669\/revisions"}],"wp:featuredmedia":[{"embeddable":true,"href":"https:\/\/formalprision.com\/index.php?rest_route=\/wp\/v2\/media\/15449"}],"wp:attachment":[{"href":"https:\/\/formalprision.com\/index.php?rest_route=%2Fwp%2Fv2%2Fmedia&parent=2669"}],"wp:term":[{"taxonomy":"category","embeddable":true,"href":"https:\/\/formalprision.com\/index.php?rest_route=%2Fwp%2Fv2%2Fcategories&post=2669"},{"taxonomy":"post_tag","embeddable":true,"href":"https:\/\/formalprision.com\/index.php?rest_route=%2Fwp%2Fv2%2Ftags&post=2669"}],"curies":[{"name":"wp","href":"https:\/\/api.w.org\/{rel}","templated":true}]}}