{"id":2679,"date":"2014-08-16T21:36:00","date_gmt":"2014-08-16T21:36:00","guid":{"rendered":"http:\/\/formalprision.info\/2014\/08\/16\/ladrones-de-tijuana-salen-libres-tras\/"},"modified":"2015-06-03T08:36:06","modified_gmt":"2015-06-03T08:36:06","slug":"ladrones-de-tijuana-salen-libres-tras","status":"publish","type":"post","link":"https:\/\/formalprision.com\/?p=2679","title":{"rendered":"Ladrones de Tijuana salen libres tras pedir perd\u00f3n"},"content":{"rendered":"<div style=\"font-family: Noteworthy; font-size: 20px; font-weight: bold; line-height: 26px; -webkit-tap-highlight-color: rgba(26, 26, 26, 0.296875); -webkit-composition-fill-color: rgba(130, 98, 83, 0.0976563); -webkit-composition-frame-color: rgba(191, 107, 82, 0.496094); \">Gracias al nuevo sistema penal, los tijuanenses Carlos L\u00f3pez Huerta e Iv\u00e1n Guti\u00e9rrez Villegas obtuvieron su libertad con s\u00f3lo disculparse con la mujer de 88 a\u00f1os en cuya casa robaron.<\/div>\n<div style=\"font-family: Noteworthy; font-size: 20px; font-weight: bold; line-height: 26px; -webkit-tap-highlight-color: rgba(26, 26, 26, 0.296875); -webkit-composition-fill-color: rgba(130, 98, 83, 0.0976563); -webkit-composition-frame-color: rgba(191, 107, 82, 0.496094); \">Adem\u00e1s de las disculpas, los sujetos repararon el da\u00f1o causado, con lo que la v\u00edctima los perdon\u00f3 y se extingui\u00f3 el proceso contra los acusados.<\/div>\n<div style=\"font-family: Noteworthy; font-size: 20px; font-weight: bold; line-height: 26px; -webkit-tap-highlight-color: rgba(26, 26, 26, 0.296875); -webkit-composition-fill-color: rgba(130, 98, 83, 0.0976563); -webkit-composition-frame-color: rgba(191, 107, 82, 0.496094); \">L\u00f3pez Huerta y Guti\u00e9rrez Villegas, de 21 y 18 a\u00f1os de edad, se comprometieron tambi\u00e9n a no agredir a la denunciante ahora que est\u00e1n libres.<\/div>\n<div style=\"font-family: Noteworthy; font-size: 20px; font-weight: bold; line-height: 26px; -webkit-tap-highlight-color: rgba(26, 26, 26, 0.296875); -webkit-composition-fill-color: rgba(130, 98, 83, 0.0976563); -webkit-composition-frame-color: rgba(191, 107, 82, 0.496094); \">Ambos eran procesados por el delito de &nbsp;robo calificado, pero &nbsp;hoy fueron perdonados por su v\u00edctima en plena audiencia de vinculaci\u00f3n, en donde ofrecieron disculpas p\u00fablicas y repararon el da\u00f1o ocasionado a la parte agraviada.<\/div>\n<div style=\"font-family: Noteworthy; font-size: 20px; font-weight: bold; line-height: 26px; -webkit-tap-highlight-color: rgba(26, 26, 26, 0.296875); -webkit-composition-fill-color: rgba(130, 98, 83, 0.0976563); -webkit-composition-frame-color: rgba(191, 107, 82, 0.496094); \">Ellos fueron detenidos la semana pasada tras el robo a una casa en el municipio de Buctzotz,<\/div>\n<div style=\"font-family: Noteworthy; font-size: 20px; font-weight: bold; line-height: 26px; -webkit-tap-highlight-color: rgba(26, 26, 26, 0.296875); -webkit-composition-fill-color: rgba(130, 98, 83, 0.0976563); -webkit-composition-frame-color: rgba(191, 107, 82, 0.496094); \">La parte agraviada, representada por Mar\u00eda Adela Cepeda Medrano, de 88 a\u00f1os, hizo p\u00fablica su determinaci\u00f3n de no continuar con el proceso toda vez que le repararon el da\u00f1o, por lo que ambos detenidos alcanzaron su libertad luego del acuerdo al que llegaron con la parte afectada.<\/div>\n<div style=\"font-family: Noteworthy; font-size: 20px; font-weight: bold; line-height: 26px; -webkit-tap-highlight-color: rgba(26, 26, 26, 0.296875); -webkit-composition-fill-color: rgba(130, 98, 83, 0.0976563); -webkit-composition-frame-color: rgba(191, 107, 82, 0.496094); \">De acuerdo con la propia Ley, a\u00fan y cuando se trata de un delito que se sigue de oficio, se permiten los acuerdos reparatorios entre los involucrados, toda vez que en los hechos registrados no hubo violencia.<\/div>\n<div style=\"font-family: Noteworthy; font-size: 20px; font-weight: bold; line-height: 26px; -webkit-tap-highlight-color: rgba(26, 26, 26, 0.296875); -webkit-composition-fill-color: rgba(130, 98, 83, 0.0976563); -webkit-composition-frame-color: rgba(191, 107, 82, 0.496094); \">Entre los acuerdos aprobados por el Juez figuran el compromiso de los sujetos no agredir en forma alguna a la denunciante, ni a sus bienes; cada uno ofreci\u00f3 &nbsp;disculpas a la denunciante y a la propietaria del predio (Neydi Ver\u00f3nica Arg\u00e1ez) por su conducta, al tiempo de llegar indemnizar econ\u00f3micamente a las agraviadas para resarcir los perjuicios ocasionados.<\/div>\n<div style=\"font-family: Noteworthy; font-size: 20px; font-weight: bold; line-height: 26px; -webkit-tap-highlight-color: rgba(26, 26, 26, 0.296875); -webkit-composition-fill-color: rgba(130, 98, 83, 0.0976563); -webkit-composition-frame-color: rgba(191, 107, 82, 0.496094); \">El pasado 7 de agosto, los sujetos detenidos forzaron la cerradura de una puerta que conduce al patio de la casa, en donde se introdujeron para apoderarse de &nbsp;14,879.50 pesos &nbsp;en efectivo, un llavero dorado, una moneda antigua de 50 pesos, una moneda de un d\u00f3lar, un dije de oro y una cadena de color plata, valuados en 3,445 pesos.<\/div>\n<div style=\"font-family: Noteworthy; font-size: 20px; font-weight: bold; line-height: 26px; -webkit-tap-highlight-color: rgba(26, 26, 26, 0.296875); -webkit-composition-fill-color: rgba(130, 98, 83, 0.0976563); -webkit-composition-frame-color: rgba(191, 107, 82, 0.496094); \">Salieron luego por la puerta y huyeron a bordo de un veh\u00edculo con placas de Quintana Roo, pero fueron capturados por la SSP.<\/p>\n<div class=\"separator\" style=\"clear: both;\"><a href=\"https:\/\/lh3.googleusercontent.com\/-HHqDbjHnVDQ\/U-_O0nmFmaI\/AAAAAAAAi_c\/-AZZQmjfCOw\/s640\/blogger-image--1736517915.jpg\" imageanchor=\"1\" style=\"margin-left: 1em; margin-right: 1em;\"><img decoding=\"async\" border=\"0\" src=\"https:\/\/lh3.googleusercontent.com\/-HHqDbjHnVDQ\/U-_O0nmFmaI\/AAAAAAAAi_c\/-AZZQmjfCOw\/s640\/blogger-image--1736517915.jpg\"><\/a><\/div>\n<\/div>\n","protected":false},"excerpt":{"rendered":"<p>Gracias al nuevo sistema penal, los tijuanenses Carlos L\u00f3pez Huerta e Iv\u00e1n Guti\u00e9rrez Villegas obtuvieron su libertad con s\u00f3lo disculparse con la mujer de 88 a\u00f1os en cuya casa robaron.<\/p>\n","protected":false},"author":1,"featured_media":15469,"comment_status":"open","ping_status":"open","sticky":false,"template":"","format":"standard","meta":{"jetpack_post_was_ever_published":false,"_jetpack_newsletter_access":"","_jetpack_dont_email_post_to_subs":false,"_jetpack_newsletter_tier_id":0,"_jetpack_memberships_contains_paywalled_content":false,"_jetpack_memberships_contains_paid_content":false,"footnotes":"","jetpack_publicize_message":"","jetpack_publicize_feature_enabled":true,"jetpack_social_post_already_shared":false,"jetpack_social_options":{"image_generator_settings":{"template":"highway","default_image_id":0,"font":"","enabled":false},"version":2}},"categories":[3,1,49],"tags":[],"class_list":["post-2679","post","type-post","status-publish","format-standard","has-post-thumbnail","hentry","category-portada","category-sin-categoria","category-tocho-morocho"],"jetpack_publicize_connections":[],"jetpack_featured_media_url":"https:\/\/formalprision.com\/wp-content\/uploads\/2014\/08\/blogger-image-1736517915.jpg","jetpack_sharing_enabled":true,"jetpack_shortlink":"https:\/\/wp.me\/p6id8p-Hd","_links":{"self":[{"href":"https:\/\/formalprision.com\/index.php?rest_route=\/wp\/v2\/posts\/2679","targetHints":{"allow":["GET"]}}],"collection":[{"href":"https:\/\/formalprision.com\/index.php?rest_route=\/wp\/v2\/posts"}],"about":[{"href":"https:\/\/formalprision.com\/index.php?rest_route=\/wp\/v2\/types\/post"}],"author":[{"embeddable":true,"href":"https:\/\/formalprision.com\/index.php?rest_route=\/wp\/v2\/users\/1"}],"replies":[{"embeddable":true,"href":"https:\/\/formalprision.com\/index.php?rest_route=%2Fwp%2Fv2%2Fcomments&post=2679"}],"version-history":[{"count":0,"href":"https:\/\/formalprision.com\/index.php?rest_route=\/wp\/v2\/posts\/2679\/revisions"}],"wp:featuredmedia":[{"embeddable":true,"href":"https:\/\/formalprision.com\/index.php?rest_route=\/wp\/v2\/media\/15469"}],"wp:attachment":[{"href":"https:\/\/formalprision.com\/index.php?rest_route=%2Fwp%2Fv2%2Fmedia&parent=2679"}],"wp:term":[{"taxonomy":"category","embeddable":true,"href":"https:\/\/formalprision.com\/index.php?rest_route=%2Fwp%2Fv2%2Fcategories&post=2679"},{"taxonomy":"post_tag","embeddable":true,"href":"https:\/\/formalprision.com\/index.php?rest_route=%2Fwp%2Fv2%2Ftags&post=2679"}],"curies":[{"name":"wp","href":"https:\/\/api.w.org\/{rel}","templated":true}]}}