{"id":2680,"date":"2014-08-16T21:13:00","date_gmt":"2014-08-16T21:13:00","guid":{"rendered":"http:\/\/formalprision.info\/2014\/08\/16\/cecilio-perera-regresa-yucatan-para\/"},"modified":"2015-06-03T08:36:06","modified_gmt":"2015-06-03T08:36:06","slug":"cecilio-perera-regresa-yucatan-para","status":"publish","type":"post","link":"https:\/\/formalprision.com\/?p=2680","title":{"rendered":"Cecilio Perera regresa a Yucat\u00e1n para ofrecer concierto \u00fanico y novedoso"},"content":{"rendered":"<div style=\"font-family: Noteworthy; font-size: 20px; font-weight: bold; line-height: 26px; -webkit-tap-highlight-color: rgba(26, 26, 26, 0.296875); -webkit-composition-fill-color: rgba(130, 98, 83, 0.0976563); -webkit-composition-frame-color: rgba(191, 107, 82, 0.496094); \">M\u00e9rida, Yucat\u00e1n, 16 de agosto de 2014.- Considerado como uno de los&nbsp;guitarristas cl\u00e1sicos m\u00e1s sobresalientes de los \u00faltimos tiempos, el m\u00fasico&nbsp;yucateco Cecilio Perera regresa a su tierra para ofrecer un concierto \u00fanico&nbsp;y novedoso, con piezas de Alonso Mudarra, Luigi &nbsp;Boccherini, John Lennon y&nbsp;Paul McCartney.<\/div>\n<div style=\"font-family: Noteworthy; font-size: 20px; font-weight: bold; line-height: 26px; -webkit-tap-highlight-color: rgba(26, 26, 26, 0.296875); -webkit-composition-fill-color: rgba(130, 98, 83, 0.0976563); -webkit-composition-frame-color: rgba(191, 107, 82, 0.496094); \">El notable ejecutante, quien actualmente reside en Salzburgo, Austria,&nbsp;vuelve a la tierra del Mayab para participar en el marco del 65 aniversario&nbsp;de la fundaci\u00f3n de la Sociedad Art\u00edstica \u201cRicardo Palmer\u00edn\u201d, evento que se&nbsp;realiza en coordinaci\u00f3n con la Secretar\u00eda de la Cultura y las Artes&nbsp;(Sedeculta).<\/div>\n<div style=\"font-family: Noteworthy; font-size: 20px; font-weight: bold; line-height: 26px; -webkit-tap-highlight-color: rgba(26, 26, 26, 0.296875); -webkit-composition-fill-color: rgba(130, 98, 83, 0.0976563); -webkit-composition-frame-color: rgba(191, 107, 82, 0.496094); \">La cita para disfrutar de esta m\u00e1gica velada musical es el pr\u00f3ximo jueves&nbsp;28 de agosto, a las 21:00 horas, en el teatro \u201cJos\u00e9 Pe\u00f3n Contreras\u201d. El&nbsp;programa est\u00e1 conformado adem\u00e1s por obras de John &nbsp;Dowland, Leo Brouwer y&nbsp;Fernando Sor, entre otros. Los boletos est\u00e1n a la venta en la taquilla de&nbsp;dicho recinto.<\/div>\n<div style=\"font-family: Noteworthy; font-size: 20px; font-weight: bold; line-height: 26px; -webkit-tap-highlight-color: rgba(26, 26, 26, 0.296875); -webkit-composition-fill-color: rgba(130, 98, 83, 0.0976563); -webkit-composition-frame-color: rgba(191, 107, 82, 0.496094); \">En la primera parte del programa Cecilio Perera ejecutar\u00e1 la guitarra,&nbsp;posteriormente tocar\u00e1 el la\u00fad y para finalizar su presentaci\u00f3n nuevamente&nbsp;intervendr\u00e1 con su instrumento musical, momento en el cual estar\u00e1&nbsp;acompa\u00f1ado por un cuarteto de cuerdas.<\/div>\n<div style=\"font-family: Noteworthy; font-size: 20px; font-weight: bold; line-height: 26px; -webkit-tap-highlight-color: rgba(26, 26, 26, 0.296875); -webkit-composition-fill-color: rgba(130, 98, 83, 0.0976563); -webkit-composition-frame-color: rgba(191, 107, 82, 0.496094); \">En la actualidad, Perera Villanueva imparte clases de guitarra como&nbsp;asistente en la c\u00e1tedra de Eliot Fisk, en la Universidad Mozarteum de&nbsp;Salzburgo, Austria, donde se gradu\u00f3 con honores y en la Escuela de M\u00fasica&nbsp;de Freilassing, Alemania, donde obtuvo la maestr\u00eda en Guitarra.<\/div>\n<div style=\"font-family: Noteworthy; font-size: 20px; font-weight: bold; line-height: 26px; -webkit-tap-highlight-color: rgba(26, 26, 26, 0.296875); -webkit-composition-fill-color: rgba(130, 98, 83, 0.0976563); -webkit-composition-frame-color: rgba(191, 107, 82, 0.496094); \">Estudi\u00f3 en el Centro de M\u00fasica \u201cJos\u00e9 Jacinto Cuevas\u201d y adem\u00e1s de cursar los&nbsp;grados en los centros europeos de educaci\u00f3n superior antes mencionados,&nbsp;tambi\u00e9n llev\u00f3 m\u00fasica antigua con Hans Br\u00fcderl y Howard Penny, y&nbsp;contempor\u00e1nea con Simone Fontanelli.<\/div>\n<div style=\"font-family: Noteworthy; font-size: 20px; font-weight: bold; line-height: 26px; -webkit-tap-highlight-color: rgba(26, 26, 26, 0.296875); -webkit-composition-fill-color: rgba(130, 98, 83, 0.0976563); -webkit-composition-frame-color: rgba(191, 107, 82, 0.496094); \">Entre las actuaciones m\u00e1s relevantes de su trayectoria destaca su&nbsp;participaci\u00f3n como solista en las Orquestas Filarm\u00f3nica, de Salzburgo;&nbsp;Hermitage, de San Petersburgo; Italiana Academia Musical Naonis; del&nbsp;Conservatorio Vivaldi de Alessandria; Filarm\u00f3nica de la Universidad&nbsp;Nacional Aut\u00f3noma de M\u00e9xico (UNAM) y Sinf\u00f3nica de Yucat\u00e1n, por mencionar&nbsp;algunas.<\/div>\n<div style=\"font-family: Noteworthy; font-size: 20px; font-weight: bold; line-height: 26px; -webkit-tap-highlight-color: rgba(26, 26, 26, 0.296875); -webkit-composition-fill-color: rgba(130, 98, 83, 0.0976563); -webkit-composition-frame-color: rgba(191, 107, 82, 0.496094); \">Asimismo, se ha presentado &nbsp;en prestigiosas salas de concierto como el&nbsp;Carnegie Hall (Nueva York), Mozarteum Grosser Saal (Salzburgo), Teatro del&nbsp;Hermitage (San Petersburgo), Glenn Gould Studio (Toronto) y la Sala&nbsp;Nezahualc\u00f3yotl (Ciudad de M\u00e9xico).<\/div>\n<div style=\"font-family: Noteworthy; font-size: 20px; font-weight: bold; line-height: 26px; -webkit-tap-highlight-color: rgba(26, 26, 26, 0.296875); -webkit-composition-fill-color: rgba(130, 98, 83, 0.0976563); -webkit-composition-frame-color: rgba(191, 107, 82, 0.496094); \">Ha ofrecido recitales en M\u00e9xico, Austria, Alemania, Rusia, Finlandia,&nbsp;Estonia, Italia, Suiza, Francia, Espa\u00f1a, Eslovenia, Bulgaria, Cuba, Belice,&nbsp;Costa Rica, Estados Unidos y Canad\u00e1.<\/div>\n<div style=\"font-family: Noteworthy; font-size: 20px; font-weight: bold; line-height: 26px; -webkit-tap-highlight-color: rgba(26, 26, 26, 0.296875); -webkit-composition-fill-color: rgba(130, 98, 83, 0.0976563); -webkit-composition-frame-color: rgba(191, 107, 82, 0.496094); \">Algunos de los premios que ha obtenido son los primeros lugares del 44&nbsp;Concurso Internacional de Guitarra Cl\u00e1sica Michele Pittaluga, de Italia; y&nbsp;del III Concurso de M\u00fasica de C\u00e1mara de la Universidad Mozarteum de&nbsp;Salzburgo, Austria 2007, as\u00ed como el Premio Nacional de la Juventud en&nbsp;Artes 2003 en este pa\u00eds.(COMUNICADO DE PRENSA)<\/p>\n<div class=\"separator\" style=\"clear: both;\"><a href=\"https:\/\/lh4.googleusercontent.com\/-l098Vyv0v6A\/U-_Ja0WxA9I\/AAAAAAAAi_M\/ZJAv0_ORRYY\/s640\/blogger-image--24481279.jpg\" imageanchor=\"1\" style=\"margin-left: 1em; margin-right: 1em;\"><img decoding=\"async\" border=\"0\" src=\"https:\/\/lh4.googleusercontent.com\/-l098Vyv0v6A\/U-_Ja0WxA9I\/AAAAAAAAi_M\/ZJAv0_ORRYY\/s640\/blogger-image--24481279.jpg\"><\/a><\/div>\n<\/div>\n","protected":false},"excerpt":{"rendered":"<p>M\u00e9rida, Yucat\u00e1n, 16 de agosto de 2014.- Considerado como uno de los&nbsp;guitarristas cl\u00e1sicos m\u00e1s sobresalientes de los \u00faltimos tiempos, el m\u00fasico&nbsp;yucateco Cecilio Perera regresa a su tierra para ofrecer un<\/p>\n","protected":false},"author":1,"featured_media":15471,"comment_status":"open","ping_status":"open","sticky":false,"template":"","format":"standard","meta":{"jetpack_post_was_ever_published":false,"_jetpack_newsletter_access":"","_jetpack_dont_email_post_to_subs":false,"_jetpack_newsletter_tier_id":0,"_jetpack_memberships_contains_paywalled_content":false,"_jetpack_memberships_contains_paid_content":false,"footnotes":"","jetpack_publicize_message":"","jetpack_publicize_feature_enabled":true,"jetpack_social_post_already_shared":false,"jetpack_social_options":{"image_generator_settings":{"template":"highway","default_image_id":0,"font":"","enabled":false},"version":2}},"categories":[1,49],"tags":[],"class_list":["post-2680","post","type-post","status-publish","format-standard","has-post-thumbnail","hentry","category-sin-categoria","category-tocho-morocho"],"jetpack_publicize_connections":[],"jetpack_featured_media_url":"https:\/\/formalprision.com\/wp-content\/uploads\/2014\/08\/blogger-image-24481279.jpg","jetpack_sharing_enabled":true,"jetpack_shortlink":"https:\/\/wp.me\/p6id8p-He","_links":{"self":[{"href":"https:\/\/formalprision.com\/index.php?rest_route=\/wp\/v2\/posts\/2680","targetHints":{"allow":["GET"]}}],"collection":[{"href":"https:\/\/formalprision.com\/index.php?rest_route=\/wp\/v2\/posts"}],"about":[{"href":"https:\/\/formalprision.com\/index.php?rest_route=\/wp\/v2\/types\/post"}],"author":[{"embeddable":true,"href":"https:\/\/formalprision.com\/index.php?rest_route=\/wp\/v2\/users\/1"}],"replies":[{"embeddable":true,"href":"https:\/\/formalprision.com\/index.php?rest_route=%2Fwp%2Fv2%2Fcomments&post=2680"}],"version-history":[{"count":0,"href":"https:\/\/formalprision.com\/index.php?rest_route=\/wp\/v2\/posts\/2680\/revisions"}],"wp:featuredmedia":[{"embeddable":true,"href":"https:\/\/formalprision.com\/index.php?rest_route=\/wp\/v2\/media\/15471"}],"wp:attachment":[{"href":"https:\/\/formalprision.com\/index.php?rest_route=%2Fwp%2Fv2%2Fmedia&parent=2680"}],"wp:term":[{"taxonomy":"category","embeddable":true,"href":"https:\/\/formalprision.com\/index.php?rest_route=%2Fwp%2Fv2%2Fcategories&post=2680"},{"taxonomy":"post_tag","embeddable":true,"href":"https:\/\/formalprision.com\/index.php?rest_route=%2Fwp%2Fv2%2Ftags&post=2680"}],"curies":[{"name":"wp","href":"https:\/\/api.w.org\/{rel}","templated":true}]}}