{"id":2687,"date":"2014-08-15T23:15:00","date_gmt":"2014-08-15T23:15:00","guid":{"rendered":"http:\/\/formalprision.info\/2014\/08\/15\/al-penal-por-matar-un-ciclista-cuando\/"},"modified":"2015-06-03T08:36:07","modified_gmt":"2015-06-03T08:36:07","slug":"al-penal-por-matar-un-ciclista-cuando","status":"publish","type":"post","link":"https:\/\/formalprision.com\/?p=2687","title":{"rendered":"Al penal por matar a un ciclista cuando manejaba ebrio su veh\u00edculo"},"content":{"rendered":"<div style=\"font-family: Noteworthy; font-size: 20px; font-weight: bold; line-height: 26px; -webkit-tap-highlight-color: rgba(26, 26, 26, 0.296875); -webkit-composition-fill-color: rgba(130, 98, 83, 0.0976563); -webkit-composition-frame-color: rgba(191, 107, 82, 0.496094); \">Este viernes fue detenido Luis Armando Sul\u00fa Puc, acusado de ocasionar en el 2012 un accidente mortal cuando conduc\u00eda ebrio su veh\u00edculo.<\/div>\n<div style=\"font-family: Noteworthy; font-size: 20px; font-weight: bold; line-height: 26px; -webkit-tap-highlight-color: rgba(26, 26, 26, 0.296875); -webkit-composition-fill-color: rgba(130, 98, 83, 0.0976563); -webkit-composition-frame-color: rgba(191, 107, 82, 0.496094); \">Fue capturado en &nbsp;cumplimiento de una orden de aprehensi\u00f3n del Juzgado S\u00e9ptimo Penal, acusado de homicidio culposo, cometido contra de quien en vida se llam\u00f3 &nbsp;Jorge Ricardo Valdez Medina.<\/div>\n<div style=\"font-family: Noteworthy; font-size: 20px; font-weight: bold; line-height: 26px; -webkit-tap-highlight-color: rgba(26, 26, 26, 0.296875); -webkit-composition-fill-color: rgba(130, 98, 83, 0.0976563); -webkit-composition-frame-color: rgba(191, 107, 82, 0.496094); \">De acuerdo con las constancias del &nbsp;expediente, el 15 de diciembre de 2012 a las 19:00 horas, Luis Armando conduc\u00eda en estado de ebriedad el veh\u00edculo marca Dodge placas YZA-6150, cuando se sali\u00f3 del carril en el que circulaba y colision\u00f3 contra el ciclista Valdez Medina, caus\u00e1ndole la muerte.<\/div>\n<div style=\"font-family: Noteworthy; font-size: 20px; font-weight: bold; line-height: 26px; -webkit-tap-highlight-color: rgba(26, 26, 26, 0.296875); -webkit-composition-fill-color: rgba(130, 98, 83, 0.0976563); -webkit-composition-frame-color: rgba(191, 107, 82, 0.496094); \">El percance ocurri\u00f3 en la carretera a Tizim\u00edn, &nbsp;en el kil\u00f3metro 000 + 180, en la calle marcada con el n\u00famero seis de la colonia Santa Rita Cholul, a poca distancia del Perif\u00e9rico meridano.<\/div>\n<div style=\"font-family: Noteworthy; font-size: 20px; font-weight: bold; line-height: 26px; -webkit-tap-highlight-color: rgba(26, 26, 26, 0.296875); -webkit-composition-fill-color: rgba(130, 98, 83, 0.0976563); -webkit-composition-frame-color: rgba(191, 107, 82, 0.496094); \">El sujeto fue detenido el d\u00eda de los hechos y se corrobor\u00f3 que estaba ebrio, pero sali\u00f3 libre despu\u00e9s porque el ciclista no muri\u00f3 en el sitio, sino d\u00edas posteriores en un hospital.<\/div>\n<div style=\"font-family: Noteworthy; font-size: 20px; font-weight: bold; line-height: 26px; -webkit-tap-highlight-color: rgba(26, 26, 26, 0.296875); -webkit-composition-fill-color: rgba(130, 98, 83, 0.0976563); -webkit-composition-frame-color: rgba(191, 107, 82, 0.496094); \">Hoy mismo, Luis Armando fue reaprehendido en la calle 21 por 22 del centro de Cholul y al&nbsp;rendir su declaraci\u00f3n preparatoria, &nbsp;dijo que no se fij\u00f3 en la bicicleta porque era negra y el ciclista no tra\u00eda chaleco reflejante.<\/div>\n<div style=\"font-family: Noteworthy; font-size: 20px; font-weight: bold; line-height: 26px; -webkit-tap-highlight-color: rgba(26, 26, 26, 0.296875); -webkit-composition-fill-color: rgba(130, 98, 83, 0.0976563); -webkit-composition-frame-color: rgba(191, 107, 82, 0.496094); \">Luis Armando asegur\u00f3 &nbsp;que el ahora occiso no iba manejando la bicicleta, sino que iba caminando junto a ella &nbsp;y ya no supo qu\u00e9 contestar cu\u00e1ndo se le hizo ver que momentos antes hab\u00eda dicho que no se fij\u00f3 en la v\u00edctima.<\/div>\n<div style=\"font-family: Noteworthy; font-size: 20px; font-weight: bold; line-height: 26px; -webkit-tap-highlight-color: rgba(26, 26, 26, 0.296875); -webkit-composition-fill-color: rgba(130, 98, 83, 0.0976563); -webkit-composition-frame-color: rgba(191, 107, 82, 0.496094); \">Tiene derecho a salir libre bajo fianza, pero deber\u00e1 pagar una fuerte indemnizaci\u00f3n.<\/p>\n<div class=\"separator\" style=\"clear: both;\"><a href=\"https:\/\/lh3.googleusercontent.com\/-iByKa2ol3ys\/U-6UfIMktGI\/AAAAAAAAi9k\/kh5qd9-QUE4\/s640\/blogger-image-537335296.jpg\" imageanchor=\"1\" style=\"margin-left: 1em; margin-right: 1em;\"><img decoding=\"async\" border=\"0\" src=\"https:\/\/lh3.googleusercontent.com\/-iByKa2ol3ys\/U-6UfIMktGI\/AAAAAAAAi9k\/kh5qd9-QUE4\/s640\/blogger-image-537335296.jpg\"><\/a><\/div>\n<\/div>\n","protected":false},"excerpt":{"rendered":"<p>Este viernes fue detenido Luis Armando Sul\u00fa Puc, acusado de ocasionar en el 2012 un accidente mortal cuando conduc\u00eda ebrio su veh\u00edculo. Fue capturado en &nbsp;cumplimiento de una orden de<\/p>\n","protected":false},"author":1,"featured_media":15485,"comment_status":"open","ping_status":"open","sticky":false,"template":"","format":"standard","meta":{"jetpack_post_was_ever_published":false,"_jetpack_newsletter_access":"","_jetpack_dont_email_post_to_subs":false,"_jetpack_newsletter_tier_id":0,"_jetpack_memberships_contains_paywalled_content":false,"_jetpack_memberships_contains_paid_content":false,"footnotes":"","jetpack_publicize_message":"","jetpack_publicize_feature_enabled":true,"jetpack_social_post_already_shared":false,"jetpack_social_options":{"image_generator_settings":{"template":"highway","default_image_id":0,"font":"","enabled":false},"version":2}},"categories":[7,3,1],"tags":[],"class_list":["post-2687","post","type-post","status-publish","format-standard","has-post-thumbnail","hentry","category-breves","category-portada","category-sin-categoria"],"jetpack_publicize_connections":[],"jetpack_featured_media_url":"https:\/\/formalprision.com\/wp-content\/uploads\/2014\/08\/blogger-image-537335296.jpg","jetpack_sharing_enabled":true,"jetpack_shortlink":"https:\/\/wp.me\/p6id8p-Hl","_links":{"self":[{"href":"https:\/\/formalprision.com\/index.php?rest_route=\/wp\/v2\/posts\/2687","targetHints":{"allow":["GET"]}}],"collection":[{"href":"https:\/\/formalprision.com\/index.php?rest_route=\/wp\/v2\/posts"}],"about":[{"href":"https:\/\/formalprision.com\/index.php?rest_route=\/wp\/v2\/types\/post"}],"author":[{"embeddable":true,"href":"https:\/\/formalprision.com\/index.php?rest_route=\/wp\/v2\/users\/1"}],"replies":[{"embeddable":true,"href":"https:\/\/formalprision.com\/index.php?rest_route=%2Fwp%2Fv2%2Fcomments&post=2687"}],"version-history":[{"count":0,"href":"https:\/\/formalprision.com\/index.php?rest_route=\/wp\/v2\/posts\/2687\/revisions"}],"wp:featuredmedia":[{"embeddable":true,"href":"https:\/\/formalprision.com\/index.php?rest_route=\/wp\/v2\/media\/15485"}],"wp:attachment":[{"href":"https:\/\/formalprision.com\/index.php?rest_route=%2Fwp%2Fv2%2Fmedia&parent=2687"}],"wp:term":[{"taxonomy":"category","embeddable":true,"href":"https:\/\/formalprision.com\/index.php?rest_route=%2Fwp%2Fv2%2Fcategories&post=2687"},{"taxonomy":"post_tag","embeddable":true,"href":"https:\/\/formalprision.com\/index.php?rest_route=%2Fwp%2Fv2%2Ftags&post=2687"}],"curies":[{"name":"wp","href":"https:\/\/api.w.org\/{rel}","templated":true}]}}