{"id":2688,"date":"2014-08-15T22:45:00","date_gmt":"2014-08-15T22:45:00","guid":{"rendered":"http:\/\/formalprision.info\/2014\/08\/15\/respaldan-transparencia-electoral-en\/"},"modified":"2015-06-03T08:36:08","modified_gmt":"2015-06-03T08:36:08","slug":"respaldan-transparencia-electoral-en","status":"publish","type":"post","link":"https:\/\/formalprision.com\/?p=2688","title":{"rendered":"Respaldan transparencia electoral en Yucat\u00e1n"},"content":{"rendered":"<div style=\"font-family: Noteworthy; font-size: 20px; font-weight: bold; line-height: 26px; -webkit-tap-highlight-color: rgba(26, 26, 26, 0.296875); -webkit-composition-fill-color: rgba(130, 98, 83, 0.0976563); -webkit-composition-frame-color: rgba(191, 107, 82, 0.496094); \">M\u00e9rida, Yucat\u00e1n, 15 de agosto de 2014.- En Yucat\u00e1n vamos a seguir trabajando, hombro a hombro, con el Poder Judicial y con los organismos aut\u00f3nomos, para que la justicia electoral contin\u00fae siendo pilar de la democracia de resultados que hoy impera en el territorio nacional, afirm\u00f3 el Gobernador Rolando Zapata Bello al clausurar de las Jornadas de Transparencia Electoral 2014 que se realizan en esta capital.<\/div>\n<div style=\"font-family: Noteworthy; font-size: 20px; font-weight: bold; line-height: 26px; -webkit-tap-highlight-color: rgba(26, 26, 26, 0.296875); -webkit-composition-fill-color: rgba(130, 98, 83, 0.0976563); -webkit-composition-frame-color: rgba(191, 107, 82, 0.496094); \">En el marco de la ceremonia, el mandatario fungi\u00f3 como testigo de la firma de un convenio de colaboraci\u00f3n acad\u00e9mica entre el Tribunal Electoral del Poder Judicial de la Federaci\u00f3n (TEPJF) y los \u00f3rganos garantes de transparencia de los estados de Yucat\u00e1n, Campeche, Chiapas, Oaxaca, Quintana Roo y Veracruz.<\/div>\n<div style=\"font-family: Noteworthy; font-size: 20px; font-weight: bold; line-height: 26px; -webkit-tap-highlight-color: rgba(26, 26, 26, 0.296875); -webkit-composition-fill-color: rgba(130, 98, 83, 0.0976563); -webkit-composition-frame-color: rgba(191, 107, 82, 0.496094); \">Acompa\u00f1ado por el magistrado Presidente del TEPJF, Jos\u00e9 Alejandro Luna Ramos, el titular del Ejecutivo local asegur\u00f3 que la confianza ciudadana es el activo y el capital m\u00e1s valioso con el que se puede contar para alcanzar las grandes metas estatales, regionales y nacionales.<\/div>\n<div style=\"font-family: Noteworthy; font-size: 20px; font-weight: bold; line-height: 26px; -webkit-tap-highlight-color: rgba(26, 26, 26, 0.296875); -webkit-composition-fill-color: rgba(130, 98, 83, 0.0976563); -webkit-composition-frame-color: rgba(191, 107, 82, 0.496094); \">\u201cHe ah\u00ed la importancia de seguir impulsando las acciones que abonen a la transparencia, a la rendici\u00f3n de cuentas y a una gesti\u00f3n y administraci\u00f3n p\u00fablica eficiente y comprometida con el bienestar colectivo\u201d, destac\u00f3 Zapata Bello ante magistradas y magistrados en la materia de la Tercera Circunscripci\u00f3n Electoral, as\u00ed como &nbsp;consejeros presidentes de las instituciones involucradas en el convenio.<\/div>\n<div style=\"font-family: Noteworthy; font-size: 20px; font-weight: bold; line-height: 26px; -webkit-tap-highlight-color: rgba(26, 26, 26, 0.296875); -webkit-composition-fill-color: rgba(130, 98, 83, 0.0976563); -webkit-composition-frame-color: rgba(191, 107, 82, 0.496094); \">Al hacer uso de la palabra, Luna Ramos coment\u00f3 que el acuerdo tiene el prop\u00f3sito de establecer actividades acad\u00e9micas e institucionales dirigidas a difundir la cultura democr\u00e1tica, por lo que el documento es un testimonio de la evoluci\u00f3n de este sistema pol\u00edtico en M\u00e9xico y una garant\u00eda de progresividad.<\/div>\n<div style=\"font-family: Noteworthy; font-size: 20px; font-weight: bold; line-height: 26px; -webkit-tap-highlight-color: rgba(26, 26, 26, 0.296875); -webkit-composition-fill-color: rgba(130, 98, 83, 0.0976563); -webkit-composition-frame-color: rgba(191, 107, 82, 0.496094); \">El magistrado presidente se\u00f1al\u00f3 que el TEPJF ya asumi\u00f3 el principio \u00e9tico de transparencia como eje rector del pr\u00f3ximo proceso electoral, con el fin de generar mayor confianza entre la poblaci\u00f3n y de fortalecer el r\u00e9gimen democr\u00e1tico de libertades del pa\u00eds. &nbsp;&nbsp;<\/div>\n<div style=\"font-family: Noteworthy; font-size: 20px; font-weight: bold; line-height: 26px; -webkit-tap-highlight-color: rgba(26, 26, 26, 0.296875); -webkit-composition-fill-color: rgba(130, 98, 83, 0.0976563); -webkit-composition-frame-color: rgba(191, 107, 82, 0.496094); \">Entre las principales l\u00edneas de trabajo est\u00e1n planear y desarrollar eventos acad\u00e9micos e institucionales, impartir cursos de formaci\u00f3n, brindar actualizaci\u00f3n y capacitaci\u00f3n, as\u00ed como fomentar pr\u00e9stamos interbibliotecarios y aportes a la producci\u00f3n editorial.<\/div>\n<div style=\"font-family: Noteworthy; font-size: 20px; font-weight: bold; line-height: 26px; -webkit-tap-highlight-color: rgba(26, 26, 26, 0.296875); -webkit-composition-fill-color: rgba(130, 98, 83, 0.0976563); -webkit-composition-frame-color: rgba(191, 107, 82, 0.496094); \">Asimismo, implementar estad\u00edas profesionales, organizar concursos sobre investigaci\u00f3n y elaboraci\u00f3n de tesis en la materia y generar acciones para la incorporaci\u00f3n, institucionalizaci\u00f3n y sensibilizaci\u00f3n sobre la perspectiva de g\u00e9nero.<\/div>\n<div style=\"font-family: Noteworthy; font-size: 20px; font-weight: bold; line-height: 26px; -webkit-tap-highlight-color: rgba(26, 26, 26, 0.296875); -webkit-composition-fill-color: rgba(130, 98, 83, 0.0976563); -webkit-composition-frame-color: rgba(191, 107, 82, 0.496094); \">Al evento asistieron el presidente de la Junta de Gobierno y Coordinaci\u00f3n Pol\u00edtica del Congreso local, Luis Hevia Jim\u00e9nez; el magistrado presidente de la Sala Regional Xalapa del TEPJF, Ad\u00edn Antonio de Le\u00f3n G\u00e1lvez, y el consejero presidente del Instituto Estatal de Acceso a la Informaci\u00f3n P\u00fablica (INAIP), \u00c1lvaro Traconis Flores. (Comunicado)<\/p>\n<div class=\"separator\" style=\"clear: both;\"><a href=\"https:\/\/lh6.googleusercontent.com\/-Q6kMDS4LJZw\/U-6NyfB2EKI\/AAAAAAAAi9Y\/PYYp3CF4GBc\/s640\/blogger-image-1491767038.jpg\" imageanchor=\"1\" style=\"margin-left: 1em; margin-right: 1em;\"><img decoding=\"async\" border=\"0\" src=\"https:\/\/lh6.googleusercontent.com\/-Q6kMDS4LJZw\/U-6NyfB2EKI\/AAAAAAAAi9Y\/PYYp3CF4GBc\/s640\/blogger-image-1491767038.jpg\"><\/a><\/div>\n<\/div>\n<div><\/div>\n","protected":false},"excerpt":{"rendered":"<p>M\u00e9rida, Yucat\u00e1n, 15 de agosto de 2014.- En Yucat\u00e1n vamos a seguir trabajando, hombro a hombro, con el Poder Judicial y con los organismos aut\u00f3nomos, para que la justicia electoral<\/p>\n","protected":false},"author":1,"featured_media":15487,"comment_status":"open","ping_status":"open","sticky":false,"template":"","format":"standard","meta":{"jetpack_post_was_ever_published":false,"_jetpack_newsletter_access":"","_jetpack_dont_email_post_to_subs":false,"_jetpack_newsletter_tier_id":0,"_jetpack_memberships_contains_paywalled_content":false,"_jetpack_memberships_contains_paid_content":false,"footnotes":"","jetpack_publicize_message":"","jetpack_publicize_feature_enabled":true,"jetpack_social_post_already_shared":false,"jetpack_social_options":{"image_generator_settings":{"template":"highway","default_image_id":0,"font":"","enabled":false},"version":2}},"categories":[17,1],"tags":[],"class_list":["post-2688","post","type-post","status-publish","format-standard","has-post-thumbnail","hentry","category-politica-y-gobierno","category-sin-categoria"],"jetpack_publicize_connections":[],"jetpack_featured_media_url":"https:\/\/formalprision.com\/wp-content\/uploads\/2014\/08\/blogger-image-1491767038.jpg","jetpack_sharing_enabled":true,"jetpack_shortlink":"https:\/\/wp.me\/p6id8p-Hm","_links":{"self":[{"href":"https:\/\/formalprision.com\/index.php?rest_route=\/wp\/v2\/posts\/2688","targetHints":{"allow":["GET"]}}],"collection":[{"href":"https:\/\/formalprision.com\/index.php?rest_route=\/wp\/v2\/posts"}],"about":[{"href":"https:\/\/formalprision.com\/index.php?rest_route=\/wp\/v2\/types\/post"}],"author":[{"embeddable":true,"href":"https:\/\/formalprision.com\/index.php?rest_route=\/wp\/v2\/users\/1"}],"replies":[{"embeddable":true,"href":"https:\/\/formalprision.com\/index.php?rest_route=%2Fwp%2Fv2%2Fcomments&post=2688"}],"version-history":[{"count":0,"href":"https:\/\/formalprision.com\/index.php?rest_route=\/wp\/v2\/posts\/2688\/revisions"}],"wp:featuredmedia":[{"embeddable":true,"href":"https:\/\/formalprision.com\/index.php?rest_route=\/wp\/v2\/media\/15487"}],"wp:attachment":[{"href":"https:\/\/formalprision.com\/index.php?rest_route=%2Fwp%2Fv2%2Fmedia&parent=2688"}],"wp:term":[{"taxonomy":"category","embeddable":true,"href":"https:\/\/formalprision.com\/index.php?rest_route=%2Fwp%2Fv2%2Fcategories&post=2688"},{"taxonomy":"post_tag","embeddable":true,"href":"https:\/\/formalprision.com\/index.php?rest_route=%2Fwp%2Fv2%2Ftags&post=2688"}],"curies":[{"name":"wp","href":"https:\/\/api.w.org\/{rel}","templated":true}]}}