{"id":2689,"date":"2014-08-15T22:43:00","date_gmt":"2014-08-15T22:43:00","guid":{"rendered":"http:\/\/formalprision.info\/2014\/08\/15\/promueven-oferta-turistica-para\/"},"modified":"2015-06-03T08:36:08","modified_gmt":"2015-06-03T08:36:08","slug":"promueven-oferta-turistica-para","status":"publish","type":"post","link":"https:\/\/formalprision.com\/?p=2689","title":{"rendered":"Promueven oferta tur\u00edstica para trabajadores estatales"},"content":{"rendered":"<div style=\"font-family: Noteworthy; font-size: 20px; font-weight: bold; line-height: 26px; -webkit-tap-highlight-color: rgba(26, 26, 26, 0.296875); -webkit-composition-fill-color: rgba(130, 98, 83, 0.0976563); -webkit-composition-frame-color: rgba(191, 107, 82, 0.496094); \">M\u00e9rida, Yucat\u00e1n, 15 de agosto 2013.-El secretario General de Gobierno, V\u00edctor Caballero Dur\u00e1n, atestigu\u00f3 la firma del convenio entre la Secretar\u00eda de Fomento Tur\u00edstico (SEFOTUR) y la Confederaci\u00f3n Revolucionaria de Obreros y Campesinos (CROC), para instaurar en la entidad el Programa de Cultura, Recreaci\u00f3n y Esparcimiento, iniciativa nacional de dicha Confederaci\u00f3n que impulsa el turismo social entre los trabajadores del organismo y sus familias.<\/div>\n<div style=\"font-family: Noteworthy; font-size: 20px; font-weight: bold; line-height: 26px; -webkit-tap-highlight-color: rgba(26, 26, 26, 0.296875); -webkit-composition-fill-color: rgba(130, 98, 83, 0.0976563); -webkit-composition-frame-color: rgba(191, 107, 82, 0.496094); \">En el marco de dicha firma, Caballero Duran reconoci\u00f3 que la aportaci\u00f3n m\u00e1s importante de esta acci\u00f3n es la posibilidad que da a los trabajadores para alcanzar el bienestar a trav\u00e9s de la convivencia familiar, as\u00ed como con amigos y compa\u00f1eros de trabajo.<\/div>\n<div style=\"font-family: Noteworthy; font-size: 20px; font-weight: bold; line-height: 26px; -webkit-tap-highlight-color: rgba(26, 26, 26, 0.296875); -webkit-composition-fill-color: rgba(130, 98, 83, 0.0976563); -webkit-composition-frame-color: rgba(191, 107, 82, 0.496094); \">\u201cEsto nos da fortaleza como comunidad. No solamente implicar\u00e1 derrama econ\u00f3mica, no solamente implicar\u00e1 turismo para ustedes y para que m\u00e1s gente conozca nuestra entidad, implicar\u00e1 fortalecer a todos ustedes en lo individual y en lo familiar\u201d, expres\u00f3.<\/div>\n<div style=\"font-family: Noteworthy; font-size: 20px; font-weight: bold; line-height: 26px; -webkit-tap-highlight-color: rgba(26, 26, 26, 0.296875); -webkit-composition-fill-color: rgba(130, 98, 83, 0.0976563); -webkit-composition-frame-color: rgba(191, 107, 82, 0.496094); \">El programa, que por primera vez se lleva a cabo en Yucat\u00e1n, ofrece recorridos por importantes destinos tur\u00edsticos de la geograf\u00eda yucateca, mismos que incluyen visitas a playas, museos, cenotes y grutas, entre otros, a precios preferenciales para los trabajadores y sus familias.<\/div>\n<div style=\"font-family: Noteworthy; font-size: 20px; font-weight: bold; line-height: 26px; -webkit-tap-highlight-color: rgba(26, 26, 26, 0.296875); -webkit-composition-fill-color: rgba(130, 98, 83, 0.0976563); -webkit-composition-frame-color: rgba(191, 107, 82, 0.496094); \">As\u00ed mismo, reconoci\u00f3 el trabajo coordinado que realizan la SEFOTUR y su titular, Sa\u00fal Ancona Salazar; el Patronato Cultur y su director General, Enrique Magadan Villamil y el director de Vinculaci\u00f3n y Fomento Empresarial Tur\u00edstico de la SEFOTUR, Irak Greene Marrufo, para avalar iniciativas como este programa que ofrece beneficio real a los trabajadores.<\/div>\n<div style=\"font-family: Noteworthy; font-size: 20px; font-weight: bold; line-height: 26px; -webkit-tap-highlight-color: rgba(26, 26, 26, 0.296875); -webkit-composition-fill-color: rgba(130, 98, 83, 0.0976563); -webkit-composition-frame-color: rgba(191, 107, 82, 0.496094); \">En su turno al habla, Ancona Salazar propuso dar permanencia a la iniciativa, ya que promueve el turismo local &nbsp;y el consumo de la cultura propia del yucateco, al darle acceso a museos, zonas arqueol\u00f3gicas y paradores tur\u00edsticos, en un entorno de sano esparcimiento.<\/div>\n<div style=\"font-family: Noteworthy; font-size: 20px; font-weight: bold; line-height: 26px; -webkit-tap-highlight-color: rgba(26, 26, 26, 0.296875); -webkit-composition-fill-color: rgba(130, 98, 83, 0.0976563); -webkit-composition-frame-color: rgba(191, 107, 82, 0.496094); \">Por su parte, el &nbsp;secretario General de la CROC en Yucat\u00e1n, Pedro Oxt\u00e9 Conrado, explic\u00f3 que el convenio facilitar\u00e1 a las familias que pertenecen al organismo a ejercer su derecho de tener vacaciones pagadas, con valores agregados que promueven no s\u00f3lo el esparcimiento, tambi\u00e9n la uni\u00f3n familiar.<\/div>\n<div style=\"font-family: Noteworthy; font-size: 20px; font-weight: bold; line-height: 26px; -webkit-tap-highlight-color: rgba(26, 26, 26, 0.296875); -webkit-composition-fill-color: rgba(130, 98, 83, 0.0976563); -webkit-composition-frame-color: rgba(191, 107, 82, 0.496094); \">En el acto protocolario, realizado en la Unidad Deportiva de la CROC, en esta capital, Caballero Dur\u00e1n dio el banderazo de salida a los cinco primeros camiones que transportaron a 250 personas cuyo destino fue la visita a atractivos destinos de la entidad como Acanceh, Hom\u00fan, Ticul, Lolt\u00fan, Uxmal, Dzibilchalt\u00fan, Yucalpet\u00e9n, El Corchito, el Parque Acu\u00e1tico y las playas de Progreso.<\/div>\n<div style=\"font-family: Noteworthy; font-size: 20px; font-weight: bold; line-height: 26px; -webkit-tap-highlight-color: rgba(26, 26, 26, 0.296875); -webkit-composition-fill-color: rgba(130, 98, 83, 0.0976563); -webkit-composition-frame-color: rgba(191, 107, 82, 0.496094); \">Asistieron a la firma de este convenio el coordinador Estatal del Programa \u201cTurismo Social CROC\u201d, Jes\u00fas Urbano Aguilar M\u00e9ndez; el presidente de la C\u00e1mara Nacional de Comercio, Servicios y Turismo (Canaco ServyTur) de M\u00e9rida, Jos\u00e9 Manuel L\u00f3pez Campos y la presidenta de la Asociaci\u00f3n de Agencias Promotoras de Turismo de Yucat\u00e1n (Aaprotuy), Rosa Mar\u00eda S\u00e1nchez.(comunicado)<\/p>\n<div class=\"separator\" style=\"clear: both;\"><a href=\"https:\/\/lh5.googleusercontent.com\/-rq4MfA0Fsj4\/U-6M-vucwNI\/AAAAAAAAi9M\/BHwom5EjpIY\/s640\/blogger-image--1066035886.jpg\" imageanchor=\"1\" style=\"margin-left: 1em; margin-right: 1em;\"><img decoding=\"async\" border=\"0\" src=\"https:\/\/lh5.googleusercontent.com\/-rq4MfA0Fsj4\/U-6M-vucwNI\/AAAAAAAAi9M\/BHwom5EjpIY\/s640\/blogger-image--1066035886.jpg\"><\/a><\/div>\n<\/div>\n<div style=\"font-family: Noteworthy; font-size: 20px; font-weight: bold; line-height: 26px; -webkit-tap-highlight-color: rgba(26, 26, 26, 0.296875); -webkit-composition-fill-color: rgba(130, 98, 83, 0.0976563); -webkit-composition-frame-color: rgba(191, 107, 82, 0.496094); \"><\/div>\n","protected":false},"excerpt":{"rendered":"<p>M\u00e9rida, Yucat\u00e1n, 15 de agosto 2013.-El secretario General de Gobierno, V\u00edctor Caballero Dur\u00e1n, atestigu\u00f3 la firma del convenio entre la Secretar\u00eda de Fomento Tur\u00edstico (SEFOTUR) y la Confederaci\u00f3n Revolucionaria de<\/p>\n","protected":false},"author":1,"featured_media":15489,"comment_status":"open","ping_status":"open","sticky":false,"template":"","format":"standard","meta":{"jetpack_post_was_ever_published":false,"_jetpack_newsletter_access":"","_jetpack_dont_email_post_to_subs":false,"_jetpack_newsletter_tier_id":0,"_jetpack_memberships_contains_paywalled_content":false,"_jetpack_memberships_contains_paid_content":false,"footnotes":"","jetpack_publicize_message":"","jetpack_publicize_feature_enabled":true,"jetpack_social_post_already_shared":false,"jetpack_social_options":{"image_generator_settings":{"template":"highway","default_image_id":0,"font":"","enabled":false},"version":2}},"categories":[17,1],"tags":[],"class_list":["post-2689","post","type-post","status-publish","format-standard","has-post-thumbnail","hentry","category-politica-y-gobierno","category-sin-categoria"],"jetpack_publicize_connections":[],"jetpack_featured_media_url":"https:\/\/formalprision.com\/wp-content\/uploads\/2014\/08\/blogger-image-1066035886.jpg","jetpack_sharing_enabled":true,"jetpack_shortlink":"https:\/\/wp.me\/p6id8p-Hn","_links":{"self":[{"href":"https:\/\/formalprision.com\/index.php?rest_route=\/wp\/v2\/posts\/2689","targetHints":{"allow":["GET"]}}],"collection":[{"href":"https:\/\/formalprision.com\/index.php?rest_route=\/wp\/v2\/posts"}],"about":[{"href":"https:\/\/formalprision.com\/index.php?rest_route=\/wp\/v2\/types\/post"}],"author":[{"embeddable":true,"href":"https:\/\/formalprision.com\/index.php?rest_route=\/wp\/v2\/users\/1"}],"replies":[{"embeddable":true,"href":"https:\/\/formalprision.com\/index.php?rest_route=%2Fwp%2Fv2%2Fcomments&post=2689"}],"version-history":[{"count":0,"href":"https:\/\/formalprision.com\/index.php?rest_route=\/wp\/v2\/posts\/2689\/revisions"}],"wp:featuredmedia":[{"embeddable":true,"href":"https:\/\/formalprision.com\/index.php?rest_route=\/wp\/v2\/media\/15489"}],"wp:attachment":[{"href":"https:\/\/formalprision.com\/index.php?rest_route=%2Fwp%2Fv2%2Fmedia&parent=2689"}],"wp:term":[{"taxonomy":"category","embeddable":true,"href":"https:\/\/formalprision.com\/index.php?rest_route=%2Fwp%2Fv2%2Fcategories&post=2689"},{"taxonomy":"post_tag","embeddable":true,"href":"https:\/\/formalprision.com\/index.php?rest_route=%2Fwp%2Fv2%2Ftags&post=2689"}],"curies":[{"name":"wp","href":"https:\/\/api.w.org\/{rel}","templated":true}]}}