{"id":2690,"date":"2014-08-15T22:40:00","date_gmt":"2014-08-15T22:40:00","guid":{"rendered":"http:\/\/formalprision.info\/2014\/08\/15\/niegan-libertad-bajo-fianza-asaltantes\/"},"modified":"2015-06-03T08:36:08","modified_gmt":"2015-06-03T08:36:08","slug":"niegan-libertad-bajo-fianza-asaltantes","status":"publish","type":"post","link":"https:\/\/formalprision.com\/?p=2690","title":{"rendered":"Niegan libertad bajo fianza a asaltantes de un cami\u00f3n urbano"},"content":{"rendered":"<div style=\"font-family: Noteworthy; font-size: 20px; font-weight: bold; line-height: 26px; -webkit-tap-highlight-color: rgba(26, 26, 26, 0.296875); -webkit-composition-fill-color: rgba(130, 98, 83, 0.0976563); -webkit-composition-frame-color: rgba(191, 107, 82, 0.496094); \">Los asaltantes Alan Josu\u00e9 Torres Puerto (a) \u201cChucho\u201d y Oscar Barradas Avil\u00e9s fueron vinculados este d\u00eda a proceso por el atraco a un autob\u00fas urbano, il\u00edcito videograbado por el equipo de la unidad de transporte.<\/div>\n<div style=\"font-family: Noteworthy; font-size: 20px; font-weight: bold; line-height: 26px; -webkit-tap-highlight-color: rgba(26, 26, 26, 0.296875); -webkit-composition-fill-color: rgba(130, 98, 83, 0.0976563); -webkit-composition-frame-color: rgba(191, 107, 82, 0.496094); \">a los dos se les neg\u00f3 el derecho a salir libre bajo fianza.<\/div>\n<div style=\"font-family: Noteworthy; font-size: 20px; font-weight: bold; line-height: 26px; -webkit-tap-highlight-color: rgba(26, 26, 26, 0.296875); -webkit-composition-fill-color: rgba(130, 98, 83, 0.0976563); -webkit-composition-frame-color: rgba(191, 107, 82, 0.496094); \">En una diligencia considerada de puro tr\u00e1mite, la jueza Elsy Villanueva, del Juzgado Segundo de Control del Primer Distrito Judicial del Estado, decret\u00f3 la prisi\u00f3n oficiosa para ambos asaltantes, como medida cautelar.<\/div>\n<div style=\"font-family: Noteworthy; font-size: 20px; font-weight: bold; line-height: 26px; -webkit-tap-highlight-color: rgba(26, 26, 26, 0.296875); -webkit-composition-fill-color: rgba(130, 98, 83, 0.0976563); -webkit-composition-frame-color: rgba(191, 107, 82, 0.496094); \">Fij\u00f3 un mes para el cierre de investigaci\u00f3n por parte del Ministerio P\u00fablico y treinta d\u00edas para la medida cautelar oficiosa de prisi\u00f3n, puesto que el delito de robo con violencia es considerado grave y, por lo tanto, no tienen derecho a salir libres bajo fianza.<\/div>\n<div style=\"font-family: Noteworthy; font-size: 20px; font-weight: bold; line-height: 26px; -webkit-tap-highlight-color: rgba(26, 26, 26, 0.296875); -webkit-composition-fill-color: rgba(130, 98, 83, 0.0976563); -webkit-composition-frame-color: rgba(191, 107, 82, 0.496094); \">Entre las pruebas que se presentaron contra ambos est\u00e1 la declaraci\u00f3n de una testigo que se encontraba en el autob\u00fas y el contenido de un video que grabaron las c\u00e1maras con las que cuenta la unidad de transporte \u00abServicios urbanos Pacabt\u00fan\u00bb<\/div>\n<div style=\"font-family: Noteworthy; font-size: 20px; font-weight: bold; line-height: 26px; -webkit-tap-highlight-color: rgba(26, 26, 26, 0.296875); -webkit-composition-fill-color: rgba(130, 98, 83, 0.0976563); -webkit-composition-frame-color: rgba(191, 107, 82, 0.496094); \">Como se recordar\u00e1, el 7 de agosto pasado, aproximadamente a las 18:30 horas, los dos sujetos llegaron a la calle 12 entre 49 y 51 de la colonia Melchor Ocampo I.<\/div>\n<div style=\"font-family: Noteworthy; font-size: 20px; font-weight: bold; line-height: 26px; -webkit-tap-highlight-color: rgba(26, 26, 26, 0.296875); -webkit-composition-fill-color: rgba(130, 98, 83, 0.0976563); -webkit-composition-frame-color: rgba(191, 107, 82, 0.496094); \">Ah\u00ed abordaron el cami\u00f3n placas 800-898-Y, de la ruta 63 Pacabt\u00fan, conducido por Luis Enrique Novelo Carde\u00f1a.<\/div>\n<div style=\"font-family: Noteworthy; font-size: 20px; font-weight: bold; line-height: 26px; -webkit-tap-highlight-color: rgba(26, 26, 26, 0.296875); -webkit-composition-fill-color: rgba(130, 98, 83, 0.0976563); -webkit-composition-frame-color: rgba(191, 107, 82, 0.496094); \">Enseguida, \u201cChucho\u201d amag\u00f3 con unas tijeras al denunciante y le dijo: \u00abdame todo lo que tienes\u00bb, tomando las monedas de la cajita del dinero y recibiendo del chofer otra parte, siendo un total de &nbsp;1,799 pesos, as\u00ed como los sus lentes de sol y un celular del camionero.<\/div>\n<div style=\"font-family: Noteworthy; font-size: 20px; font-weight: bold; line-height: 26px; -webkit-tap-highlight-color: rgba(26, 26, 26, 0.296875); -webkit-composition-fill-color: rgba(130, 98, 83, 0.0976563); -webkit-composition-frame-color: rgba(191, 107, 82, 0.496094); \">Los pasajeros quisieron intervenir, pero fueron intimidados por &nbsp;Barradas Avil\u00e9s.<\/div>\n<div style=\"font-family: Noteworthy; font-size: 20px; font-weight: bold; line-height: 26px; -webkit-tap-highlight-color: rgba(26, 26, 26, 0.296875); -webkit-composition-fill-color: rgba(130, 98, 83, 0.0976563); -webkit-composition-frame-color: rgba(191, 107, 82, 0.496094); \">Los sujetos huyeron, pero fueron localizados anteayer mi\u00e9rcoles en M\u00e9rida y Chicxulub Pueblo.<\/p>\n<div class=\"separator\" style=\"clear: both;\"><a href=\"https:\/\/lh5.googleusercontent.com\/-1_Y4c4JWKzQ\/U-6MRs4EueI\/AAAAAAAAi9E\/Nc2dMCDnfQk\/s640\/blogger-image-1467786359.jpg\" imageanchor=\"1\" style=\"margin-left: 1em; margin-right: 1em;\"><img decoding=\"async\" border=\"0\" src=\"https:\/\/lh5.googleusercontent.com\/-1_Y4c4JWKzQ\/U-6MRs4EueI\/AAAAAAAAi9E\/Nc2dMCDnfQk\/s640\/blogger-image-1467786359.jpg\"><\/a><\/div>\n<\/div>\n","protected":false},"excerpt":{"rendered":"<p>Los asaltantes Alan Josu\u00e9 Torres Puerto (a) \u201cChucho\u201d y Oscar Barradas Avil\u00e9s fueron vinculados este d\u00eda a proceso por el atraco a un autob\u00fas urbano, il\u00edcito videograbado por el equipo<\/p>\n","protected":false},"author":1,"featured_media":15491,"comment_status":"open","ping_status":"open","sticky":false,"template":"","format":"standard","meta":{"jetpack_post_was_ever_published":false,"_jetpack_newsletter_access":"","_jetpack_dont_email_post_to_subs":false,"_jetpack_newsletter_tier_id":0,"_jetpack_memberships_contains_paywalled_content":false,"_jetpack_memberships_contains_paid_content":false,"footnotes":"","jetpack_publicize_message":"","jetpack_publicize_feature_enabled":true,"jetpack_social_post_already_shared":false,"jetpack_social_options":{"image_generator_settings":{"template":"highway","default_image_id":0,"font":"","enabled":false},"version":2}},"categories":[10,3,1],"tags":[],"class_list":["post-2690","post","type-post","status-publish","format-standard","has-post-thumbnail","hentry","category-lectura-recomendada","category-portada","category-sin-categoria"],"jetpack_publicize_connections":[],"jetpack_featured_media_url":"https:\/\/formalprision.com\/wp-content\/uploads\/2014\/08\/blogger-image-1467786359.jpg","jetpack_sharing_enabled":true,"jetpack_shortlink":"https:\/\/wp.me\/p6id8p-Ho","_links":{"self":[{"href":"https:\/\/formalprision.com\/index.php?rest_route=\/wp\/v2\/posts\/2690","targetHints":{"allow":["GET"]}}],"collection":[{"href":"https:\/\/formalprision.com\/index.php?rest_route=\/wp\/v2\/posts"}],"about":[{"href":"https:\/\/formalprision.com\/index.php?rest_route=\/wp\/v2\/types\/post"}],"author":[{"embeddable":true,"href":"https:\/\/formalprision.com\/index.php?rest_route=\/wp\/v2\/users\/1"}],"replies":[{"embeddable":true,"href":"https:\/\/formalprision.com\/index.php?rest_route=%2Fwp%2Fv2%2Fcomments&post=2690"}],"version-history":[{"count":0,"href":"https:\/\/formalprision.com\/index.php?rest_route=\/wp\/v2\/posts\/2690\/revisions"}],"wp:featuredmedia":[{"embeddable":true,"href":"https:\/\/formalprision.com\/index.php?rest_route=\/wp\/v2\/media\/15491"}],"wp:attachment":[{"href":"https:\/\/formalprision.com\/index.php?rest_route=%2Fwp%2Fv2%2Fmedia&parent=2690"}],"wp:term":[{"taxonomy":"category","embeddable":true,"href":"https:\/\/formalprision.com\/index.php?rest_route=%2Fwp%2Fv2%2Fcategories&post=2690"},{"taxonomy":"post_tag","embeddable":true,"href":"https:\/\/formalprision.com\/index.php?rest_route=%2Fwp%2Fv2%2Ftags&post=2690"}],"curies":[{"name":"wp","href":"https:\/\/api.w.org\/{rel}","templated":true}]}}