{"id":2692,"date":"2014-08-15T18:29:00","date_gmt":"2014-08-15T18:29:00","guid":{"rendered":"http:\/\/formalprision.info\/2014\/08\/15\/pumas-contacta-un-espanol-para-suplir\/"},"modified":"2015-06-03T08:36:08","modified_gmt":"2015-06-03T08:36:08","slug":"pumas-contacta-un-espanol-para-suplir","status":"publish","type":"post","link":"https:\/\/formalprision.com\/?p=2692","title":{"rendered":"Pumas contacta a un espa\u00f1ol para suplir a Jos\u00e9 Luis Trejo"},"content":{"rendered":"<div style=\"font-family: Noteworthy; font-size: 20px; font-weight: bold; line-height: 26px; -webkit-tap-highlight-color: rgba(26, 26, 26, 0.296875); -webkit-composition-fill-color: rgba(130, 98, 83, 0.0976563); -webkit-composition-frame-color: rgba(191, 107, 82, 0.496094); \">\n<div style=\"-webkit-tap-highlight-color: rgba(26, 26, 26, 0.296875); \">\n<div>V\u00edctor Manuel Vucetich es muy caro para el presupuesto que tienen los Pumas para contratar entrenador. El uruguayo Sergio Markari\u00e1n resulta demasiado distante y ajeno, no inspira demasiada confianza. Guillermo V\u00e1zquez Jr parece estar vetado tras haberse atrevido a salir de una manera que no gust\u00f3 ni a la Rector\u00eda ni a la presidencia del Club\u2026<\/div>\n<div>As\u00ed que el equipo universitario tiene que buscarse alternativas\u2026 Ante los malos resultados, cuatro derrotas consecutivas en cinco partidos de la Liga Mx, alguien puso en la mesa del presidente del Patronato, Jorge Borja Navarrete, el nombre de Pako Ayestar\u00e1n.<\/div>\n<div>De inmediato se hicieron del perfil y trayectoria de este hombre, contratado ppor Gripo Pachuca para conseguir el ascenso de los Estudiantes Tecos. Ascenso por cierto que no pudo conseguir, pese a resultar campe\u00f3n el torneo pasado. En la \u201cfinal final\u201d, contra el Campe\u00f3n del torneo anterior, los Leones Negros, sucumbieron en penales, ante un plet\u00f3rico Estadio Jalisco.<\/div>\n<div>Ayestar\u00e1n esperaba que se cumpliera la aparente promesa que le hicieron Jes\u00fas Mart\u00ednez y Andr\u00e9s Fasi, de proyectarlo a la direcci\u00f3n t\u00e9cnica del Pachuca, pero el subcampeonato obtenido por &nbsp;los Tuzos, dirigidos por Enrique Meza, dej\u00f3 la renovaci\u00f3n del \u201cOjitos\u201d como la \u00fanica opci\u00f3n.<\/div>\n<div>Los Estudiantes Tecos dieron paso a otro proyecto el de los Mineros de Zacatecas y al espa\u00f1ol no le interes\u00f3.<\/div>\n<div>As\u00ed que Ayestar\u00e1n regres\u00f3 a Londres, donde ha fijado su residencia. Ah\u00ed los Pumas lo contactaron. Cuando menos se ha registrado ya una conversaci\u00f3n, la ma\u00f1ana mexicana de ayer jueves. Y ahora no s\u00f3lo agrad\u00f3 a Borja Navarrete la trayectoria de este entrenador, sino tambi\u00e9n su personalidad.<\/div>\n<div>La nueva derrota de los Pumas, anoche contra el Le\u00f3n, le dar\u00e1 celeridad a los contactos y negociaciones de las partes. La directiva que preside Borja Navarrete sabe que la situaci\u00f3n de Jos\u00e9 Luis Trejo es insostenible. No s\u00f3lo porque las derrotas siguen, sino por la presi\u00f3n de un numeroso grupo de sus aficionados, que han manifestado abiertamente su repudio para un entrenador que, adem\u00e1s, no colabora nada en mandar un mensaje de calma.<\/div>\n<div>Nada agrad\u00f3 a la directiva la actitud que asumi\u00f3 tras la derrota, al salir a dar su conferencia de prensa. Fue cortante y evasivo. Felicit\u00f3 a sus jugadores y respondi\u00f3 con un simple \u201cS\u00ed\u201d, a la pregunta de si se mantendr\u00eda como entrenador. (La Afici\u00f3n)<\/p>\n<div class=\"separator\" style=\"clear: both;\"><a href=\"https:\/\/lh3.googleusercontent.com\/-jSpwq-Ok2w0\/U-5h073xlFI\/AAAAAAAAi8s\/UXKvoH06vOc\/s640\/blogger-image-1605030050.jpg\" imageanchor=\"1\" style=\"margin-left: 1em; margin-right: 1em;\"><img decoding=\"async\" border=\"0\" src=\"https:\/\/lh3.googleusercontent.com\/-jSpwq-Ok2w0\/U-5h073xlFI\/AAAAAAAAi8s\/UXKvoH06vOc\/s640\/blogger-image-1605030050.jpg\"><\/a><\/div>\n<\/div>\n<div><\/div>\n<\/div>\n<\/div>\n<div style=\"font-family: Noteworthy; font-size: 20px; font-weight: bold; line-height: 26px; -webkit-tap-highlight-color: rgba(26, 26, 26, 0.296875); -webkit-composition-fill-color: rgba(130, 98, 83, 0.0976563); -webkit-composition-frame-color: rgba(191, 107, 82, 0.496094); \"><\/div>\n<div style=\"font-family: Noteworthy; font-size: 20px; font-weight: bold; line-height: 26px; -webkit-tap-highlight-color: rgba(26, 26, 26, 0.296875); -webkit-composition-fill-color: rgba(130, 98, 83, 0.0976563); -webkit-composition-frame-color: rgba(191, 107, 82, 0.496094); \"><\/div>\n","protected":false},"excerpt":{"rendered":"<p>V\u00edctor Manuel Vucetich es muy caro para el presupuesto que tienen los Pumas para contratar entrenador. El uruguayo Sergio Markari\u00e1n resulta demasiado distante y ajeno, no inspira demasiada confianza. Guillermo<\/p>\n","protected":false},"author":1,"featured_media":15495,"comment_status":"open","ping_status":"open","sticky":false,"template":"","format":"standard","meta":{"jetpack_post_was_ever_published":false,"_jetpack_newsletter_access":"","_jetpack_dont_email_post_to_subs":false,"_jetpack_newsletter_tier_id":0,"_jetpack_memberships_contains_paywalled_content":false,"_jetpack_memberships_contains_paid_content":false,"footnotes":"","jetpack_publicize_message":"","jetpack_publicize_feature_enabled":true,"jetpack_social_post_already_shared":false,"jetpack_social_options":{"image_generator_settings":{"template":"highway","default_image_id":0,"font":"","enabled":false},"version":2}},"categories":[4,1],"tags":[],"class_list":["post-2692","post","type-post","status-publish","format-standard","has-post-thumbnail","hentry","category-deportes","category-sin-categoria"],"jetpack_publicize_connections":[],"jetpack_featured_media_url":"https:\/\/formalprision.com\/wp-content\/uploads\/2014\/08\/blogger-image-1605030050.jpg","jetpack_sharing_enabled":true,"jetpack_shortlink":"https:\/\/wp.me\/p6id8p-Hq","_links":{"self":[{"href":"https:\/\/formalprision.com\/index.php?rest_route=\/wp\/v2\/posts\/2692","targetHints":{"allow":["GET"]}}],"collection":[{"href":"https:\/\/formalprision.com\/index.php?rest_route=\/wp\/v2\/posts"}],"about":[{"href":"https:\/\/formalprision.com\/index.php?rest_route=\/wp\/v2\/types\/post"}],"author":[{"embeddable":true,"href":"https:\/\/formalprision.com\/index.php?rest_route=\/wp\/v2\/users\/1"}],"replies":[{"embeddable":true,"href":"https:\/\/formalprision.com\/index.php?rest_route=%2Fwp%2Fv2%2Fcomments&post=2692"}],"version-history":[{"count":0,"href":"https:\/\/formalprision.com\/index.php?rest_route=\/wp\/v2\/posts\/2692\/revisions"}],"wp:featuredmedia":[{"embeddable":true,"href":"https:\/\/formalprision.com\/index.php?rest_route=\/wp\/v2\/media\/15495"}],"wp:attachment":[{"href":"https:\/\/formalprision.com\/index.php?rest_route=%2Fwp%2Fv2%2Fmedia&parent=2692"}],"wp:term":[{"taxonomy":"category","embeddable":true,"href":"https:\/\/formalprision.com\/index.php?rest_route=%2Fwp%2Fv2%2Fcategories&post=2692"},{"taxonomy":"post_tag","embeddable":true,"href":"https:\/\/formalprision.com\/index.php?rest_route=%2Fwp%2Fv2%2Ftags&post=2692"}],"curies":[{"name":"wp","href":"https:\/\/api.w.org\/{rel}","templated":true}]}}