{"id":2693,"date":"2014-08-15T17:53:00","date_gmt":"2014-08-15T17:53:00","guid":{"rendered":"http:\/\/formalprision.info\/2014\/08\/15\/inauguran-la-iv-jornada-regional-sobre\/"},"modified":"2015-06-03T08:36:08","modified_gmt":"2015-06-03T08:36:08","slug":"inauguran-la-iv-jornada-regional-sobre","status":"publish","type":"post","link":"https:\/\/formalprision.com\/?p=2693","title":{"rendered":"Inauguran la IV Jornada Regional sobre Justicia Penal y Derechos Humanos"},"content":{"rendered":"<div style=\"font-family: Noteworthy; font-size: 20px; font-weight: bold; line-height: 26px; -webkit-tap-highlight-color: rgba(26, 26, 26, 0.296875); -webkit-composition-fill-color: rgba(130, 98, 83, 0.0976563); -webkit-composition-frame-color: rgba(191, 107, 82, 0.496094); -webkit-text-size-adjust: auto; \">\n<div style=\"-webkit-tap-highlight-color: rgba(26, 26, 26, 0.296875); -webkit-text-size-adjust: none; \">M\u00e9rida, Yucat\u00e1n, 15 de agosto de 2014.- \u201cGarantizar la justicia penal y respetar los derechos humanos es el binomio que debemos y vamos a seguir consolidando en Yucat\u00e1n, en el Sureste y en todo M\u00e9xico para que el bienestar de las familias y el desarrollo econ\u00f3mico sean una realidad\u201d, asever\u00f3 el Gobernador Rolando Zapata Bello, al inaugurar la IV Jornada Regional sobre Justicia Penal y Derechos Humanos.<\/div>\n<div style=\"-webkit-tap-highlight-color: rgba(26, 26, 26, 0.296875); -webkit-text-size-adjust: none; \">En el encuentro, celebrado en el auditorio \u201cManuel Cepeda Peraza\u201d del edificio central de la Universidad Aut\u00f3noma de Yucat\u00e1n (UADY), el titular del Poder Ejecutivo asegur\u00f3 que en la entidad se cuenta con un conjunto de experiencias, conocimientos y buenas pr\u00e1cticas que contribuyen al cambio de \u00f3ptica en la procuraci\u00f3n e impartici\u00f3n de justicia a nivel nacional.<\/div>\n<div style=\"-webkit-tap-highlight-color: rgba(26, 26, 26, 0.296875); -webkit-text-size-adjust: none; \">\u201cEn Yucat\u00e1n tenemos un capital humano muy bien preparado y capacitado para que el proceso penal contribuya a esclarecer los hechos, proteger al inocente, la reparaci\u00f3n del da\u00f1o y garantizar el respeto irrestricto a los derechos humanos de los ciudadanos, y en esta implementaci\u00f3n plena del nuevo Sistema, el aporte de las instituciones de educaci\u00f3n superior del estado y de los colegios de profesionales es muy importante\u201d, expres\u00f3. &nbsp;<\/div>\n<div style=\"-webkit-tap-highlight-color: rgba(26, 26, 26, 0.296875); -webkit-text-size-adjust: none; \">Acompa\u00f1ado del presidente de la Comisi\u00f3n Nacional de los Derechos Humanos (CNDH), Ra\u00fal Plascencia Villanueva, el mandatario resalt\u00f3 que del mismo modo, los cuerpos de seguridad y las instancias de este tipo act\u00faan de acuerdo con protocolos y atribuciones que reconocen las garant\u00edas de todos y cada uno de los habitantes del territorio.&nbsp;<\/div>\n<div style=\"-webkit-tap-highlight-color: rgba(26, 26, 26, 0.296875); -webkit-text-size-adjust: none; \">Durante su intervenci\u00f3n, el ombudsman se\u00f1al\u00f3 que con acciones de esta naturaleza se busca que el nuevo Sistema de Justicia Penal permita imputar a los responsables de los delitos y se evite criminalizar a quienes son inocentes de toda falta.<\/div>\n<div style=\"-webkit-tap-highlight-color: rgba(26, 26, 26, 0.296875); -webkit-text-size-adjust: none; \">\u201cEn la CNDH tenemos la convicci\u00f3n de que la educaci\u00f3n y el fomento del conocimientos es precisamente una manera de poder aspirar a la construcci\u00f3n de una cultura de la legalidad. Quiero invitarlo (Gobernador) para que sigamos sumando esfuerzos y a m\u00e1s personas. S\u00f3lo as\u00ed podemos arraigar en cada mexicano la conciencia sobre los deberes que tienen para con los dem\u00e1s, y sobre la certidumbre acerca de los derechos que acompa\u00f1an a cada ciudadano\u201d, precis\u00f3. &nbsp;<\/div>\n<div style=\"-webkit-tap-highlight-color: rgba(26, 26, 26, 0.296875); -webkit-text-size-adjust: none; \">Ante la presencia del rector de la UADY, Alfredo D\u00e1jer Abimerhi, el presidente de la Comisi\u00f3n de Derechos Humanos del Estado (Codhey), Jorge Alfonso Victoria Maldonado, destac\u00f3 que los valores que sustentan estas garant\u00edas cobran actualmente m\u00e1s vigencia con el nuevo Sistema de Justicia Penal, pues los principios como la resoluci\u00f3n pac\u00edfica de los conflictos, la mediaci\u00f3n y el respeto se presentan como los grandes temas a enraizar en la sociedad.<\/div>\n<div style=\"-webkit-tap-highlight-color: rgba(26, 26, 26, 0.296875); -webkit-text-size-adjust: none; \">Por lo que toca a las Jornadas que ya se han realizado en Coahuila, Estado de M\u00e9xico y Jalisco, se inform\u00f3 que buscan generar un di\u00e1logo entre los participantes sobre dicha reforma y los retos que presenta. Asimismo, pretenden fortalecer las relaciones de trabajo con los tres Poderes de las entidades involucradas, universidades, colegios de abogados, escuelas y facultades de Derecho, as\u00ed como peritos en criminal\u00edstica.<\/div>\n<div style=\"-webkit-tap-highlight-color: rgba(26, 26, 26, 0.296875); -webkit-text-size-adjust: none; \">Entre los temas a debatir se encuentran las implicaciones del cambio de paradigma en el nuevo Sistema de Justicia Penal, caracter\u00edsticas generales del nuevo C\u00f3digo Nacional de Procedimientos Penales, y modificaci\u00f3n de las relaciones entre las partes en dicho proceso.<\/div>\n<div style=\"-webkit-tap-highlight-color: rgba(26, 26, 26, 0.296875); -webkit-text-size-adjust: none; \">De igual forma, &nbsp;el nuevo enfoque del sistema probatorio, actualidad del respeto a los derechos humanos en el \u00e1mbito judicial y el papel de los mismos, con respecto a las atribuciones actuales del Ministerio P\u00fablico, Polic\u00edas y particulares, entre otros.<\/div>\n<div style=\"-webkit-tap-highlight-color: rgba(26, 26, 26, 0.296875); -webkit-text-size-adjust: none; \">Asistieron al evento, el presidente de la Junta de Gobierno y Coordinaci\u00f3n Pol\u00edtica del Congreso local, Luis Hevia Jim\u00e9nez; &nbsp;la fiscal General del Estado, Celia Mar\u00eda Rivas Rodr\u00edguez, y el subprocurador Especializado en Investigaci\u00f3n de Delitos Federales de la Procuradur\u00eda General de la Rep\u00fablica (PGR), Cleominio Zoreda Novelo.<\/p>\n<div class=\"separator\" style=\"clear: both;\"><a href=\"https:\/\/lh4.googleusercontent.com\/-yQttwMMQcho\/U-5Q1Cb9eyI\/AAAAAAAAi8U\/jT2uFthyEBQ\/s640\/blogger-image--224991531.jpg\" imageanchor=\"1\" style=\"margin-left: 1em; margin-right: 1em;\"><img decoding=\"async\" border=\"0\" src=\"https:\/\/lh4.googleusercontent.com\/-yQttwMMQcho\/U-5Q1Cb9eyI\/AAAAAAAAi8U\/jT2uFthyEBQ\/s640\/blogger-image--224991531.jpg\"><\/a><\/div>\n<\/div>\n<\/div>\n<div style=\"font-family: Noteworthy; font-size: 20px; font-weight: bold; line-height: 26px; -webkit-tap-highlight-color: rgba(26, 26, 26, 0.296875); -webkit-composition-fill-color: rgba(130, 98, 83, 0.0976563); -webkit-composition-frame-color: rgba(191, 107, 82, 0.496094); -webkit-text-size-adjust: auto; \"><\/div>\n<div style=\"font-family: Noteworthy; font-size: 20px; font-weight: bold; line-height: 26px; -webkit-tap-highlight-color: rgba(26, 26, 26, 0.296875); -webkit-composition-fill-color: rgba(130, 98, 83, 0.0976563); -webkit-composition-frame-color: rgba(191, 107, 82, 0.496094); -webkit-text-size-adjust: auto; \"><\/div>\n<div style=\"font-family: Noteworthy; font-size: 20px; font-weight: bold; line-height: 26px; -webkit-tap-highlight-color: rgba(26, 26, 26, 0.296875); -webkit-composition-fill-color: rgba(130, 98, 83, 0.0976563); -webkit-composition-frame-color: rgba(191, 107, 82, 0.496094); -webkit-text-size-adjust: auto; \">\n<div class=\"separator\" style=\"clear: both;\"><\/div>\n<\/div>\n","protected":false},"excerpt":{"rendered":"<p>M\u00e9rida, Yucat\u00e1n, 15 de agosto de 2014.- \u201cGarantizar la justicia penal y respetar los derechos humanos es el binomio que debemos y vamos a seguir consolidando en Yucat\u00e1n, en el<\/p>\n","protected":false},"author":1,"featured_media":15497,"comment_status":"open","ping_status":"open","sticky":false,"template":"","format":"standard","meta":{"jetpack_post_was_ever_published":false,"_jetpack_newsletter_access":"","_jetpack_dont_email_post_to_subs":false,"_jetpack_newsletter_tier_id":0,"_jetpack_memberships_contains_paywalled_content":false,"_jetpack_memberships_contains_paid_content":false,"footnotes":"","jetpack_publicize_message":"","jetpack_publicize_feature_enabled":true,"jetpack_social_post_already_shared":false,"jetpack_social_options":{"image_generator_settings":{"template":"highway","default_image_id":0,"font":"","enabled":false},"version":2}},"categories":[17,1],"tags":[],"class_list":["post-2693","post","type-post","status-publish","format-standard","has-post-thumbnail","hentry","category-politica-y-gobierno","category-sin-categoria"],"jetpack_publicize_connections":[],"jetpack_featured_media_url":"https:\/\/formalprision.com\/wp-content\/uploads\/2014\/08\/blogger-image-224991531.jpg","jetpack_sharing_enabled":true,"jetpack_shortlink":"https:\/\/wp.me\/p6id8p-Hr","_links":{"self":[{"href":"https:\/\/formalprision.com\/index.php?rest_route=\/wp\/v2\/posts\/2693","targetHints":{"allow":["GET"]}}],"collection":[{"href":"https:\/\/formalprision.com\/index.php?rest_route=\/wp\/v2\/posts"}],"about":[{"href":"https:\/\/formalprision.com\/index.php?rest_route=\/wp\/v2\/types\/post"}],"author":[{"embeddable":true,"href":"https:\/\/formalprision.com\/index.php?rest_route=\/wp\/v2\/users\/1"}],"replies":[{"embeddable":true,"href":"https:\/\/formalprision.com\/index.php?rest_route=%2Fwp%2Fv2%2Fcomments&post=2693"}],"version-history":[{"count":0,"href":"https:\/\/formalprision.com\/index.php?rest_route=\/wp\/v2\/posts\/2693\/revisions"}],"wp:featuredmedia":[{"embeddable":true,"href":"https:\/\/formalprision.com\/index.php?rest_route=\/wp\/v2\/media\/15497"}],"wp:attachment":[{"href":"https:\/\/formalprision.com\/index.php?rest_route=%2Fwp%2Fv2%2Fmedia&parent=2693"}],"wp:term":[{"taxonomy":"category","embeddable":true,"href":"https:\/\/formalprision.com\/index.php?rest_route=%2Fwp%2Fv2%2Fcategories&post=2693"},{"taxonomy":"post_tag","embeddable":true,"href":"https:\/\/formalprision.com\/index.php?rest_route=%2Fwp%2Fv2%2Ftags&post=2693"}],"curies":[{"name":"wp","href":"https:\/\/api.w.org\/{rel}","templated":true}]}}