{"id":2694,"date":"2014-08-15T16:53:00","date_gmt":"2014-08-15T16:53:00","guid":{"rendered":"http:\/\/formalprision.info\/2014\/08\/15\/muere-trailero-calcinado-cuando-llegaba\/"},"modified":"2015-06-03T08:36:08","modified_gmt":"2015-06-03T08:36:08","slug":"muere-trailero-calcinado-cuando-llegaba","status":"publish","type":"post","link":"https:\/\/formalprision.com\/?p=2694","title":{"rendered":"Muere trailero calcinado cuando llegaba a M\u00e9rida"},"content":{"rendered":"<div style=\"font-family: Noteworthy; font-size: 20px; font-weight: bold; line-height: 26px; -webkit-tap-highlight-color: rgba(26, 26, 26, 0.296875); -webkit-composition-fill-color: rgba(130, 98, 83, 0.0976563); -webkit-composition-frame-color: rgba(191, 107, 82, 0.496094); \">Edgar Rene Villanueva S\u00e1nchez, de 38 a\u00f1os de edad, falleci\u00f3 esta &nbsp;madrugada al estrellar el trailer que manejaba &nbsp;contra un pilastr\u00f3n del puente de Xtep\u00e9n, Um\u00e1n.<\/div>\n<div style=\"font-family: Noteworthy; font-size: 20px; font-weight: bold; line-height: 26px; -webkit-tap-highlight-color: rgba(26, 26, 26, 0.296875); -webkit-composition-fill-color: rgba(130, 98, 83, 0.0976563); -webkit-composition-frame-color: rgba(191, 107, 82, 0.496094); \">El chofer muri\u00f3 carbonizado al incendiarse el tr\u00e1iler y quedar atrapado dentro.<\/div>\n<div style=\"font-family: Noteworthy; font-size: 20px; font-weight: bold; line-height: 26px; -webkit-tap-highlight-color: rgba(26, 26, 26, 0.296875); -webkit-composition-fill-color: rgba(130, 98, 83, 0.0976563); -webkit-composition-frame-color: rgba(191, 107, 82, 0.496094); \">Se inform\u00f3 que el percance ocurri\u00f3&nbsp;<\/div>\n<div style=\"font-family: Noteworthy; font-size: 20px; font-weight: bold; line-height: 26px; -webkit-tap-highlight-color: rgba(26, 26, 26, 0.296875); -webkit-composition-fill-color: rgba(130, 98, 83, 0.0976563); -webkit-composition-frame-color: rgba(191, 107, 82, 0.496094); \">en el kil\u00f3metro 149 de la carretera M\u00e9rida-Campeche, a unos siete kil\u00f3metros del Perif\u00e9rico<\/div>\n<div style=\"font-family: Noteworthy; font-size: 20px; font-weight: bold; line-height: 26px; -webkit-tap-highlight-color: rgba(26, 26, 26, 0.296875); -webkit-composition-fill-color: rgba(130, 98, 83, 0.0976563); -webkit-composition-frame-color: rgba(191, 107, 82, 0.496094); \">Al parecer el chofer dormit\u00f3, perdi\u00f3 el control del tr\u00e1iler, chocando luego contra el pilastr\u00f3n del puente que va a Muna.<\/div>\n<div style=\"font-family: Noteworthy; font-size: 20px; font-weight: bold; line-height: 26px; -webkit-tap-highlight-color: rgba(26, 26, 26, 0.296875); -webkit-composition-fill-color: rgba(130, 98, 83, 0.0976563); -webkit-composition-frame-color: rgba(191, 107, 82, 0.496094); \">Tras el impacto, la pesada unidad comenz\u00f3 a incendiarse, sin que el conductor pudiera salir de la cabina.<\/div>\n<div style=\"font-family: Noteworthy; font-size: 20px; font-weight: bold; line-height: 26px; -webkit-tap-highlight-color: rgba(26, 26, 26, 0.296875); -webkit-composition-fill-color: rgba(130, 98, 83, 0.0976563); -webkit-composition-frame-color: rgba(191, 107, 82, 0.496094); \">El tr\u00e1iler Freighliner placas 019AS1m del Servicio P\u00fablico Federal, de la empresa Tres Guerras, que llegaba con direcci\u00f3n a M\u00e9rida.<\/div>\n<div style=\"font-family: Noteworthy; font-size: 20px; font-weight: bold; line-height: 26px; -webkit-tap-highlight-color: rgba(26, 26, 26, 0.296875); -webkit-composition-fill-color: rgba(130, 98, 83, 0.0976563); -webkit-composition-frame-color: rgba(191, 107, 82, 0.496094); \">Bomberos de la SSP acudieron al sitio a controlar el incendio y rescatar los restos del chofer.<\/div>\n<div style=\"font-family: Noteworthy; font-size: 20px; font-weight: bold; line-height: 26px; -webkit-tap-highlight-color: rgba(26, 26, 26, 0.296875); -webkit-composition-fill-color: rgba(130, 98, 83, 0.0976563); -webkit-composition-frame-color: rgba(191, 107, 82, 0.496094); \">\n<div class=\"separator\" style=\"clear: both;\"><a href=\"https:\/\/lh6.googleusercontent.com\/-gtYQGv1_uQk\/U-469gzNxcI\/AAAAAAAAi70\/s6Qh17p95ks\/s640\/blogger-image--1971575318.jpg\" imageanchor=\"1\" style=\"margin-left: 1em; margin-right: 1em;\"><img decoding=\"async\" border=\"0\" src=\"https:\/\/lh6.googleusercontent.com\/-gtYQGv1_uQk\/U-469gzNxcI\/AAAAAAAAi70\/s6Qh17p95ks\/s640\/blogger-image--1971575318.jpg\"><\/a><\/div>\n<div class=\"separator\" style=\"clear: both;\">Foto de yucatanahora.com<\/div>\n<\/div>\n","protected":false},"excerpt":{"rendered":"<p>Edgar Rene Villanueva S\u00e1nchez, de 38 a\u00f1os de edad, falleci\u00f3 esta &nbsp;madrugada al estrellar el trailer que manejaba &nbsp;contra un pilastr\u00f3n del puente de Xtep\u00e9n, Um\u00e1n. El chofer muri\u00f3 carbonizado<\/p>\n","protected":false},"author":1,"featured_media":15499,"comment_status":"open","ping_status":"open","sticky":false,"template":"","format":"standard","meta":{"jetpack_post_was_ever_published":false,"_jetpack_newsletter_access":"","_jetpack_dont_email_post_to_subs":false,"_jetpack_newsletter_tier_id":0,"_jetpack_memberships_contains_paywalled_content":false,"_jetpack_memberships_contains_paid_content":false,"footnotes":"","jetpack_publicize_message":"","jetpack_publicize_feature_enabled":true,"jetpack_social_post_already_shared":false,"jetpack_social_options":{"image_generator_settings":{"template":"highway","default_image_id":0,"font":"","enabled":false},"version":2}},"categories":[7,3,1],"tags":[],"class_list":["post-2694","post","type-post","status-publish","format-standard","has-post-thumbnail","hentry","category-breves","category-portada","category-sin-categoria"],"jetpack_publicize_connections":[],"jetpack_featured_media_url":"https:\/\/formalprision.com\/wp-content\/uploads\/2014\/08\/blogger-image-1971575318.jpg","jetpack_sharing_enabled":true,"jetpack_shortlink":"https:\/\/wp.me\/p6id8p-Hs","_links":{"self":[{"href":"https:\/\/formalprision.com\/index.php?rest_route=\/wp\/v2\/posts\/2694","targetHints":{"allow":["GET"]}}],"collection":[{"href":"https:\/\/formalprision.com\/index.php?rest_route=\/wp\/v2\/posts"}],"about":[{"href":"https:\/\/formalprision.com\/index.php?rest_route=\/wp\/v2\/types\/post"}],"author":[{"embeddable":true,"href":"https:\/\/formalprision.com\/index.php?rest_route=\/wp\/v2\/users\/1"}],"replies":[{"embeddable":true,"href":"https:\/\/formalprision.com\/index.php?rest_route=%2Fwp%2Fv2%2Fcomments&post=2694"}],"version-history":[{"count":0,"href":"https:\/\/formalprision.com\/index.php?rest_route=\/wp\/v2\/posts\/2694\/revisions"}],"wp:featuredmedia":[{"embeddable":true,"href":"https:\/\/formalprision.com\/index.php?rest_route=\/wp\/v2\/media\/15499"}],"wp:attachment":[{"href":"https:\/\/formalprision.com\/index.php?rest_route=%2Fwp%2Fv2%2Fmedia&parent=2694"}],"wp:term":[{"taxonomy":"category","embeddable":true,"href":"https:\/\/formalprision.com\/index.php?rest_route=%2Fwp%2Fv2%2Fcategories&post=2694"},{"taxonomy":"post_tag","embeddable":true,"href":"https:\/\/formalprision.com\/index.php?rest_route=%2Fwp%2Fv2%2Ftags&post=2694"}],"curies":[{"name":"wp","href":"https:\/\/api.w.org\/{rel}","templated":true}]}}