{"id":2695,"date":"2014-08-15T05:20:00","date_gmt":"2014-08-15T05:20:00","guid":{"rendered":"http:\/\/formalprision.info\/2014\/08\/15\/inauguran-escuela-de-musica-en-honor\/"},"modified":"2015-06-03T08:36:09","modified_gmt":"2015-06-03T08:36:09","slug":"inauguran-escuela-de-musica-en-honor","status":"publish","type":"post","link":"https:\/\/formalprision.com\/?p=2695","title":{"rendered":"Inauguran escuela de m\u00fasica en honor a Ligia C\u00e1mara"},"content":{"rendered":"<div style=\"font-family: Noteworthy; font-size: 20px; font-weight: bold; line-height: 26px; -webkit-tap-highlight-color: rgba(26, 26, 26, 0.296875); -webkit-composition-fill-color: rgba(130, 98, 83, 0.0976563); -webkit-composition-frame-color: rgba(191, 107, 82, 0.496094); \">M\u00e9rida, Yucat\u00e1n, 14 de agosto de 2014.- El sonido de las notas y los acordes de piezas musicales se volvieron a escuchar en la casa de la desparecida jazzista yucateca, Ligia C\u00e1mara Blum, tras la apertura de la escuela que lleva su nombre, enclavada en el tradicional barrio de Santiago de esta ciudad.<\/div>\n<div style=\"font-family: Noteworthy; font-size: 20px; font-weight: bold; line-height: 26px; -webkit-tap-highlight-color: rgba(26, 26, 26, 0.296875); -webkit-composition-fill-color: rgba(130, 98, 83, 0.0976563); -webkit-composition-frame-color: rgba(191, 107, 82, 0.496094); \">El titular de la Secretar\u00eda de la Cultura y las Artes (Sedeculta), Roger Metri Duarte, realiz\u00f3 esta noche el corte de list\u00f3n inaugural de la instituci\u00f3n, en donde a partir del 25 de agosto pr\u00f3ximo se contribuir\u00e1 a la formaci\u00f3n de nuevas generaciones de m\u00fasicos, la promoci\u00f3n de g\u00e9neros como el jazz y el blues, as\u00ed como la preservaci\u00f3n de la trova.<\/div>\n<div style=\"font-family: Noteworthy; font-size: 20px; font-weight: bold; line-height: 26px; -webkit-tap-highlight-color: rgba(26, 26, 26, 0.296875); -webkit-composition-fill-color: rgba(130, 98, 83, 0.0976563); -webkit-composition-frame-color: rgba(191, 107, 82, 0.496094); \">Acompa\u00f1ado de la directora de dicha escuela y hermana de la fallecida pianista, L\u00eda C\u00e1mara Blum, el funcionario afirm\u00f3 que desde el Gobierno del Estado se tiene muy claro que s\u00f3lo a trav\u00e9s de la educaci\u00f3n se logran mejores estadios de convivencia social.<\/div>\n<div style=\"font-family: Noteworthy; font-size: 20px; font-weight: bold; line-height: 26px; -webkit-tap-highlight-color: rgba(26, 26, 26, 0.296875); -webkit-composition-fill-color: rgba(130, 98, 83, 0.0976563); -webkit-composition-frame-color: rgba(191, 107, 82, 0.496094); \">\u201cY si en ese esfuerzo logramos tener opciones de empleo e ingreso para que m\u00e1s familias yucatecas tengan un mejor estatus econ\u00f3mico es un doble beneficio. Es por eso que reconocemos este loable esfuerzo y lo \u00fanico que nos queda es desearle \u00e9xito a esta naciente instituci\u00f3n\u201d, expres\u00f3. &nbsp;<\/div>\n<div style=\"font-family: Noteworthy; font-size: 20px; font-weight: bold; line-height: 26px; -webkit-tap-highlight-color: rgba(26, 26, 26, 0.296875); -webkit-composition-fill-color: rgba(130, 98, 83, 0.0976563); -webkit-composition-frame-color: rgba(191, 107, 82, 0.496094); \">La ceremonia de apertura de la escuela fue amenizada con la interpretaci\u00f3n musical de la cantante Rub\u00ed, con la melod\u00eda \u201cPara ti\u201d, de la autor\u00eda de la finada compositora y las intervenciones a cargo de los maestros del centro educativo, quienes ejecutaron las piezas \u201cPreludio y fuga\u201d en piano y \u201cConcierto en La menor para viol\u00edn\u201d, ambas &nbsp;de Johann Sebastian Bach. Adem\u00e1s de \u201cMeditaci\u00f3n\u201d de Tha\u00efs Massenet.<\/div>\n<div style=\"font-family: Noteworthy; font-size: 20px; font-weight: bold; line-height: 26px; -webkit-tap-highlight-color: rgba(26, 26, 26, 0.296875); -webkit-composition-fill-color: rgba(130, 98, 83, 0.0976563); -webkit-composition-frame-color: rgba(191, 107, 82, 0.496094); \">Posteriormente, Fernando Leal Conde y su grupo deleitaron a los presentes con \u201cMi M\u00e9rida\u201d y \u201cUna guitarra\u201d.<\/div>\n<div style=\"font-family: Noteworthy; font-size: 20px; font-weight: bold; line-height: 26px; -webkit-tap-highlight-color: rgba(26, 26, 26, 0.296875); -webkit-composition-fill-color: rgba(130, 98, 83, 0.0976563); -webkit-composition-frame-color: rgba(191, 107, 82, 0.496094); \">En su turno, L\u00eda C\u00e1mara Blum se\u00f1al\u00f3 que la m\u00fasica trae paz y amor, por lo que en esta \u00e9poca ante el flagelo que significa la violencia, este tipo de proyectos ayudan a evitar que los ni\u00f1os repitan conductas da\u00f1inas.<\/div>\n<div style=\"font-family: Noteworthy; font-size: 20px; font-weight: bold; line-height: 26px; -webkit-tap-highlight-color: rgba(26, 26, 26, 0.296875); -webkit-composition-fill-color: rgba(130, 98, 83, 0.0976563); -webkit-composition-frame-color: rgba(191, 107, 82, 0.496094); \">Las disciplinas que se impartir\u00e1n en la escuela de m\u00fasica \u201cLigia C\u00e1mara\u201d son piano ac\u00fastico y el\u00e9ctrico a cargo de Aar\u00f3n Cu Fern\u00e1ndez, guitarra cl\u00e1sica y trova tradicional con Fernando Leal, en tanto que Edwin Schirp Maga\u00f1a ense\u00f1ar\u00e1 viol\u00edn cl\u00e1sico en todos los niveles.<\/div>\n<div style=\"font-family: Noteworthy; font-size: 20px; font-weight: bold; line-height: 26px; -webkit-tap-highlight-color: rgba(26, 26, 26, 0.296875); -webkit-composition-fill-color: rgba(130, 98, 83, 0.0976563); -webkit-composition-frame-color: rgba(191, 107, 82, 0.496094); \">A la instituci\u00f3n podr\u00e1n ingresar ni\u00f1os a partir de los siete a\u00f1os y adultos de cualquier edad, quienes asistir\u00e1n en horarios de 15:00 a 20:00 horas de lunes a viernes y los s\u00e1bados de 10:00 a 14:00 horas. Las inscripciones son gratuitas y el costo por clase es de 100 pesos, por lo que los alumnos asistir\u00e1n dos veces por semana.<\/div>\n<div style=\"font-family: Noteworthy; font-size: 20px; font-weight: bold; line-height: 26px; -webkit-tap-highlight-color: rgba(26, 26, 26, 0.296875); -webkit-composition-fill-color: rgba(130, 98, 83, 0.0976563); -webkit-composition-frame-color: rgba(191, 107, 82, 0.496094); \">En el evento estuvieron presentes la directora de Promoci\u00f3n y Difusi\u00f3n Cultural de la Sedeculta, Ana Gabriela G\u00f3mez L\u00f3pez; el director del Museo de la Canci\u00f3n Yucateca, Mario Esquivel R\u00edos; el m\u00fasico cubano, Frank Dom\u00ednguez; el reconocido int\u00e9rprete, Jes\u00fas Armando; y el promotor cultural, Luis P\u00e9rez Sabido, as\u00ed como el empresario radiof\u00f3nico, Luis Rivas Polanco.<\/p>\n<div class=\"separator\" style=\"clear: both;\"><a href=\"https:\/\/lh4.googleusercontent.com\/-hZULKf4GEcg\/U-2YjBjqSJI\/AAAAAAAAi7k\/REhRz-VMwws\/s640\/blogger-image--419026267.jpg\" imageanchor=\"1\" style=\"margin-left: 1em; margin-right: 1em;\"><img decoding=\"async\" border=\"0\" src=\"https:\/\/lh4.googleusercontent.com\/-hZULKf4GEcg\/U-2YjBjqSJI\/AAAAAAAAi7k\/REhRz-VMwws\/s640\/blogger-image--419026267.jpg\"><\/a><\/div>\n<\/div>\n","protected":false},"excerpt":{"rendered":"<p>M\u00e9rida, Yucat\u00e1n, 14 de agosto de 2014.- El sonido de las notas y los acordes de piezas musicales se volvieron a escuchar en la casa de la desparecida jazzista yucateca,<\/p>\n","protected":false},"author":1,"featured_media":15501,"comment_status":"open","ping_status":"open","sticky":false,"template":"","format":"standard","meta":{"jetpack_post_was_ever_published":false,"_jetpack_newsletter_access":"","_jetpack_dont_email_post_to_subs":false,"_jetpack_newsletter_tier_id":0,"_jetpack_memberships_contains_paywalled_content":false,"_jetpack_memberships_contains_paid_content":false,"footnotes":"","jetpack_publicize_message":"","jetpack_publicize_feature_enabled":true,"jetpack_social_post_already_shared":false,"jetpack_social_options":{"image_generator_settings":{"template":"highway","default_image_id":0,"font":"","enabled":false},"version":2}},"categories":[1,49],"tags":[],"class_list":["post-2695","post","type-post","status-publish","format-standard","has-post-thumbnail","hentry","category-sin-categoria","category-tocho-morocho"],"jetpack_publicize_connections":[],"jetpack_featured_media_url":"https:\/\/formalprision.com\/wp-content\/uploads\/2014\/08\/blogger-image-419026267.jpg","jetpack_sharing_enabled":true,"jetpack_shortlink":"https:\/\/wp.me\/p6id8p-Ht","_links":{"self":[{"href":"https:\/\/formalprision.com\/index.php?rest_route=\/wp\/v2\/posts\/2695","targetHints":{"allow":["GET"]}}],"collection":[{"href":"https:\/\/formalprision.com\/index.php?rest_route=\/wp\/v2\/posts"}],"about":[{"href":"https:\/\/formalprision.com\/index.php?rest_route=\/wp\/v2\/types\/post"}],"author":[{"embeddable":true,"href":"https:\/\/formalprision.com\/index.php?rest_route=\/wp\/v2\/users\/1"}],"replies":[{"embeddable":true,"href":"https:\/\/formalprision.com\/index.php?rest_route=%2Fwp%2Fv2%2Fcomments&post=2695"}],"version-history":[{"count":0,"href":"https:\/\/formalprision.com\/index.php?rest_route=\/wp\/v2\/posts\/2695\/revisions"}],"wp:featuredmedia":[{"embeddable":true,"href":"https:\/\/formalprision.com\/index.php?rest_route=\/wp\/v2\/media\/15501"}],"wp:attachment":[{"href":"https:\/\/formalprision.com\/index.php?rest_route=%2Fwp%2Fv2%2Fmedia&parent=2695"}],"wp:term":[{"taxonomy":"category","embeddable":true,"href":"https:\/\/formalprision.com\/index.php?rest_route=%2Fwp%2Fv2%2Fcategories&post=2695"},{"taxonomy":"post_tag","embeddable":true,"href":"https:\/\/formalprision.com\/index.php?rest_route=%2Fwp%2Fv2%2Ftags&post=2695"}],"curies":[{"name":"wp","href":"https:\/\/api.w.org\/{rel}","templated":true}]}}